{"id":26724,"date":"2018-02-03T10:18:42","date_gmt":"2018-02-03T07:18:42","guid":{"rendered":"http:\/\/www.bghaber.org\/bghaber\/?p=26724"},"modified":"2019-07-10T17:55:34","modified_gmt":"2019-07-10T15:55:34","slug":"cumhurbaskani-radev-brukselde","status":"publish","type":"post","link":"https:\/\/www.bghaber.org\/bghaber\/cumhurbaskani-radev-brukselde\/","title":{"rendered":"Cumhurba\u015fkan\u0131 Radev Br\u00fcksel\u2019de"},"content":{"rendered":"<p>Bulgaristan\u2019\u0131n AB Konseyi D\u00f6nem Ba\u015fkanl\u0131\u011f\u0131n\u0131n resmi a\u00e7\u0131l\u0131\u015f t\u00f6reni i\u00e7in Br\u00fcksel\u2019e resmi ziyaret ger\u00e7ekle\u015ftiren Devlet Ba\u015fkan\u0131, AB\u2019nin ba\u015fkentinde bulunan vatanda\u015flar\u0131m\u0131zla bir araya geldi. G\u00f6r\u00fc\u015fmede Cumhurba\u015fkan\u0131 Yard\u0131mc\u0131s\u0131 \u0130liyana Yotova da haz\u0131r bulundu.<\/p>\n<p>Bulgarlar\u0131n kendisine Avrupa g\u00fcvenli\u011finin jeopolitik boyutlar\u0131na dair soru sormalar\u0131 \u00fczerine Radev, \u201cAvrupa\u2019n\u0131n, kom\u015fu olan b\u00fcy\u00fck \u00fclkeler hem Rusya, hem de T\u00fcrkiye ile diyaloga girmesi gerekir\u201d diye belirtti.<\/p>\n<p>Cumhurba\u015fkan\u0131\u2019n\u0131n ifadelerine g\u00f6re Avrupa\u2019n\u0131n, savunma sanayi yeteneklerinin olu\u015fturulmas\u0131na paralel olarak Moskova ve Ankara ile diyalog kurmas\u0131 gerekiyor. Radev, bir\u00e7ok Avrupal\u0131 liderin kendisi gibi b\u00f6yle bir diyalogu memnuniyetle kar\u015f\u0131lad\u0131klar\u0131n\u0131 da a\u00e7\u0131klad\u0131.<\/p>\n<p>Radev, \u201cMuhalefet olmak de\u011fil, ili\u015fkilerimizde \u00e7eli\u015fkilerin ve sorunlar\u0131n kayna\u011f\u0131n\u0131 ara\u015ft\u0131rmal\u0131y\u0131z, sorunlar\u0131 diyalog yoluyla \u00e7\u00f6zmeliyiz, Avrupa\u2019da huzurun ve istikrar\u0131n garantisini verebilmemiz i\u00e7in riski azaltmal\u0131y\u0131z\u201d dedi.<\/p>\n<p>Br\u00fcksel&#8217;deki yurtta\u015flar\u0131m\u0131z, Radev\u2019e Bulgaristan\u2019\u0131n Osmanl\u0131\u2019dan Kurtulu\u015funun 140. y\u0131ld\u00f6n\u00fcm\u00fc dolay\u0131s\u0131yla yap\u0131lacak kutlamalara ili\u015fkin etkinlikler hakk\u0131nda sorular sordular. Devlet Ba\u015fkan\u0131 onlara 3 Mart-Milli Bayram kutlamalar\u0131 vesilesiyle Rusya Ortodoks Kilisesi Patri\u011fi Kiril &#8216;in Bulgaristan&#8217;\u0131 ziyaret etmesi beklendi\u011fini bildirdi.<\/p><div id=\"bghab-832781066\" class=\"bghab-icerik-icine bghab-entity-placement\"><script async src=\"\/\/pagead2.googlesyndication.com\/pagead\/js\/adsbygoogle.js?client=ca-pub-6203283170189293\" crossorigin=\"anonymous\"><\/script><ins class=\"adsbygoogle\" style=\"display:block; text-align:center;\" data-ad-client=\"ca-pub-6203283170189293\" \ndata-ad-slot=\"7303146466\" \ndata-ad-layout=\"in-article\"\ndata-ad-format=\"fluid\" data-full-width-responsive=\"true\"><\/ins>\n<script> \n(adsbygoogle = window.adsbygoogle || []).push({}); \n<\/script>\n<\/div>\n<p>Devlet Ba\u015fkan\u0131, Bulgar kimli\u011fini, k\u00fclt\u00fcr\u00fcn\u00fc ve maneviyat\u0131 Avrupa&#8217;n\u0131n kalbine ta\u015f\u0131d\u0131klar\u0131 i\u00e7in Br\u00fcksel&#8217;deki vatanda\u015flar\u0131m\u0131za te\u015fekk\u00fcr etti.<\/p>\n<p>Radev, \u201cBel\u00e7ika&#8217;daki Bulgar toplulu\u011fu, \u00fclkenin toplum hayat\u0131nda yaln\u0131zca sembolik olarak mevcut de\u011fil. Sizler, bizim kimli\u011fimizi, as\u0131rl\u0131k k\u00fclt\u00fcr\u00fcm\u00fcz\u00fc, geleneklerimizi ve maneviyat\u0131m\u0131z\u0131 Avrupa\u2019n\u0131n kalbine ta\u015f\u0131yorsunuz\u201d diye ifade etti.<\/p>\n<p>D\u00fcnyan\u0131n neresine giderse gitsin daima oradaki yurtta\u015flar\u0131m\u0131zla g\u00f6r\u00fc\u015ft\u00fc\u011f\u00fcn\u00fc hat\u0131rlatan Radev, bunu g\u00f6revi icab\u0131 de\u011fil, memnuniyetle yapt\u0131\u011f\u0131n\u0131 dile getirdi.<\/p>\n<p>Bulgaristan&#8217;\u0131n AB Konseyi D\u00f6nem Ba\u015fkanl\u0131\u011f\u0131n\u0131n bu y\u0131la damgas\u0131n\u0131 vurdu\u011funu hat\u0131rlatan Radev, bunun ka\u00e7\u0131n\u0131lmaz olarak, siyasi s\u00fcre\u00e7ler, tart\u0131\u015fmalar ve idari formaliteler haricinde ayn\u0131 zamanda Bulgaristan\u2019a, yani geleneklerimiz ve tarihimiz \u00fczerinde odaklan\u0131ld\u0131\u011f\u0131 anlam\u0131na geldi\u011fini s\u00f6yledi.<\/p>\n<p>Cumhurba\u015fkan\u0131, &#8220;Bulgarlar ve Avrupal\u0131lar olarak en iyi yanlar\u0131m\u0131z\u0131 g\u00f6stermek boyun borcumuzdur&#8221; dedi.<\/p><div id=\"bghab-425590653\" class=\"bghab-icerik-icine-10-paragraf bghab-entity-placement\"><script async src=\"\/\/pagead2.googlesyndication.com\/pagead\/js\/adsbygoogle.js?client=ca-pub-6203283170189293\" crossorigin=\"anonymous\"><\/script><ins class=\"adsbygoogle\" style=\"display:block; text-align:center;\" data-ad-client=\"ca-pub-6203283170189293\" \ndata-ad-slot=\"7303146466\" \ndata-ad-layout=\"in-article\"\ndata-ad-format=\"fluid\" data-full-width-responsive=\"true\"><\/ins>\n<script> \n(adsbygoogle = window.adsbygoogle || []).push({}); \n<\/script>\n<\/div>\n<p>Devlet Ba\u015fkan\u0131, Bel\u00e7ika&#8217;daki vatanda\u015flar\u0131m\u0131za ve k\u00fclt\u00fcr \u00f6rg\u00fctlerine, Bulgar Ortodoks Kilisesi&#8217;ne, en eski Bulgar okulu olan Peyo Yavorov Okuluna, Ghent ve Antwerpen&#8217;deki okullar\u0131n yan\u0131 s\u0131ra folklor dans gruplar\u0131na Bulgarl\u0131\u011f\u0131 korumak i\u00e7in g\u00f6sterdikleri \u00e7abalar\u0131ndan dolay\u0131 te\u015fekk\u00fcr etti.<\/p>\n<p>&nbsp;<\/p>\n<p>K\u0131rcaali Haber<\/p>\n<div id=\"bghab-3489193383\" class=\"bghab-yazi-altinda bghab-entity-placement\"><script async src=\"https:\/\/pagead2.googlesyndication.com\/pagead\/js\/adsbygoogle.js\"><\/script>\r\n<!-- bghaber-yaz\u0131-sonu -->\r\n<ins class=\"adsbygoogle\"\r\n     style=\"display:block\"\r\n     data-ad-client=\"ca-pub-6203283170189293\"\r\n     data-ad-slot=\"4222328180\"\r\n     data-ad-format=\"auto\"\r\n     data-full-width-responsive=\"true\"><\/ins>\r\n<script>\r\n     (adsbygoogle = window.adsbygoogle || []).push({});\r\n<\/script><\/div><br style=\"clear: both; display: block; float: none;\"\/>","protected":false},"excerpt":{"rendered":"<p>Bulgaristan\u2019\u0131n AB Konseyi D\u00f6nem Ba\u015fkanl\u0131\u011f\u0131n\u0131n resmi a\u00e7\u0131l\u0131\u015f t\u00f6reni i\u00e7in Br\u00fcksel\u2019e resmi ziyaret ger\u00e7ekle\u015ftiren Devlet Ba\u015fkan\u0131, AB\u2019nin ba\u015fkentinde bulunan vatanda\u015flar\u0131m\u0131zla bir araya geldi. G\u00f6r\u00fc\u015fmede Cumhurba\u015fkan\u0131 Yard\u0131mc\u0131s\u0131<\/p>\n","protected":false},"author":29,"featured_media":26725,"comment_status":"closed","ping_status":"closed","sticky":false,"template":"","format":"standard","meta":{"advanced_seo_description":"","jetpack_seo_html_title":"","jetpack_seo_noindex":false,"jetpack_seo_schema_type":"","_jetpack_newsletter_access":"","_jetpack_dont_email_post_to_subs":false,"_jetpack_newsletter_tier_id":0,"_jetpack_memberships_contains_paywalled_content":false,"_jetpack_feature_clip_id":0,"_jetpack_memberships_contains_paid_content":false,"footnotes":"","jetpack_post_was_ever_published":false},"categories":[1,4],"tags":[],"class_list":["post-26724","post","type-post","status-publish","format-standard","has-post-thumbnail","hentry","category-haberler","category-siyaset"],"jetpack_sharing_enabled":true,"jetpack_likes_enabled":true,"jetpack-related-posts":[],"jetpack_shortlink":"https:\/\/wp.me\/pc2PfJ-6X2","jetpack_featured_media_url":"https:\/\/i0.wp.com\/www.bghaber.org\/bghaber\/wp-content\/uploads\/2018\/02\/rumen-radev-iliyana-Yotov-brukselde.jpg?fit=734%2C515&ssl=1","_links":{"self":[{"href":"https:\/\/www.bghaber.org\/bghaber\/wp-json\/wp\/v2\/posts\/26724","targetHints":{"allow":["GET"]}}],"collection":[{"href":"https:\/\/www.bghaber.org\/bghaber\/wp-json\/wp\/v2\/posts"}],"about":[{"href":"https:\/\/www.bghaber.org\/bghaber\/wp-json\/wp\/v2\/types\/post"}],"author":[{"embeddable":true,"href":"https:\/\/www.bghaber.org\/bghaber\/wp-json\/wp\/v2\/users\/29"}],"replies":[{"embeddable":true,"href":"https:\/\/www.bghaber.org\/bghaber\/wp-json\/wp\/v2\/comments?post=26724"}],"version-history":[{"count":0,"href":"https:\/\/www.bghaber.org\/bghaber\/wp-json\/wp\/v2\/posts\/26724\/revisions"}],"wp:featuredmedia":[{"embeddable":true,"href":"https:\/\/www.bghaber.org\/bghaber\/wp-json\/wp\/v2\/media\/26725"}],"wp:attachment":[{"href":"https:\/\/www.bghaber.org\/bghaber\/wp-json\/wp\/v2\/media?parent=26724"}],"wp:term":[{"taxonomy":"category","embeddable":true,"href":"https:\/\/www.bghaber.org\/bghaber\/wp-json\/wp\/v2\/categories?post=26724"},{"taxonomy":"post_tag","embeddable":true,"href":"https:\/\/www.bghaber.org\/bghaber\/wp-json\/wp\/v2\/tags?post=26724"}],"curies":[{"name":"wp","href":"https:\/\/api.w.org\/{rel}","templated":true}]}}