{"id":26717,"date":"2018-02-03T10:07:12","date_gmt":"2018-02-03T07:07:12","guid":{"rendered":"http:\/\/www.bghaber.org\/bghaber\/?p=26717"},"modified":"2019-07-10T17:55:34","modified_gmt":"2019-07-10T15:55:34","slug":"kircaali-belediyesinin-2018-butcesi-kabul-edildi","status":"publish","type":"post","link":"https:\/\/www.bghaber.org\/bghaber\/kircaali-belediyesinin-2018-butcesi-kabul-edildi\/","title":{"rendered":"K\u0131rcaali Belediyesi&#8217;nin 2018 B\u00fct\u00e7esi Kabul Edildi"},"content":{"rendered":"<p>Belediye Meclisi, 31 Ocaktaki oturumunda K\u0131rcaali Belediyesinin 2018 y\u0131l\u0131 i\u00e7in b\u00fct\u00e7esini onaylad\u0131. B\u00fct\u00e7e 24 \u2018kabul\u2019 ve 11 \u2018ret\u2019 ve 5 \u2018\u00e7ekimser\u2019 oy ile kabul edildi. Farkl\u0131 g\u00f6r\u00fc\u015flerin ortaya at\u0131ld\u0131\u011f\u0131 tart\u0131\u015fmalar yakla\u015f\u0131k bir saat s\u00fcrd\u00fc. Yerel meclis trib\u00fcn\u00fcnden belediye meclisinin Reformcu Blok \u00fcyelerinden Radoslav Milev belediye ba\u015fkan\u0131n\u0131 ve ekibini, Avrupa kaynakl\u0131 maddi destek sa\u011flamalar\u0131ndan dolay\u0131 tebrik etti, ancak art\u0131k in\u015faat\u0131 ger\u00e7ekle\u015ftirilen yap\u0131lar\u0131n y\u00f6netimi ile ilgili baz\u0131 taleplerde bulundu. Milev, \u2018Belediye \u00e7\u00f6p ve temizlik \u015firketlerine hala \u00fccretlerini \u00f6demedi, ancak e\u011fitime ayr\u0131lan paralar gibi b\u00fct\u00e7enin olumlu yanlar\u0131 bulundu\u011fundan \u2018\u00e7ekimser\u2019 oy kullanaca\u011f\u0131m\u2019 dedi.<\/p>\n<p>Belediye meclisi BSP \u00fcyelerinden Georgi K\u00fc\u00e7\u00fckov, b\u00fct\u00e7e kabul tart\u0131\u015fmalar\u0131n\u0131 s\u0131k\u0131c\u0131 olarak de\u011ferlendirdi, sebebini ise muhalefetin arg\u00fcmanlar\u0131nda de, belediyenin arg\u00fcmanlar\u0131nda da de\u011fi\u015fen bir \u015fey olmad\u0131\u011f\u0131na ba\u011flad\u0131. K\u00fc\u00e7\u00fckov, \u2018E\u011fitim alan\u0131nda maddi art\u0131\u015flar gibi olumlu y\u00f6nlerine ra\u011fmen, b\u00fct\u00e7ede yer alan harcamalar il\u00e7e vatanda\u015flar\u0131n\u0131n ya\u015fam standard\u0131n\u0131 y\u00fckseltmedi\u011finden grubumuz bu b\u00fct\u00e7eyi desteklemeyecek\u2019 diye konu\u015ftu. K\u00fc\u00e7\u00fckov, m\u00fcd\u00fcrlerinin paralar\u0131 y\u00f6nlendirme konusunda \u00f6zg\u00fcr olabilmeleri i\u00e7in anaokullar\u0131n\u0131n kendi b\u00fct\u00e7elerine sahip olmas\u0131n\u0131 teklif etti.<\/p>\n<p>Belediye meclisi GERB \u00fcyelerinden Ognyan \u0130vanov, harcanacak paran\u0131n yasall\u0131\u011f\u0131n\u0131 g\u00fcndeme getirdi. \u0130vanov, \u2018Her ge\u00e7en y\u0131l ile bor\u00e7lar b\u00fcy\u00fcyor, bu bor\u00e7lar\u0131n nas\u0131l \u00f6denece\u011fini bilmek istiyoruz. Bununla ilgili baz\u0131 politikalar\u0131 uygulama karar\u0131 bekliyoruz, ancak b\u00f6ylelerini g\u00f6remiyoruz. B\u00fct\u00e7ede sokak k\u00f6pekleri ile sorunu \u00e7\u00f6zecek, V\u0131zrojdentsi semtinde anaokulu kuracak, K\u0131rcaali\u2019de \u00e7\u00f6z\u00fcm bekleyen ara\u00e7 park etme sorununa \u00e7\u00f6z\u00fcm getirecek maddi kaynaklar\u0131 g\u00f6remiyoruz\u2019 diye konu\u015ftu.<\/p>\n<p>Belediye meclisinin H\u00d6H \u00fcyelerinden Bayram Bayram, muhalefetin yeni bir \u015feylerin s\u00f6ylemedi\u011finden \u00fcz\u00fcnt\u00fcs\u00fcn\u00fc dile getirdi. Bayram, \u2018Bulundu\u011fumuz binay\u0131 populizm yuvas\u0131na d\u00f6n\u00fc\u015ft\u00fcrmeyelim. S\u0131rf K\u0131rcaali Belediyesinin bor\u00e7lar\u0131 olmad\u0131\u011f\u0131n\u0131 hepimiz biliyoruz. Ancak sermaye listesini g\u00f6zden ge\u00e7irdi\u011fimizde, y\u0131llardan bu yana ilk defa yollar, ayd\u0131nlatma, e\u011fitim gibi alanlarda altyap\u0131ya ayr\u0131lm\u0131\u015f y\u00fcksek miktarda bir para g\u00f6r\u00fcyoruz. Bu b\u00fct\u00e7e dengeli ve yat\u0131r\u0131mlara y\u00f6nelik bir b\u00fct\u00e7edir\u2019 diye konu\u015ftu.<\/p>\n<p>B\u00fct\u00e7e tart\u0131\u015fmalar\u0131 esnas\u0131nda Belediye Ba\u015fkan\u0131 Hasan Azis, \u2018Yap\u0131c\u0131 bir muhalefete ihtiyac\u0131m\u0131z var, reddeden bir muhalefete de\u011fil. Yap\u0131c\u0131 bir muhalefet, yap\u0131lanlar\u0131 kabul eder ve di\u011fer sorunlar\u0131n \u00e7\u00f6z\u00fcm\u00fc i\u00e7in \u00f6neriler sunar\u2019 dedi.<\/p><div id=\"bghab-1842804629\" class=\"bghab-icerik-icine bghab-entity-placement\"><script async src=\"\/\/pagead2.googlesyndication.com\/pagead\/js\/adsbygoogle.js?client=ca-pub-6203283170189293\" crossorigin=\"anonymous\"><\/script><ins class=\"adsbygoogle\" style=\"display:block; text-align:center;\" data-ad-client=\"ca-pub-6203283170189293\" \ndata-ad-slot=\"7303146466\" \ndata-ad-layout=\"in-article\"\ndata-ad-format=\"fluid\" data-full-width-responsive=\"true\"><\/ins>\n<script> \n(adsbygoogle = window.adsbygoogle || []).push({}); \n<\/script>\n<\/div>\n<p>Belediye Ba\u015fkan\u0131, 2018 B\u00fct\u00e7esini, birka\u00e7 y\u00f6nde erken bir geli\u015fim sa\u011flayan g\u00fc\u00e7l\u00fc yat\u0131r\u0131m b\u00fct\u00e7esi olarak de\u011ferlendirdi. Azis \u015funlar\u0131n alt\u0131n\u0131 da \u00e7izdi: \u2018Bor\u00e7lanmaya, aktif bir yat\u0131r\u0131m program\u0131yla yan\u0131t veriyoruz, \u00e7\u00fcnk\u00fc ek maddi kaynak sa\u011flamak i\u00e7in tek do\u011fru y\u00f6ntem yat\u0131r\u0131m s\u00fcrecini etkin hale getirmektir.\u2019 Bununla ilgili olarak Hasan Azis, e\u011fitim altyap\u0131s\u0131na \u00f6ng\u00f6r\u00fclen 15 milyon levay\u0131 \u00f6rnek verdi ve \u015funlar\u0131 ilave etti: \u2018AB\u2019den sa\u011flamay\u0131 ba\u015fard\u0131\u011f\u0131m\u0131z 20 milyon levam\u0131z var, bu rakam ise neredeyse h\u00fck\u00fcmetten ald\u0131\u011f\u0131m\u0131z hedef maddi deste\u011fe yakla\u015fmaktad\u0131r. Devlet faaliyetlerine 2 milyon leva belediye paras\u0131yla ek maddi destek sa\u011fl\u0131yoruz.\u2019<\/p>\n<p>Belediye Ba\u015fkan\u0131 59 100 000 leva de\u011ferinde olan 2018 B\u00fct\u00e7esinin mali boyutlar\u0131n\u0131 tan\u0131tt\u0131. Ge\u00e7en y\u0131la k\u0131yasla bu y\u0131l art\u0131\u015f\u0131 %19\u2019dur. Yakla\u015f\u0131k 25 milyon leva, yani b\u00fct\u00e7enin %41\u2019i e\u011fitim alan\u0131na y\u00f6nlendirilecektir; %31\u2019i, yani 18,4 milyon leva konut in\u015faatlar\u0131 ve \u00e7evre korumaya ayr\u0131lm\u0131\u015ft\u0131r. Sosyal g\u00fcvence, destek ve hizmetler i\u00e7in 1,7 milyon leva; sa\u011fl\u0131k alan\u0131 i\u00e7in ise bir milyon leva \u00fczerinde maddi destek sa\u011flanm\u0131\u015ft\u0131r. 2018 y\u0131l\u0131nda K\u0131rcaali Belediyesinin Yat\u0131r\u0131m Program\u0131 i\u00e7in yakla\u015f\u0131k 11 500 000 leva ayr\u0131lm\u0131\u015ft\u0131r. Cumhuriyet B\u00fct\u00e7esinden al\u0131nan hedef s\u00fcbvansiyon 2 500 000 levad\u0131r. Sermaye listesinde yer alan yat\u0131r\u0131m alan\u0131 say\u0131s\u0131 95&#8217;tir. Belediye, 2018 y\u0131l\u0131nda 8 300 000 leva getirecek olan AB programlar\u0131nca 8 proje kazanm\u0131\u015ft\u0131r.<\/p>\n<p>&nbsp;<\/p>\n<p>K\u0131rcaali Belediyesi<\/p>\n<div id=\"bghab-1191899894\" class=\"bghab-yazi-altinda bghab-entity-placement\"><script async src=\"https:\/\/pagead2.googlesyndication.com\/pagead\/js\/adsbygoogle.js\"><\/script>\r\n<!-- bghaber-yaz\u0131-sonu -->\r\n<ins class=\"adsbygoogle\"\r\n     style=\"display:block\"\r\n     data-ad-client=\"ca-pub-6203283170189293\"\r\n     data-ad-slot=\"4222328180\"\r\n     data-ad-format=\"auto\"\r\n     data-full-width-responsive=\"true\"><\/ins>\r\n<script>\r\n     (adsbygoogle = window.adsbygoogle || []).push({});\r\n<\/script><\/div><br style=\"clear: both; display: block; float: none;\"\/>","protected":false},"excerpt":{"rendered":"<p>Belediye Meclisi, 31 Ocaktaki oturumunda K\u0131rcaali Belediyesinin 2018 y\u0131l\u0131 i\u00e7in b\u00fct\u00e7esini onaylad\u0131. B\u00fct\u00e7e 24 \u2018kabul\u2019 ve 11 \u2018ret\u2019 ve 5 \u2018\u00e7ekimser\u2019 oy ile kabul edildi.<\/p>\n","protected":false},"author":29,"featured_media":5450,"comment_status":"closed","ping_status":"closed","sticky":false,"template":"","format":"standard","meta":{"advanced_seo_description":"","jetpack_seo_html_title":"","jetpack_seo_noindex":false,"jetpack_seo_schema_type":"","_jetpack_newsletter_access":"","_jetpack_dont_email_post_to_subs":false,"_jetpack_newsletter_tier_id":0,"_jetpack_memberships_contains_paywalled_content":false,"_jetpack_feature_clip_id":0,"_jetpack_memberships_contains_paid_content":false,"footnotes":"","jetpack_post_was_ever_published":false},"categories":[9],"tags":[],"class_list":["post-26717","post","type-post","status-publish","format-standard","has-post-thumbnail","hentry","category-ekonomi"],"jetpack_sharing_enabled":true,"jetpack_likes_enabled":true,"jetpack-related-posts":[],"jetpack_shortlink":"https:\/\/wp.me\/pc2PfJ-6WV","jetpack_featured_media_url":"https:\/\/i0.wp.com\/www.bghaber.org\/bghaber\/wp-content\/uploads\/2013\/08\/kircaali-belediyesi.jpg?fit=600%2C400&ssl=1","_links":{"self":[{"href":"https:\/\/www.bghaber.org\/bghaber\/wp-json\/wp\/v2\/posts\/26717","targetHints":{"allow":["GET"]}}],"collection":[{"href":"https:\/\/www.bghaber.org\/bghaber\/wp-json\/wp\/v2\/posts"}],"about":[{"href":"https:\/\/www.bghaber.org\/bghaber\/wp-json\/wp\/v2\/types\/post"}],"author":[{"embeddable":true,"href":"https:\/\/www.bghaber.org\/bghaber\/wp-json\/wp\/v2\/users\/29"}],"replies":[{"embeddable":true,"href":"https:\/\/www.bghaber.org\/bghaber\/wp-json\/wp\/v2\/comments?post=26717"}],"version-history":[{"count":0,"href":"https:\/\/www.bghaber.org\/bghaber\/wp-json\/wp\/v2\/posts\/26717\/revisions"}],"wp:featuredmedia":[{"embeddable":true,"href":"https:\/\/www.bghaber.org\/bghaber\/wp-json\/wp\/v2\/media\/5450"}],"wp:attachment":[{"href":"https:\/\/www.bghaber.org\/bghaber\/wp-json\/wp\/v2\/media?parent=26717"}],"wp:term":[{"taxonomy":"category","embeddable":true,"href":"https:\/\/www.bghaber.org\/bghaber\/wp-json\/wp\/v2\/categories?post=26717"},{"taxonomy":"post_tag","embeddable":true,"href":"https:\/\/www.bghaber.org\/bghaber\/wp-json\/wp\/v2\/tags?post=26717"}],"curies":[{"name":"wp","href":"https:\/\/api.w.org\/{rel}","templated":true}]}}