{"id":26714,"date":"2018-02-03T10:05:53","date_gmt":"2018-02-03T07:05:53","guid":{"rendered":"http:\/\/www.bghaber.org\/bghaber\/?p=26714"},"modified":"2019-07-10T17:55:34","modified_gmt":"2019-07-10T15:55:34","slug":"sut-ureticilerinden-ikinci-bir-fiyat-protestosu","status":"publish","type":"post","link":"https:\/\/www.bghaber.org\/bghaber\/sut-ureticilerinden-ikinci-bir-fiyat-protestosu\/","title":{"rendered":"S\u00fct \u00fcreticilerinden ikinci bir fiyat protestosu"},"content":{"rendered":"<p>Ge\u00e7en hafta protesto g\u00f6sterisi yapan \u00e7iftlik sahipleri, bug\u00fcn Yunanistan\u2019a uzanan K\u0131rcaali-Makas S\u0131n\u0131r Kap\u0131s\u0131 uluslararas\u0131 karayolunda yeni bir protesto yapt\u0131lar. Protestocular, yetkili makamlar\u0131n yasa\u011f\u0131na ra\u011fmen birka\u00e7 dakikal\u0131\u011f\u0131na yolu trafi\u011fe kapatmay\u0131 ba\u015fard\u0131lar. \u201cMand\u0131ralar s\u00fct\u00fcm\u00fcz\u00fc alm\u0131yor, aralar\u0131nda bir kartel var\u201d diye yak\u0131nan protestocular, Gluhar (Sa\u011f\u0131rlar) k\u00f6y\u00fc yolunun ayr\u0131ld\u0131\u011f\u0131 noktada ana yoldaki yaya ge\u00e7idini say\u0131s\u0131z kez kullanarak, polislerin d\u00fczenleme te\u015febb\u00fcslerine ra\u011fmen trafi\u011fi durdurdular.<\/p>\n<p>Polisle protestocular aras\u0131nda ciddi bir \u00e7at\u0131\u015fma ya\u015fanmad\u0131.<\/p>\n<p>Bug\u00fcnk\u00fc protesto, onlar\u0131n bir haftal\u0131k s\u00fcre i\u00e7inde ikinci protesto eylemidir. Hayvan \u00fcreticileri, 3 say\u0131l\u0131 y\u00f6netmeli\u011fin iptal edilmesini \u0131srar etmekteler. Bu y\u00f6netmelik, hayvan ba\u015f\u0131na verilen destek yerine s\u00fcbvansiyon almak i\u00e7in bir ko\u015ful olarak \u00fcretilen s\u00fct\u00fcn kan\u0131tlanmas\u0131n\u0131 gerektiriyor.<\/p>\n<p>3 say\u0131l\u0131 y\u00f6netmeli\u011fin iptal edilmesinden ba\u015fka bu defa protestocular, ayr\u0131ca \u00fcreticilerin s\u00fct\u00fcn\u00fc sat\u0131n almay\u0131 ve fatura vermeyi \u00e7o\u011funlukla reddeden mand\u0131ralar\u0131n \u00e7al\u0131\u015fmalar\u0131n\u0131n s\u0131k\u0131 bir \u015fekilde kontrol edilmesini talep ettiler.<\/p>\n<p>Hayvan \u00fcreticileri, \u201cB\u00f6ylece 3 say\u0131l\u0131 y\u00f6netmeli\u011fin \u00f6ng\u00f6rd\u00fc\u011f\u00fc \u00fcretilen s\u00fct miktar\u0131n\u0131 ispatlayam\u0131yoruz ve bundan dolay\u0131 \u00e7ok az miktarda s\u00fcbvansiyon alabiliyoruz\u201d diye yak\u0131nd\u0131lar.<\/p><div id=\"bghab-3695735985\" class=\"bghab-icerik-icine bghab-entity-placement\"><script async src=\"\/\/pagead2.googlesyndication.com\/pagead\/js\/adsbygoogle.js?client=ca-pub-6203283170189293\" crossorigin=\"anonymous\"><\/script><ins class=\"adsbygoogle\" style=\"display:block; text-align:center;\" data-ad-client=\"ca-pub-6203283170189293\" \ndata-ad-slot=\"7303146466\" \ndata-ad-layout=\"in-article\"\ndata-ad-format=\"fluid\" data-full-width-responsive=\"true\"><\/ins>\n<script> \n(adsbygoogle = window.adsbygoogle || []).push({}); \n<\/script>\n<\/div>\n<p>Mand\u0131ralar aras\u0131nda bir kartel oldu\u011funa dair kanaatini dile getirdiler, ancak devletin i\u015flerini kontrol edecek bir mekanizmas\u0131 olmad\u0131\u011f\u0131n\u0131 ileri s\u00fcrd\u00fcler.<\/p>\n<p>Protestocular, ayr\u0131ca s\u00fct\u00fcn d\u00fc\u015f\u00fck fiyata al\u0131nmas\u0131ndan dolay\u0131 devletin litre ba\u015f\u0131na kalan miktar\u0131 \u00f6demesini \u0131srar ediyorlar. B\u00f6lgede bir litre s\u00fct\u00fcn fiyat\u0131 50 stotinka. \u00dcreticiler, s\u00fct\u00fcn ger\u00e7ek fiyat\u0131n\u0131n 70 stotinkadan fazla oldu\u011funu s\u00f6yl\u00fcyorlar.<\/p>\n<p>Hayvan \u00fcreticileri, ulusal protesto d\u00fczenlemek i\u00e7in imza toplama kampanyas\u0131 ba\u015flatt\u0131lar. Onlar, bunun iki hafta i\u00e7inde olabilece\u011fini d\u00fc\u015f\u00fcn\u00fcyorlar. Bu zaman zarf\u0131nda hayvan \u00fcreticilerinin bir dermek kurup tescil kayd\u0131n\u0131 yapt\u0131racaklar\u0131 anla\u015f\u0131ld\u0131.<\/p>\n<p>Bu arada protesto Organizasyon Komitesi temsilcilerinin d\u00fcn K\u0131rcaali \u0130l Tar\u0131m M\u00fcd\u00fcrl\u00fc\u011f\u00fcnde Tar\u0131m Bakanl\u0131\u011f\u0131nda g\u00f6revli uzmanlarla g\u00f6r\u00fc\u015ft\u00fckleri bildirildi. G\u00f6r\u00fc\u015fmede s\u00fcbvansiyon almak i\u00e7in bir ko\u015ful olarak s\u00fct \u00fcretiminin kan\u0131tlanmas\u0131n\u0131 d\u00fczenleyen 3 say\u0131l\u0131 y\u00f6netmelikte de\u011fi\u015fiklikler yap\u0131lmas\u0131 konu\u015fuldu\u011fu belirtildi.<\/p>\n<p>&nbsp;<\/p>\n<p>K\u0131rcaali Haber<\/p><div id=\"bghab-562698367\" class=\"bghab-icerik-icine-10-paragraf bghab-entity-placement\"><script async src=\"\/\/pagead2.googlesyndication.com\/pagead\/js\/adsbygoogle.js?client=ca-pub-6203283170189293\" crossorigin=\"anonymous\"><\/script><ins class=\"adsbygoogle\" style=\"display:block; text-align:center;\" data-ad-client=\"ca-pub-6203283170189293\" \ndata-ad-slot=\"7303146466\" \ndata-ad-layout=\"in-article\"\ndata-ad-format=\"fluid\" data-full-width-responsive=\"true\"><\/ins>\n<script> \n(adsbygoogle = window.adsbygoogle || []).push({}); \n<\/script>\n<\/div>\n<div id=\"bghab-4265399713\" class=\"bghab-yazi-altinda bghab-entity-placement\"><script async src=\"https:\/\/pagead2.googlesyndication.com\/pagead\/js\/adsbygoogle.js\"><\/script>\r\n<!-- bghaber-yaz\u0131-sonu -->\r\n<ins class=\"adsbygoogle\"\r\n     style=\"display:block\"\r\n     data-ad-client=\"ca-pub-6203283170189293\"\r\n     data-ad-slot=\"4222328180\"\r\n     data-ad-format=\"auto\"\r\n     data-full-width-responsive=\"true\"><\/ins>\r\n<script>\r\n     (adsbygoogle = window.adsbygoogle || []).push({});\r\n<\/script><\/div><br style=\"clear: both; display: block; float: none;\"\/>","protected":false},"excerpt":{"rendered":"<p>Ge\u00e7en hafta protesto g\u00f6sterisi yapan \u00e7iftlik sahipleri, bug\u00fcn Yunanistan\u2019a uzanan K\u0131rcaali-Makas S\u0131n\u0131r Kap\u0131s\u0131 uluslararas\u0131 karayolunda yeni bir protesto yapt\u0131lar. Protestocular, yetkili makamlar\u0131n yasa\u011f\u0131na ra\u011fmen birka\u00e7<\/p>\n","protected":false},"author":29,"featured_media":26716,"comment_status":"closed","ping_status":"closed","sticky":false,"template":"","format":"standard","meta":{"advanced_seo_description":"","jetpack_seo_html_title":"","jetpack_seo_noindex":false,"jetpack_seo_schema_type":"","_jetpack_newsletter_access":"","_jetpack_dont_email_post_to_subs":false,"_jetpack_newsletter_tier_id":0,"_jetpack_memberships_contains_paywalled_content":false,"_jetpack_feature_clip_id":0,"_jetpack_memberships_contains_paid_content":false,"footnotes":"","jetpack_post_was_ever_published":false},"categories":[9],"tags":[],"class_list":["post-26714","post","type-post","status-publish","format-standard","has-post-thumbnail","hentry","category-ekonomi"],"jetpack_sharing_enabled":true,"jetpack_likes_enabled":true,"jetpack-related-posts":[],"jetpack_shortlink":"https:\/\/wp.me\/pc2PfJ-6WS","jetpack_featured_media_url":"https:\/\/i0.wp.com\/www.bghaber.org\/bghaber\/wp-content\/uploads\/2018\/02\/sut-ureticileri-ikinci-protesto.jpg?fit=750%2C421&ssl=1","_links":{"self":[{"href":"https:\/\/www.bghaber.org\/bghaber\/wp-json\/wp\/v2\/posts\/26714","targetHints":{"allow":["GET"]}}],"collection":[{"href":"https:\/\/www.bghaber.org\/bghaber\/wp-json\/wp\/v2\/posts"}],"about":[{"href":"https:\/\/www.bghaber.org\/bghaber\/wp-json\/wp\/v2\/types\/post"}],"author":[{"embeddable":true,"href":"https:\/\/www.bghaber.org\/bghaber\/wp-json\/wp\/v2\/users\/29"}],"replies":[{"embeddable":true,"href":"https:\/\/www.bghaber.org\/bghaber\/wp-json\/wp\/v2\/comments?post=26714"}],"version-history":[{"count":0,"href":"https:\/\/www.bghaber.org\/bghaber\/wp-json\/wp\/v2\/posts\/26714\/revisions"}],"wp:featuredmedia":[{"embeddable":true,"href":"https:\/\/www.bghaber.org\/bghaber\/wp-json\/wp\/v2\/media\/26716"}],"wp:attachment":[{"href":"https:\/\/www.bghaber.org\/bghaber\/wp-json\/wp\/v2\/media?parent=26714"}],"wp:term":[{"taxonomy":"category","embeddable":true,"href":"https:\/\/www.bghaber.org\/bghaber\/wp-json\/wp\/v2\/categories?post=26714"},{"taxonomy":"post_tag","embeddable":true,"href":"https:\/\/www.bghaber.org\/bghaber\/wp-json\/wp\/v2\/tags?post=26714"}],"curies":[{"name":"wp","href":"https:\/\/api.w.org\/{rel}","templated":true}]}}