{"id":26711,"date":"2018-02-01T19:30:24","date_gmt":"2018-02-01T16:30:24","guid":{"rendered":"http:\/\/www.bghaber.org\/bghaber\/?p=26711"},"modified":"2019-07-10T17:55:34","modified_gmt":"2019-07-10T15:55:34","slug":"rusalsko-ve-lubino-muhtarlari-koy-yolunun-acilen-onarilmasini-talep-etti","status":"publish","type":"post","link":"https:\/\/www.bghaber.org\/bghaber\/rusalsko-ve-lubino-muhtarlari-koy-yolunun-acilen-onarilmasini-talep-etti\/","title":{"rendered":"Rusalsko ve L\u00fcbino muhtarlar\u0131, k\u00f6y yolunun acilen onar\u0131lmas\u0131n\u0131 talep etti"},"content":{"rendered":"<p>Ardino (E\u011fridere) \u0130l\u00e7esi\u2019nin Rusalsko (Hota\u015fl\u0131) ve L\u00fcbino (\u00d6merler) k\u00f6ylerinin muhtarlar\u0131 \u0130smet Mustafa ve S\u0131dk\u0131 Ahmet, Karayollar\u0131 K\u0131rcaali \u0130l M\u00fcd\u00fcrl\u00fc\u011f\u00fc ve Yol Altyap\u0131s\u0131 Kurumu taraf\u0131ndan Arda Nehri \u00fczerindeki k\u00f6pr\u00fcden Dolna Spoluka (K\u00f6\u00e7ekler) k\u00f6y\u00fc y\u00f6n\u00fcndeki 4 kilometrelik yolun yeniden in\u015fas\u0131 ve onar\u0131m\u0131 i\u00e7in acil \u00f6nlemler al\u0131nmas\u0131n\u0131 \u0131srar etmekteler.<\/p>\n<p>K\u00f6y muhtarlar\u0131, \u201cBu yol onlarca y\u0131ld\u0131r tamir edilmedi. \u0130nsanlar araba ile kendi k\u00f6ylerine gidemiyor. K\u00fc\u00e7\u00fck yerle\u015fim yerlerinin sakinleri bizler de normal yollara sahip olmak istiyoruz\u201d diye belirttiler. Muhtarlar, \u00fc\u00e7\u00fcnc\u00fc s\u0131n\u0131f ulusal karayolu olan Kobilyane (Ma\u015fk\u0131l\u0131)- Brezen (Halla\u00e7dere)- Borovitsa (\u00c7amdere)-Dolna Spoluka yol kesiminde bir\u00e7ok yerde delikler olu\u015ftu\u011funu ve acil olarak onar\u0131lmas\u0131na ihtiya\u00e7 duyuldu\u011funu kaydetti. Muhtarlar, ciddi maddi hasar olu\u015fan trafik kazalar\u0131n\u0131n meydana geldi\u011fini ve bug\u00fcne kadar can kayb\u0131 olmamas\u0131n\u0131n bir \u015fans meselesi oldu\u011funu belirtti.<\/p>\n<p>2014 y\u0131l\u0131ndan beri Ardino Belediye Ba\u015fkan\u0131 Resmi Murat, Karayollar\u0131 K\u0131rcaali \u0130l M\u00fcd\u00fcrl\u00fc\u011f\u00fc ve Yol Altyap\u0131s\u0131 Kurumu\u2019na yolun yeniden in\u015fas\u0131 ve onar\u0131m\u0131 i\u00e7in tedbirler al\u0131nmas\u0131 i\u00e7in onlarca mektup g\u00f6nderdi, ancak hen\u00fcz harekete ge\u00e7ilmedi.<\/p>\n<p>Yolun \u015fimdiki durumu \u00e7ok k\u00f6t\u00fc, bir\u00e7ok delik ve araba izleri olu\u015fmu\u015ftur ve neredeyse kullan\u0131lmaz haldedir.<\/p>\n<p>Bilindi\u011fi gibi, bu k\u00f6y n\u00fcfusu yakla\u015f\u0131k 5000 ki\u015fiye ula\u015fan 9 yerle\u015fim yerine, iki otele ve Hladilnika Su Elektrik Santraline hizmet veriyor. Yol kesiminin genel tamirat\u0131 yap\u0131lmas\u0131 ve tamamen yeniden in\u015fas\u0131 ve onar\u0131m\u0131 \u015fartt\u0131r.<\/p><div id=\"bghab-3923738619\" class=\"bghab-icerik-icine bghab-entity-placement\"><script async src=\"\/\/pagead2.googlesyndication.com\/pagead\/js\/adsbygoogle.js?client=ca-pub-6203283170189293\" crossorigin=\"anonymous\"><\/script><ins class=\"adsbygoogle\" style=\"display:block; text-align:center;\" data-ad-client=\"ca-pub-6203283170189293\" \ndata-ad-slot=\"7303146466\" \ndata-ad-layout=\"in-article\"\ndata-ad-format=\"fluid\" data-full-width-responsive=\"true\"><\/ins>\n<script> \n(adsbygoogle = window.adsbygoogle || []).push({}); \n<\/script>\n<\/div>\n<p>&nbsp;<\/p>\n<p>K\u0131rcaali Haber<\/p>\n<div id=\"bghab-1373628636\" class=\"bghab-yazi-altinda bghab-entity-placement\"><script async src=\"https:\/\/pagead2.googlesyndication.com\/pagead\/js\/adsbygoogle.js\"><\/script>\r\n<!-- bghaber-yaz\u0131-sonu -->\r\n<ins class=\"adsbygoogle\"\r\n     style=\"display:block\"\r\n     data-ad-client=\"ca-pub-6203283170189293\"\r\n     data-ad-slot=\"4222328180\"\r\n     data-ad-format=\"auto\"\r\n     data-full-width-responsive=\"true\"><\/ins>\r\n<script>\r\n     (adsbygoogle = window.adsbygoogle || []).push({});\r\n<\/script><\/div><br style=\"clear: both; display: block; float: none;\"\/>","protected":false},"excerpt":{"rendered":"<p>Ardino (E\u011fridere) \u0130l\u00e7esi\u2019nin Rusalsko (Hota\u015fl\u0131) ve L\u00fcbino (\u00d6merler) k\u00f6ylerinin muhtarlar\u0131 \u0130smet Mustafa ve S\u0131dk\u0131 Ahmet, Karayollar\u0131 K\u0131rcaali \u0130l M\u00fcd\u00fcrl\u00fc\u011f\u00fc ve Yol Altyap\u0131s\u0131 Kurumu taraf\u0131ndan Arda<\/p>\n","protected":false},"author":29,"featured_media":26712,"comment_status":"closed","ping_status":"closed","sticky":false,"template":"","format":"standard","meta":{"advanced_seo_description":"","jetpack_seo_html_title":"","jetpack_seo_noindex":false,"jetpack_seo_schema_type":"","_jetpack_newsletter_access":"","_jetpack_dont_email_post_to_subs":false,"_jetpack_newsletter_tier_id":0,"_jetpack_memberships_contains_paywalled_content":false,"_jetpack_feature_clip_id":0,"_jetpack_memberships_contains_paid_content":false,"footnotes":"","jetpack_post_was_ever_published":false},"categories":[5],"tags":[],"class_list":["post-26711","post","type-post","status-publish","format-standard","has-post-thumbnail","hentry","category-yasam"],"jetpack_sharing_enabled":true,"jetpack_likes_enabled":true,"jetpack-related-posts":[],"jetpack_shortlink":"https:\/\/wp.me\/pc2PfJ-6WP","jetpack_featured_media_url":"https:\/\/i0.wp.com\/www.bghaber.org\/bghaber\/wp-content\/uploads\/2018\/02\/koy-yollari-kircaali.jpg?fit=1024%2C683&ssl=1","_links":{"self":[{"href":"https:\/\/www.bghaber.org\/bghaber\/wp-json\/wp\/v2\/posts\/26711","targetHints":{"allow":["GET"]}}],"collection":[{"href":"https:\/\/www.bghaber.org\/bghaber\/wp-json\/wp\/v2\/posts"}],"about":[{"href":"https:\/\/www.bghaber.org\/bghaber\/wp-json\/wp\/v2\/types\/post"}],"author":[{"embeddable":true,"href":"https:\/\/www.bghaber.org\/bghaber\/wp-json\/wp\/v2\/users\/29"}],"replies":[{"embeddable":true,"href":"https:\/\/www.bghaber.org\/bghaber\/wp-json\/wp\/v2\/comments?post=26711"}],"version-history":[{"count":0,"href":"https:\/\/www.bghaber.org\/bghaber\/wp-json\/wp\/v2\/posts\/26711\/revisions"}],"wp:featuredmedia":[{"embeddable":true,"href":"https:\/\/www.bghaber.org\/bghaber\/wp-json\/wp\/v2\/media\/26712"}],"wp:attachment":[{"href":"https:\/\/www.bghaber.org\/bghaber\/wp-json\/wp\/v2\/media?parent=26711"}],"wp:term":[{"taxonomy":"category","embeddable":true,"href":"https:\/\/www.bghaber.org\/bghaber\/wp-json\/wp\/v2\/categories?post=26711"},{"taxonomy":"post_tag","embeddable":true,"href":"https:\/\/www.bghaber.org\/bghaber\/wp-json\/wp\/v2\/tags?post=26711"}],"curies":[{"name":"wp","href":"https:\/\/api.w.org\/{rel}","templated":true}]}}