{"id":26709,"date":"2018-02-01T19:29:01","date_gmt":"2018-02-01T16:29:01","guid":{"rendered":"http:\/\/www.bghaber.org\/bghaber\/?p=26709"},"modified":"2019-07-10T17:55:34","modified_gmt":"2019-07-10T15:55:34","slug":"radev-baskanlik-sistemi-getirilmesini-istiyor","status":"publish","type":"post","link":"https:\/\/www.bghaber.org\/bghaber\/radev-baskanlik-sistemi-getirilmesini-istiyor\/","title":{"rendered":"Radev, ba\u015fkanl\u0131k sistemi getirilmesini istiyor"},"content":{"rendered":"<p>Bulgaristan Ulusal Televizyonu\u2019na (BNT) konu\u015fan Eski Cumhurba\u015fkan\u0131 Rosen Plevneliev,\u201dCumhurba\u015fkan\u0131 Rumen Radev, Bulgaristan&#8217;da ba\u015fkanl\u0131k sistemi getirilmesini istiyor, ancak bu \u00fclke i\u00e7in yanl\u0131\u015f bir tercihtir\u201d diye kaydetti.<\/p>\n<p>Plevneliev,\u201dParlamenter cumhuriyet sistemi sorgulanmaya ba\u015flanmadan \u00f6nce \u00fclkenin geli\u015fece\u011fine dair umut vermeliyiz. Bulgaristan&#8217;da ba\u015fkanl\u0131k sisteminin yeri yok. Levski ve halk ayd\u0131nlar\u0131n\u0131n b\u00f6yle bir rol\u00fc yoktu. Onlar, temiz ve kutsal bir cumhuriyetten s\u00f6z ediyorlard\u0131\u201d dedi.<\/p>\n<p>Eski Devlet Ba\u015fkan\u0131, ba\u015fkanl\u0131k sistemi y\u00f6netim \u015feklinin &#8220;Rus modeli&#8221; oldu\u011funu ve her zaman b\u00f6yle bir y\u00f6netim \u015feklinin Bulgaristan&#8217;da uygulanmas\u0131na kar\u015f\u0131 oldu\u011funu belirtti. Plevneliev, Slavi Trifonov\u2019u kastederek, \u201cAncak b\u00f6yle fikirler, art\u0131k Georgi P\u0131rvanov ve &#8220;bir TV sunucusu ve senaryo yazarlar\u0131\u201d taraf\u0131ndan \u00f6ne s\u00fcr\u00fcld\u00fc\u201d dedi ve Trifonov\u2019un giri\u015fimiyle ger\u00e7ekle\u015ftiren referandumun b\u00f6yle bir ama\u00e7 ta\u015f\u0131d\u0131\u011f\u0131n\u0131 s\u00f6yledi.<\/p>\n<p>Plevneliev\u2019in ifadesine g\u00f6re Bulgaristan&#8217;daki kurumlar ac\u0131 \u00e7ekiyor ve b\u00fct\u00fcn politikac\u0131lar vatanda\u015flar\u0131n devlete olan g\u00fcvenini geri kazand\u0131rmak i\u00e7in \u00e7al\u0131\u015fmak zorundad\u0131rlar.<\/p>\n<p>Plevneliev, Radev&#8217;in davran\u0131\u015f\u0131nda \u00e7ifte bir standart g\u00f6rd\u00fc\u011f\u00fcn\u00fc vurgulad\u0131. Eski Cumhurba\u015fkan\u0131, \u201cAvrupa&#8217;ya gidiyoruz, kendimizi Avrupal\u0131 yap\u0131yoruz, Br\u00fcksel&#8217;e gidiyoruz, yapt\u0131r\u0131mlar\u0131 destekliyoruz, Bulgaristan&#8217;da farkl\u0131 konu\u015fuyoruz\u201d diye yorumda bulundu. Cumhurba\u015fkan\u0131\u2019n\u0131n \u00e7e\u015fitli konularda g\u00f6r\u00fc\u015f sahibi olup, onu \u00e7ok a\u00e7\u0131k bir \u015fekilde ifade etmesi gerekti\u011fine inand\u0131\u011f\u0131n\u0131 s\u00f6yledi.<\/p><div id=\"bghab-4261222028\" class=\"bghab-icerik-icine bghab-entity-placement\"><script async src=\"\/\/pagead2.googlesyndication.com\/pagead\/js\/adsbygoogle.js?client=ca-pub-6203283170189293\" crossorigin=\"anonymous\"><\/script><ins class=\"adsbygoogle\" style=\"display:block; text-align:center;\" data-ad-client=\"ca-pub-6203283170189293\" \ndata-ad-slot=\"7303146466\" \ndata-ad-layout=\"in-article\"\ndata-ad-format=\"fluid\" data-full-width-responsive=\"true\"><\/ins>\n<script> \n(adsbygoogle = window.adsbygoogle || []).push({}); \n<\/script>\n<\/div>\n<p>Bir soru \u00fczerine Plevneliev, Cumhurba\u015fkan\u0131 olarak daima a\u00e7\u0131k ve kesin bir tutum sergiledi\u011fini ve \u00e7o\u011fu zaman bundan dolay\u0131 kendisine kar\u015f\u0131 ho\u015fnutsuzluk meydana geldi\u011fini s\u00f6yledi.<\/p>\n<p>Plevneliev\u2019in ifadesine g\u00f6re Radev&#8217;in davran\u0131\u015f\u0131nda \u00e7ifte standart, Rusya&#8217;ya uygulanan yapt\u0131r\u0131mlar, Kanada ile yap\u0131lan ticaret anla\u015fmas\u0131 ve \u0130stanbul S\u00f6zle\u015fmesi a\u00e7\u0131s\u0131ndan g\u00f6r\u00fcl\u00fcyor.<\/p>\n<p>\u0130stanbul S\u00f6zle\u015fmesi\u2019ne kar\u015f\u0131 olanlar\u0131n populizm yapt\u0131klar\u0131n\u0131 ve sorumsuz davrand\u0131klar\u0131n\u0131 kaydeden Plevneliev, kabul edilmemesinin \u00fclkemizi \u00fc\u00e7\u00fcnc\u00fc d\u00fcnya \u00fclkeleri seviyesine d\u00fc\u015f\u00fcrd\u00fc\u011f\u00fcn\u00fc s\u00f6yledi.<\/p>\n<p>Eski Cumhurba\u015fkan\u0131, \u201cGen\u00e7 Bulgarlar\u0131n geri d\u00f6nebilmesi i\u00e7in, kurum k\u00fclt\u00fcr\u00fc d\u00fczeyinin y\u00fckseltilmesini ve insan haklar\u0131n\u0131n korunmas\u0131n\u0131 sa\u011flamal\u0131y\u0131z\u201d dedi ve g\u00f6\u00e7\u00fcn Bulgaristan&#8217;\u0131n en b\u00fcy\u00fck sorunlar\u0131ndan biri oldu\u011funu vurgulad\u0131.<\/p>\n<p>Eski Devlet Ba\u015fkan\u0131, \u201cS\u00f6yleyeceklerine kulak vererek, milyonlarca kad\u0131n\u0131 korumak yerine s\u00f6zle\u015fme hakk\u0131ndaki ger\u00e7e\u011fi yalanlar ve manip\u00fclasyonlar ile de\u011fi\u015ftirdik, esas olan\u0131n s\u00f6ylenmedi\u011fi bir tart\u0131\u015fma yaratt\u0131k, i\u015fte ben ortaya \u00e7\u0131k\u0131p d\u00fc\u015f\u00fcncemi s\u00f6yl\u00fcyorum-yol bu de\u011fil. \u0130stanbul S\u00f6zle\u015fmesi, \u00fc\u00e7\u00fcnc\u00fc bir cinsiyet hakk\u0131nda de\u011fil, populizm yap\u0131lmas\u0131 i\u00e7in de\u011fil\u201d diye alt\u0131n\u0131 \u00e7izdi.<\/p><div id=\"bghab-2246743567\" class=\"bghab-icerik-icine-10-paragraf bghab-entity-placement\"><script async src=\"\/\/pagead2.googlesyndication.com\/pagead\/js\/adsbygoogle.js?client=ca-pub-6203283170189293\" crossorigin=\"anonymous\"><\/script><ins class=\"adsbygoogle\" style=\"display:block; text-align:center;\" data-ad-client=\"ca-pub-6203283170189293\" \ndata-ad-slot=\"7303146466\" \ndata-ad-layout=\"in-article\"\ndata-ad-format=\"fluid\" data-full-width-responsive=\"true\"><\/ins>\n<script> \n(adsbygoogle = window.adsbygoogle || []).push({}); \n<\/script>\n<\/div>\n<p>Plevneliev, \u0130stanbul S\u00f6zle\u015fmesi\u2019nin baz\u0131 \u00e7ekinceler ve a\u00e7\u0131klamalarla da olsa, kabul edilece\u011fi g\u00f6r\u00fc\u015f\u00fcn\u00fc dile getirerek, bunun normal bir uygulama oldu\u011funu belirtti.<\/p>\n<p>Yeni Yolsuzlukla M\u00fccadele Kanunu ile ilgili Plevneliev, Redev\u2019in yerinde olsayd\u0131, kendisinin de buna ili\u015fkin kanun tasar\u0131s\u0131n\u0131 veto edece\u011fini, ancak Rumen Radev&#8217;in gerek\u00e7elerinden fakl\u0131 gerek\u00e7elerle bunu yapaca\u011f\u0131n\u0131 belirtti.<\/p>\n<p>Eski Cumhurba\u015fkan\u0131, Bulgaristan&#8217;\u0131n geli\u015fmekte oldu\u011funu ve iktidardakilerin k\u00f6t\u00fc bir i\u015f yapmad\u0131klar\u0131n\u0131 ve mevcut y\u00f6netime alternatif bir y\u00f6netim g\u00f6remedi\u011fini belirtti.<\/p>\n<p>&nbsp;<\/p>\n<p>K\u0131rcaali Haber<\/p>\n<div id=\"bghab-3262142291\" class=\"bghab-yazi-altinda bghab-entity-placement\"><script async src=\"https:\/\/pagead2.googlesyndication.com\/pagead\/js\/adsbygoogle.js\"><\/script>\r\n<!-- bghaber-yaz\u0131-sonu -->\r\n<ins class=\"adsbygoogle\"\r\n     style=\"display:block\"\r\n     data-ad-client=\"ca-pub-6203283170189293\"\r\n     data-ad-slot=\"4222328180\"\r\n     data-ad-format=\"auto\"\r\n     data-full-width-responsive=\"true\"><\/ins>\r\n<script>\r\n     (adsbygoogle = window.adsbygoogle || []).push({});\r\n<\/script><\/div><br style=\"clear: both; display: block; float: none;\"\/>","protected":false},"excerpt":{"rendered":"<p>Bulgaristan Ulusal Televizyonu\u2019na (BNT) konu\u015fan Eski Cumhurba\u015fkan\u0131 Rosen Plevneliev,\u201dCumhurba\u015fkan\u0131 Rumen Radev, Bulgaristan&#8217;da ba\u015fkanl\u0131k sistemi getirilmesini istiyor, ancak bu \u00fclke i\u00e7in yanl\u0131\u015f bir tercihtir\u201d diye kaydetti.<\/p>\n","protected":false},"author":29,"featured_media":5823,"comment_status":"closed","ping_status":"closed","sticky":false,"template":"","format":"standard","meta":{"advanced_seo_description":"","jetpack_seo_html_title":"","jetpack_seo_noindex":false,"jetpack_seo_schema_type":"","_jetpack_newsletter_access":"","_jetpack_dont_email_post_to_subs":false,"_jetpack_newsletter_tier_id":0,"_jetpack_memberships_contains_paywalled_content":false,"_jetpack_feature_clip_id":0,"_jetpack_memberships_contains_paid_content":false,"footnotes":"","jetpack_post_was_ever_published":false},"categories":[1,4],"tags":[],"class_list":["post-26709","post","type-post","status-publish","format-standard","has-post-thumbnail","hentry","category-haberler","category-siyaset"],"jetpack_sharing_enabled":true,"jetpack_likes_enabled":true,"jetpack-related-posts":[],"jetpack_shortlink":"https:\/\/wp.me\/pc2PfJ-6WN","jetpack_featured_media_url":"https:\/\/i0.wp.com\/www.bghaber.org\/bghaber\/wp-content\/uploads\/2013\/09\/bulgaristan-cumhurbaskani-plevneliev.jpg?fit=610%2C343&ssl=1","_links":{"self":[{"href":"https:\/\/www.bghaber.org\/bghaber\/wp-json\/wp\/v2\/posts\/26709","targetHints":{"allow":["GET"]}}],"collection":[{"href":"https:\/\/www.bghaber.org\/bghaber\/wp-json\/wp\/v2\/posts"}],"about":[{"href":"https:\/\/www.bghaber.org\/bghaber\/wp-json\/wp\/v2\/types\/post"}],"author":[{"embeddable":true,"href":"https:\/\/www.bghaber.org\/bghaber\/wp-json\/wp\/v2\/users\/29"}],"replies":[{"embeddable":true,"href":"https:\/\/www.bghaber.org\/bghaber\/wp-json\/wp\/v2\/comments?post=26709"}],"version-history":[{"count":0,"href":"https:\/\/www.bghaber.org\/bghaber\/wp-json\/wp\/v2\/posts\/26709\/revisions"}],"wp:featuredmedia":[{"embeddable":true,"href":"https:\/\/www.bghaber.org\/bghaber\/wp-json\/wp\/v2\/media\/5823"}],"wp:attachment":[{"href":"https:\/\/www.bghaber.org\/bghaber\/wp-json\/wp\/v2\/media?parent=26709"}],"wp:term":[{"taxonomy":"category","embeddable":true,"href":"https:\/\/www.bghaber.org\/bghaber\/wp-json\/wp\/v2\/categories?post=26709"},{"taxonomy":"post_tag","embeddable":true,"href":"https:\/\/www.bghaber.org\/bghaber\/wp-json\/wp\/v2\/tags?post=26709"}],"curies":[{"name":"wp","href":"https:\/\/api.w.org\/{rel}","templated":true}]}}