{"id":26706,"date":"2018-02-01T19:26:52","date_gmt":"2018-02-01T16:26:52","guid":{"rendered":"http:\/\/www.bghaber.org\/bghaber\/?p=26706"},"modified":"2019-07-10T17:55:49","modified_gmt":"2019-07-10T15:55:49","slug":"bulgaristan-balkanlarin-resmi-olmayan-lideridir","status":"publish","type":"post","link":"https:\/\/www.bghaber.org\/bghaber\/bulgaristan-balkanlarin-resmi-olmayan-lideridir\/","title":{"rendered":"Bulgaristan Balkanlar\u2019\u0131n resmi olmayan lideridir"},"content":{"rendered":"<p>\u201cHanns Seidel\u201d Vakf\u0131 taraf\u0131ndan Br\u00fcksel\u2019de Balkanlar\u2019\u0131n yeni rol\u00fc konusunda d\u00fczenlenen konferansta Ba\u015fbakan Boyko Borisov, Bulgaristan\u2019\u0131n Schengen b\u00f6lgesinin d\u0131\u015f\u0131nda bulunmas\u0131n\u0131n adil olmad\u0131\u011f\u0131n\u0131 bildirdi.<\/p>\n<p>Ba\u015fbakan, \u201cBulgaristan, AB\u2019nin en iyi korunan d\u0131\u015f s\u0131n\u0131r\u0131d\u0131r, Yunanistan\u2019dan farkl\u0131 olarak Bulgar s\u0131n\u0131r\u0131na m\u00fclteci bask\u0131s\u0131 s\u0131f\u0131rd\u0131r, bunun yan\u0131 s\u0131ra ama Bulgaristan Schengen b\u00f6lgesinde de\u011fildir, \u00e7\u00fcnk\u00fc baz\u0131 Bat\u0131 devletler durmadan bunun b\u00f6yle olmas\u0131 i\u00e7in gerek\u00e7eler icat ediyor\u201d dedi.<\/p>\n<p>Ba\u015fbakan Borisov, \u201cBulgaristan, Balkanlar\u2019\u0131n resmi olmayan lideridir, Balkanlar da, Avrupa\u2019n\u0131n arka bah\u00e7esi de\u011fil, Avrupa\u2019d\u0131r\u201d s\u00f6zlerini kulland\u0131. Bu ba\u011flamda Borisov, Bat\u0131 Balkanlar\u2019\u0131n AB\u2019ye entegrasyonu i\u00e7in net perspektifin verilmesinde \u0131srar etti, \u00e7\u00fcnk\u00fc Kosova, Arnavutluk, S\u0131rbistan\u2019\u0131n veya b\u00f6lgesinin herhangi bir \u00fclkesinin, \u201ckara delik\u201d olmas\u0131na izin verilmesi b\u00f6lgede istikrar olmamas\u0131 anlam\u0131na gelirdi.<\/p>\n<p>&nbsp;<\/p>\n<p>BNR<\/p>\n<div id=\"bghab-91820772\" class=\"bghab-yazi-altinda bghab-entity-placement\"><script async src=\"https:\/\/pagead2.googlesyndication.com\/pagead\/js\/adsbygoogle.js\"><\/script>\r\n<!-- bghaber-yaz\u0131-sonu -->\r\n<ins class=\"adsbygoogle\"\r\n     style=\"display:block\"\r\n     data-ad-client=\"ca-pub-6203283170189293\"\r\n     data-ad-slot=\"4222328180\"\r\n     data-ad-format=\"auto\"\r\n     data-full-width-responsive=\"true\"><\/ins>\r\n<script>\r\n     (adsbygoogle = window.adsbygoogle || []).push({});\r\n<\/script><\/div><br style=\"clear: both; display: block; float: none;\"\/>","protected":false},"excerpt":{"rendered":"<p>\u201cHanns Seidel\u201d Vakf\u0131 taraf\u0131ndan Br\u00fcksel\u2019de Balkanlar\u2019\u0131n yeni rol\u00fc konusunda d\u00fczenlenen konferansta Ba\u015fbakan Boyko Borisov, Bulgaristan\u2019\u0131n Schengen b\u00f6lgesinin d\u0131\u015f\u0131nda bulunmas\u0131n\u0131n adil olmad\u0131\u011f\u0131n\u0131 bildirdi. Ba\u015fbakan, \u201cBulgaristan, AB\u2019nin<\/p>\n","protected":false},"author":29,"featured_media":26707,"comment_status":"closed","ping_status":"closed","sticky":false,"template":"","format":"standard","meta":{"advanced_seo_description":"","jetpack_seo_html_title":"","jetpack_seo_noindex":false,"jetpack_seo_schema_type":"","_jetpack_newsletter_access":"","_jetpack_dont_email_post_to_subs":false,"_jetpack_newsletter_tier_id":0,"_jetpack_memberships_contains_paywalled_content":false,"_jetpack_feature_clip_id":0,"_jetpack_memberships_contains_paid_content":false,"footnotes":"","jetpack_post_was_ever_published":false},"categories":[4],"tags":[],"class_list":["post-26706","post","type-post","status-publish","format-standard","has-post-thumbnail","hentry","category-siyaset"],"jetpack_sharing_enabled":true,"jetpack_likes_enabled":true,"jetpack-related-posts":[],"jetpack_shortlink":"https:\/\/wp.me\/pc2PfJ-6WK","jetpack_featured_media_url":"https:\/\/i0.wp.com\/www.bghaber.org\/bghaber\/wp-content\/uploads\/2018\/02\/boyko-borisov-brukselde.jpg?fit=425%2C239&ssl=1","_links":{"self":[{"href":"https:\/\/www.bghaber.org\/bghaber\/wp-json\/wp\/v2\/posts\/26706","targetHints":{"allow":["GET"]}}],"collection":[{"href":"https:\/\/www.bghaber.org\/bghaber\/wp-json\/wp\/v2\/posts"}],"about":[{"href":"https:\/\/www.bghaber.org\/bghaber\/wp-json\/wp\/v2\/types\/post"}],"author":[{"embeddable":true,"href":"https:\/\/www.bghaber.org\/bghaber\/wp-json\/wp\/v2\/users\/29"}],"replies":[{"embeddable":true,"href":"https:\/\/www.bghaber.org\/bghaber\/wp-json\/wp\/v2\/comments?post=26706"}],"version-history":[{"count":0,"href":"https:\/\/www.bghaber.org\/bghaber\/wp-json\/wp\/v2\/posts\/26706\/revisions"}],"wp:featuredmedia":[{"embeddable":true,"href":"https:\/\/www.bghaber.org\/bghaber\/wp-json\/wp\/v2\/media\/26707"}],"wp:attachment":[{"href":"https:\/\/www.bghaber.org\/bghaber\/wp-json\/wp\/v2\/media?parent=26706"}],"wp:term":[{"taxonomy":"category","embeddable":true,"href":"https:\/\/www.bghaber.org\/bghaber\/wp-json\/wp\/v2\/categories?post=26706"},{"taxonomy":"post_tag","embeddable":true,"href":"https:\/\/www.bghaber.org\/bghaber\/wp-json\/wp\/v2\/tags?post=26706"}],"curies":[{"name":"wp","href":"https:\/\/api.w.org\/{rel}","templated":true}]}}