{"id":25491,"date":"2017-12-25T15:05:46","date_gmt":"2017-12-25T12:05:46","guid":{"rendered":"http:\/\/www.bghaber.org\/bghaber\/?p=25491"},"modified":"2019-07-10T17:59:28","modified_gmt":"2019-07-10T15:59:28","slug":"boyko-borisov-iyilik-ve-tevazuya-cagirdi","status":"publish","type":"post","link":"https:\/\/www.bghaber.org\/bghaber\/boyko-borisov-iyilik-ve-tevazuya-cagirdi\/","title":{"rendered":"Boyko Borisov iyilik ve tevazuya \u00e7a\u011f\u0131rd\u0131"},"content":{"rendered":"<p>Siyaset\u00e7iler de Noel mesajlar\u0131nda bar\u0131\u015f, anlay\u0131\u015f ve refah \u00e7a\u011fr\u0131s\u0131nda bulundular. Ba\u015fbakan Boyko Borisov, iyilik ve tevazuya \u00e7a\u011f\u0131rd\u0131.<\/p>\n<p>Facebook \u00fczerinden yapt\u0131\u011f\u0131 mesajda Boyko Borisov b\u00fct\u00fcn Bulgaristan vatanda\u015flar\u0131na sa\u011fl\u0131k, mutluluk, refah ve bar\u0131\u015f diledi.<\/p>\n<p>Macaristan Ba\u015fbakan\u0131 Viktor Orban Noel bayram\u0131 m\u00fcnasebeti ile yapt\u0131\u011f\u0131 sesleni\u015f konu\u015fmas\u0131nda Avrupa\u2019n\u0131n g\u00f6\u00e7 politikas\u0131na vurgu yapt\u0131.<\/p>\n<p>&nbsp;<\/p>\n<p>BNR<\/p>\n<div id=\"bghab-4017142626\" class=\"bghab-yazi-altinda bghab-entity-placement\"><script async src=\"https:\/\/pagead2.googlesyndication.com\/pagead\/js\/adsbygoogle.js\"><\/script>\r\n<!-- bghaber-yaz\u0131-sonu -->\r\n<ins class=\"adsbygoogle\"\r\n     style=\"display:block\"\r\n     data-ad-client=\"ca-pub-6203283170189293\"\r\n     data-ad-slot=\"4222328180\"\r\n     data-ad-format=\"auto\"\r\n     data-full-width-responsive=\"true\"><\/ins>\r\n<script>\r\n     (adsbygoogle = window.adsbygoogle || []).push({});\r\n<\/script><\/div><br style=\"clear: both; display: block; float: none;\"\/>","protected":false},"excerpt":{"rendered":"<p>Siyaset\u00e7iler de Noel mesajlar\u0131nda bar\u0131\u015f, anlay\u0131\u015f ve refah \u00e7a\u011fr\u0131s\u0131nda bulundular. Ba\u015fbakan Boyko Borisov, iyilik ve tevazuya \u00e7a\u011f\u0131rd\u0131. Facebook \u00fczerinden yapt\u0131\u011f\u0131 mesajda Boyko Borisov b\u00fct\u00fcn Bulgaristan<\/p>\n","protected":false},"author":29,"featured_media":5949,"comment_status":"closed","ping_status":"closed","sticky":false,"template":"","format":"standard","meta":{"advanced_seo_description":"","jetpack_seo_html_title":"","jetpack_seo_noindex":false,"jetpack_seo_schema_type":"","_jetpack_newsletter_access":"","_jetpack_dont_email_post_to_subs":false,"_jetpack_newsletter_tier_id":0,"_jetpack_memberships_contains_paywalled_content":false,"_jetpack_feature_clip_id":0,"_jetpack_memberships_contains_paid_content":false,"footnotes":"","jetpack_post_was_ever_published":false},"categories":[1,4],"tags":[122,30],"class_list":["post-25491","post","type-post","status-publish","format-standard","has-post-thumbnail","hentry","category-haberler","category-siyaset","tag-boyko-borisov","tag-bulgaristan"],"jetpack_sharing_enabled":true,"jetpack_likes_enabled":true,"jetpack-related-posts":[],"jetpack_shortlink":"https:\/\/wp.me\/pc2PfJ-6D9","jetpack_featured_media_url":"https:\/\/i0.wp.com\/www.bghaber.org\/bghaber\/wp-content\/uploads\/2013\/09\/boyko-borisov-gerb-genel-bask2.jpg?fit=590%2C529&ssl=1","_links":{"self":[{"href":"https:\/\/www.bghaber.org\/bghaber\/wp-json\/wp\/v2\/posts\/25491","targetHints":{"allow":["GET"]}}],"collection":[{"href":"https:\/\/www.bghaber.org\/bghaber\/wp-json\/wp\/v2\/posts"}],"about":[{"href":"https:\/\/www.bghaber.org\/bghaber\/wp-json\/wp\/v2\/types\/post"}],"author":[{"embeddable":true,"href":"https:\/\/www.bghaber.org\/bghaber\/wp-json\/wp\/v2\/users\/29"}],"replies":[{"embeddable":true,"href":"https:\/\/www.bghaber.org\/bghaber\/wp-json\/wp\/v2\/comments?post=25491"}],"version-history":[{"count":0,"href":"https:\/\/www.bghaber.org\/bghaber\/wp-json\/wp\/v2\/posts\/25491\/revisions"}],"wp:featuredmedia":[{"embeddable":true,"href":"https:\/\/www.bghaber.org\/bghaber\/wp-json\/wp\/v2\/media\/5949"}],"wp:attachment":[{"href":"https:\/\/www.bghaber.org\/bghaber\/wp-json\/wp\/v2\/media?parent=25491"}],"wp:term":[{"taxonomy":"category","embeddable":true,"href":"https:\/\/www.bghaber.org\/bghaber\/wp-json\/wp\/v2\/categories?post=25491"},{"taxonomy":"post_tag","embeddable":true,"href":"https:\/\/www.bghaber.org\/bghaber\/wp-json\/wp\/v2\/tags?post=25491"}],"curies":[{"name":"wp","href":"https:\/\/api.w.org\/{rel}","templated":true}]}}