{"id":25426,"date":"2017-12-23T20:12:53","date_gmt":"2017-12-23T17:12:53","guid":{"rendered":"http:\/\/www.bghaber.org\/bghaber\/?p=25426"},"modified":"2019-07-10T17:59:30","modified_gmt":"2019-07-10T15:59:30","slug":"bulgaristanda-asgari-ucret-510-leva-olacak","status":"publish","type":"post","link":"https:\/\/www.bghaber.org\/bghaber\/bulgaristanda-asgari-ucret-510-leva-olacak\/","title":{"rendered":"Bulgaristan&#8217;da asgari \u00fccret 510 leva olacak"},"content":{"rendered":"<p>1 Ocak 2018 tarihi itibariyle asgari i\u015f\u00e7i \u00fccreti 510 leva olacak. H\u00fck\u00fcmet, \u00f6n\u00fcm\u00fczdeki y\u0131l asgari i\u015f\u00e7i \u00fccretinin bu y\u0131la g\u00f6re y\u00fczde 10,9 oran\u0131nda art\u0131r\u0131lmas\u0131 karar\u0131 ald\u0131. Asgari \u00fccret tutar\u0131n\u0131n y\u00fckseltilmesi i\u015f arayanlar\u0131 motive edecek ve \u00e7al\u0131\u015fanlar aras\u0131nda yoksulluk riskini azaltmaya katk\u0131da bulunacakt\u0131r.<\/p>\n<p>Bu zam, h\u00fck\u00fcmetin s\u00fcrd\u00fcr\u00fclebilir bir \u015fekilde ya\u015fam standard\u0131n\u0131 y\u00fckseltme y\u00f6n\u00fcndeki \u00f6nceli\u011fini yans\u0131t\u0131yor. Asgari \u00fccretin 510 levaya y\u00fckseltilmesi, ekonomik b\u00fcy\u00fcme, son y\u0131llarda s\u00fcrd\u00fcr\u00fclebilir bir \u015fekilde gayri safi yurti\u00e7i has\u0131lan\u0131n (GSY\u0130H) b\u00fcy\u00fcmesi, istihdam edilenlerin artmas\u0131 ve \u00fclkedeki ortalama \u00fccretin art\u0131\u015f\u0131yla kolayla\u015ft\u0131.<\/p>\n<p>1 Ocak 2018 tarihinden itibaren asgari saat \u00fccreti 3,07 leva olacak.<\/p>\n<p>&nbsp;<\/p>\n<p>K\u0131rcaali Haber<\/p>\n<div id=\"bghab-1888018343\" class=\"bghab-yazi-altinda bghab-entity-placement\"><script async src=\"https:\/\/pagead2.googlesyndication.com\/pagead\/js\/adsbygoogle.js\"><\/script>\r\n<!-- bghaber-yaz\u0131-sonu -->\r\n<ins class=\"adsbygoogle\"\r\n     style=\"display:block\"\r\n     data-ad-client=\"ca-pub-6203283170189293\"\r\n     data-ad-slot=\"4222328180\"\r\n     data-ad-format=\"auto\"\r\n     data-full-width-responsive=\"true\"><\/ins>\r\n<script>\r\n     (adsbygoogle = window.adsbygoogle || []).push({});\r\n<\/script><\/div><br style=\"clear: both; display: block; float: none;\"\/>","protected":false},"excerpt":{"rendered":"<p>1 Ocak 2018 tarihi itibariyle asgari i\u015f\u00e7i \u00fccreti 510 leva olacak. H\u00fck\u00fcmet, \u00f6n\u00fcm\u00fczdeki y\u0131l asgari i\u015f\u00e7i \u00fccretinin bu y\u0131la g\u00f6re y\u00fczde 10,9 oran\u0131nda art\u0131r\u0131lmas\u0131 karar\u0131<\/p>\n","protected":false},"author":29,"featured_media":5163,"comment_status":"closed","ping_status":"closed","sticky":false,"template":"","format":"standard","meta":{"advanced_seo_description":"","jetpack_seo_html_title":"","jetpack_seo_noindex":false,"jetpack_seo_schema_type":"","_jetpack_newsletter_access":"","_jetpack_dont_email_post_to_subs":false,"_jetpack_newsletter_tier_id":0,"_jetpack_memberships_contains_paywalled_content":false,"_jetpack_feature_clip_id":0,"_jetpack_memberships_contains_paid_content":false,"footnotes":"","jetpack_post_was_ever_published":false},"categories":[9,1],"tags":[686,501],"class_list":["post-25426","post","type-post","status-publish","format-standard","has-post-thumbnail","hentry","category-ekonomi","category-haberler","tag-asgari-ucret","tag-leva"],"jetpack_sharing_enabled":true,"jetpack_likes_enabled":true,"jetpack-related-posts":[],"jetpack_shortlink":"https:\/\/wp.me\/pc2PfJ-6C6","jetpack_featured_media_url":"https:\/\/i0.wp.com\/www.bghaber.org\/bghaber\/wp-content\/uploads\/2013\/08\/bulgar-leva.jpg?fit=610%2C343&ssl=1","_links":{"self":[{"href":"https:\/\/www.bghaber.org\/bghaber\/wp-json\/wp\/v2\/posts\/25426","targetHints":{"allow":["GET"]}}],"collection":[{"href":"https:\/\/www.bghaber.org\/bghaber\/wp-json\/wp\/v2\/posts"}],"about":[{"href":"https:\/\/www.bghaber.org\/bghaber\/wp-json\/wp\/v2\/types\/post"}],"author":[{"embeddable":true,"href":"https:\/\/www.bghaber.org\/bghaber\/wp-json\/wp\/v2\/users\/29"}],"replies":[{"embeddable":true,"href":"https:\/\/www.bghaber.org\/bghaber\/wp-json\/wp\/v2\/comments?post=25426"}],"version-history":[{"count":0,"href":"https:\/\/www.bghaber.org\/bghaber\/wp-json\/wp\/v2\/posts\/25426\/revisions"}],"wp:featuredmedia":[{"embeddable":true,"href":"https:\/\/www.bghaber.org\/bghaber\/wp-json\/wp\/v2\/media\/5163"}],"wp:attachment":[{"href":"https:\/\/www.bghaber.org\/bghaber\/wp-json\/wp\/v2\/media?parent=25426"}],"wp:term":[{"taxonomy":"category","embeddable":true,"href":"https:\/\/www.bghaber.org\/bghaber\/wp-json\/wp\/v2\/categories?post=25426"},{"taxonomy":"post_tag","embeddable":true,"href":"https:\/\/www.bghaber.org\/bghaber\/wp-json\/wp\/v2\/tags?post=25426"}],"curies":[{"name":"wp","href":"https:\/\/api.w.org\/{rel}","templated":true}]}}