{"id":25071,"date":"2017-12-04T17:39:24","date_gmt":"2017-12-04T14:39:24","guid":{"rendered":"http:\/\/www.bghaber.org\/bghaber\/?p=25071"},"modified":"2017-12-06T11:05:33","modified_gmt":"2017-12-06T08:05:33","slug":"fasistlere-karsi-birleselim","status":"publish","type":"post","link":"https:\/\/www.bghaber.org\/bghaber\/fasistlere-karsi-birleselim\/","title":{"rendered":"Fa\u015fistlere Kar\u015f\u0131 Birle\u015felim"},"content":{"rendered":"<p>&nbsp;<\/p>\n<p>Konu:\u00a0 <strong>Bulgar neo-Nazi hortlamas\u0131 hemen yasaklanmal\u0131d\u0131r.<\/strong><\/p>\n<p><strong>Sofya \u201cB\u0130T\u201d TV program\u0131nda D\u00fcnya \u201c\u0130vrid\u201d \u00d6rg\u00fct\u00fc Genel Ba\u015fkan Yard\u0131mc\u0131s\u0131 <\/strong><\/p>\n<p><strong>\u00a0\u00a0\u00a0\u00a0\u00a0\u00a0\u00a0\u00a0\u00a0\u00a0\u00a0 Soloman Bali ile bir s\u00f6yle\u015fi: \u201cFa\u015fist \u201cLukov\u201d n\u00fcmayi\u015fleri yasaklanmal\u0131d\u0131r.<\/strong><\/p>\n<p><strong>B\u0130T<\/strong>: D\u00fcnya Yahudi Kurultay\u0131 ve<strong> \u201c\u015ealom\u201d <\/strong>adl\u0131 Bulgar Yahudi \u00d6rg\u00fct\u00fc ad\u0131na<strong> \u201cLukov N\u00fcmayi\u015fi<\/strong>\u201d denen, 2003 y\u0131l\u0131ndan beri d\u00fczenlenen neo-Nazi g\u00f6sterilerine kar\u015f\u0131 imza toplama kampanyas\u0131 ba\u015flatt\u0131. Bu y\u0131l Sofya neo-Nazi n\u00fcmayi\u015fleri Bulgaristan\u2019\u0131n Avrupa Konsey Ba\u015fkanl\u0131\u011f\u0131 g\u00fcnlerine rast geliyor. Bu konudaki sorular\u0131m\u0131z\u0131 yan\u0131tlamak \u00fczere, Avrupa <strong>\u201c\u0130vrit\u201d <\/strong>\u00d6rg\u00fct\u00fc Ba\u015fkan Yard\u0131mc\u0131s\u0131 Salomon Bali st\u00fcdyomuzdad\u0131r.<\/p>\n<p><strong>Soru<\/strong>: \u201c<strong>Lukov N\u00fcmayi\u015fi<\/strong>\u201d eylemini durdurma iste\u011finizin gerek\u00e7eleri nelerdir?<\/p><div id=\"bghab-4007068040\" class=\"bghab-icerik-icine bghab-entity-placement\"><script async src=\"\/\/pagead2.googlesyndication.com\/pagead\/js\/adsbygoogle.js?client=ca-pub-6203283170189293\" crossorigin=\"anonymous\"><\/script><ins class=\"adsbygoogle\" style=\"display:block; text-align:center;\" data-ad-client=\"ca-pub-6203283170189293\" \ndata-ad-slot=\"7303146466\" \ndata-ad-layout=\"in-article\"\ndata-ad-format=\"fluid\" data-full-width-responsive=\"true\"><\/ins>\n<script> \n(adsbygoogle = window.adsbygoogle || []).push({}); \n<\/script>\n<\/div>\n<p><strong>Yan\u0131t<\/strong>:\u00a0 Biz Yahudileri fa\u015fistler yok etmeye \u00e7al\u0131\u015ft\u0131. Biz anti-Nazi bir \u00f6rg\u00fct\u00fcz. Gerek\u00e7emiz hayat\u0131 kurtarmak, \u00f6zg\u00fcrl\u00fckleri savunmakt\u0131r. Biz d\u00fcnyadaki t\u00fcm Yahudileri Sofya\u2019da yap\u0131lacak \u201c<strong>Lukov N\u00fcmayi\u015flerine<\/strong>\u201d kar\u015f\u0131 birle\u015fmeye davet ettik. Avrupa ba\u011f\u0131ms\u0131z g\u00f6zlemcilerinin kan\u0131s\u0131na g\u00f6re bu bir fa\u015fist hortlama olacak. \u00a0Avrupa\u2019daki fa\u015fistlerin ve fa\u015fist \u00e7izgili ve nitelikli \u00f6rg\u00fct ve gruplar\u0131 birle\u015ftiren bir uluslar aras\u0131 \u00f6rg\u00fct olan \u201c<strong>Kahverengi Enternasyonal<\/strong>\u201d\u2019in 2018 eylem takviminde yer alan, bu eylemlerin yap\u0131lmas\u0131n\u0131n \u00f6nlenmesi i\u00e7in m\u00fccadele ediyoruz. \u00a0Sofya\u2019daki neo-Nazi n\u00fcmayi\u015flerine Almanya, Fransa ve \u0130sve\u00e7, Avusturya ve ba\u015fka \u00fclkelerden fa\u015fizan \u00f6rg\u00fct gruplan\u0131n kat\u0131lmas\u0131 bekleniyor. Bu \u00f6nlenmelidir.<\/p>\n<p><strong>Soru<\/strong>: \u201c<strong>Fa\u015fist G\u00f6steriler<\/strong>\u201d dediniz. Bulgaristan i\u00e7in \u201c<strong>Fa\u015fist G\u00f6steri<\/strong>\u201d denmesi biraz abart\u0131lm\u0131\u015f olmad\u0131 m\u0131?<\/p>\n<p><strong>Yan\u0131t<\/strong>: Neden?<\/p>\n<p><strong>Soru<\/strong>: Bulgaristan\u2019daki a\u015f\u0131r\u0131 sa\u011fc\u0131 gruplar ve partiler ile Avrupa\u2019daki yeni fa\u015fistler ayn\u0131 tip insanlar m\u0131?<\/p>\n<p><strong>Yan\u0131t:<\/strong>\u00a0 Bu tiplerin hepsinin ideolojisi, d\u00fcnya g\u00f6r\u00fc\u015f\u00fc ayn\u0131d\u0131r. Onlar ayr\u0131mc\u0131 ve insan d\u00fc\u015fman\u0131d\u0131r. Bulgaristan\u2019a \u201cyurtseverlik\u201d maskesi alt\u0131nda \u00f6rg\u00fctlenmi\u015flerdir. Ba\u015fbakan Yard\u0131mc\u0131s\u0131 Valeri Simyonov\u2019un ba\u015fkan\u0131 oldu\u011fu \u201cBulgaristan\u2019\u0131 Kurtaral\u0131m\u201d \u00f6rg\u00fct\u00fc; Savunma Bakan\u0131 ve Ba\u015fbakan Yard\u0131mc\u0131s\u0131 Krasimir Karaka\u00e7anov\u2019un y\u00f6netti\u011fi\u00a0 \u201c\u0130\u00e7 Makedon Devrim \u00d6rg\u00fct\u00fc\u201d (VMRO), Volen Siderov\u2019un Ba\u015fkan\u0131 oldu\u011fu \u201cAtaka\u201d partisi\u00a0 &#8211; \u00fc\u00e7\u00fc de \u2013 fa\u015fist partilerdir. Onlar\u0131n aras\u0131nda fa\u015fist ideoloji savunan ki\u015filer var.\u00a0 Bulgar Ceza Kanunu\u2019nun 106. ve \u00a0182. maddesine g\u00f6re yarg\u0131lanm\u0131\u015f kililer varsa, burada itirazda bulunulacak bir husus yoktur. Bunlar fa\u015fist eylem y\u00fcz\u00fcnden yarg\u0131lanm\u0131\u015f ki\u015filerdir. Bulgaristan\u2019da neo-Nazikli\u011fi yeniden patlatmak istiyorlar ve Avrupa fa\u015fist \u00f6rg\u00fctlerinden destek al\u0131yorlar. Ayn\u0131 zamanda Sofya\u2019da \u015eubat 2018\u2019de d\u00fczenlenecek olan fa\u015fist g\u00f6sterilerde 1944 y\u0131l\u0131 \u00f6ncesi insan k\u0131y\u0131m\u0131na kar\u0131l\u0131m\u0131, \u00f6nc\u00fcl\u00fck etmi\u015f fa\u015fistlikten yarg\u0131lanm\u0131\u015f ki\u015filerin \u00f6v\u00fcld\u00fc\u011f\u00fcn\u00fc, resimlerinin sokaklarda ta\u015f\u0131nd\u0131\u011f\u0131n\u0131, fa\u015fist bayraklar\u0131n dalgaland\u0131\u011f\u0131n\u0131 g\u00f6r\u00fcyoruz ki, bu fa\u015fist hortlamad\u0131r, durdurulmal\u0131d\u0131r. Biz tarihin tekrar etmesini istemiyoruz. Biz Bulgar fa\u015fistlerinin \u201cyurtsever\u201d olmad\u0131\u011f\u0131n\u0131 biliyoruz, onlar\u0131n \u201cyurtsever\u201d olarak lanse edilmesine ve \u00f6v\u00fclmesine, \u00f6rg\u00fctlenmesine ve t\u00fcm eylemlerine kesinlikle kar\u015f\u0131y\u0131z. .<\/p><div id=\"bghab-3634482451\" class=\"bghab-icerik-icine-10-paragraf bghab-entity-placement\"><script async src=\"\/\/pagead2.googlesyndication.com\/pagead\/js\/adsbygoogle.js?client=ca-pub-6203283170189293\" crossorigin=\"anonymous\"><\/script><ins class=\"adsbygoogle\" style=\"display:block; text-align:center;\" data-ad-client=\"ca-pub-6203283170189293\" \ndata-ad-slot=\"7303146466\" \ndata-ad-layout=\"in-article\"\ndata-ad-format=\"fluid\" data-full-width-responsive=\"true\"><\/ins>\n<script> \n(adsbygoogle = window.adsbygoogle || []).push({}); \n<\/script>\n<\/div>\n<p><strong>Soru<\/strong>: Bu\u00f6rg\u00fctlenme ve fa\u015fist olarak nitelendirdi\u011finiz \u201cLukov N\u00fcmayi\u015fleri\u201d daha 2003\u2019te ba\u015flad\u0131. Siz y\u0131llarca sustunuz.<\/p>\n<p><strong>Yan\u0131t<\/strong>: Hay\u0131r susmad\u0131k. \u0130lk g\u00fcnden beri kar\u015f\u0131y\u0131z. 2003\u2019ten beri defalarca uyar\u0131 bildirisi yay\u0131nlad\u0131k. H\u00fck\u00fcmeti uyard\u0131k. Geni\u015f kitleler \u00e7a\u011fr\u0131lar\u0131m\u0131za birden bire uyanmad\u0131, tepkilerimizi farkl\u0131 g\u00f6r\u00fc\u015fl\u00fc \u00f6rg\u00fctler destekledi. Sokaklarda bayrak sallayan neo-Nazilerle, h\u00fck\u00fcmete t\u0131rmananlar\u0131n ayn\u0131 ki\u015filer oldu\u011funu anlamakta ve tepkilerinde geciktiler.<\/p>\n<p><strong>Soru<\/strong>:\u00a0 Hangilerinin ayn\u0131 ki\u015filer oldu\u011funu s\u00f6yl\u00fcyorsunuz?<\/p>\n<p><strong>Yan\u0131t<\/strong>:\u00a0 Ne yaz\u0131k ki fa\u015fist sokak g\u00f6sterilerini destekleyenler bug\u00fcn \u00fclkemizin y\u00f6netiminde yer al\u0131yor ve onlara kar\u015f\u0131 susmay\u0131 ye\u011fleyen bir kitle var. Tek s\u00f6z s\u00f6ylemiyorlar. \u0130ktidar partisi mecliste neo-Nazilere arka oluyor. Ortakl\u0131klar\u0131 devam ediyor. Ne yaz\u0131k ki, g\u00fcn\u00fcm\u00fczde Bulgaristan bakanlar kurulunda g\u00f6rev alan ki\u015filerden bir\u00e7o\u011fu, konu\u015fmam\u0131n ilk b\u00f6l\u00fcm\u00fcnde anlatt\u0131\u011f\u0131m tiplerin ayn\u0131lar\u0131 gibi hareket ediyorlar. Aralar\u0131nda fark g\u00f6zlenmiyor. Bug\u00fcnk\u00fc Ba\u015fbakan Yard\u0131mc\u0131lar\u0131ndan V. Simyonov ve Kr. Karaka\u00e7anov daha 2003 y\u0131l\u0131nda \u201cLukov N\u00fcmayi\u015fleri\u201d d\u00fczenlenmesine \u00f6nc\u00fcl\u00fck eden ki\u015filerdir.<\/p>\n<p><strong>Soru<\/strong>: Siz bug\u00fcnk\u00fc Bulgaristan y\u00f6netimine kat\u0131lan \u201cBirle\u015fik Yurtseverler\u201d aras\u0131nda neo-Nazi diye karakterize ettikleriniz g\u00fc\u00e7lerden temsilciler g\u00f6rebiliyor musunuz? H\u00fck\u00fcmet ortakl\u0131\u011f\u0131nda bu g\u00fc\u00e7lerden 3 parti yer al\u0131yor?\u00a0 Siz, neo-Nazi dedi\u011finizde bu \u00fc\u00e7 partinin \u00fc\u00e7\u00fcne de mi i\u015faret ediyorsunuz, yoksa \u00fc\u00e7ten yaln\u0131z birisine mi?<\/p><div id=\"bghab-390030909\" class=\"bghab-icerik-icine-15-paragraf bghab-entity-placement\"><script async src=\"\/\/pagead2.googlesyndication.com\/pagead\/js\/adsbygoogle.js?client=ca-pub-6203283170189293\" crossorigin=\"anonymous\"><\/script><ins class=\"adsbygoogle\" style=\"display:block; text-align:center;\" data-ad-client=\"ca-pub-6203283170189293\" \ndata-ad-slot=\"7303146466\" \ndata-ad-layout=\"in-article\"\ndata-ad-format=\"fluid\" data-full-width-responsive=\"true\"><\/ins>\n<script> \n(adsbygoogle = window.adsbygoogle || []).push({}); \n<\/script>\n<\/div>\n<p><strong>Yan\u0131t<\/strong>: \u00d6nce \u201cAtaka\u201d Partisi lideri Volen Siderov\u2019un kitaplar\u0131n\u0131n i\u00e7erdi\u011fi Yahudi d\u00fc\u015fmanl\u0131\u011f\u0131na de\u011finmek istemiyorum. \u00c7\u00fcnk\u00fc biz kimseye d\u00fc\u015fman de\u011filiz.\u00a0 Siderov insan d\u00fc\u015fmanl\u0131\u011f\u0131n\u0131 gizlemiyor. \u0130kinci olarak VMRO partisini ele al\u0131rsak, tarihinde her zaman \u201cLukov N\u00fcmayi\u015flerini\u201d desteklemi\u015ftir. Gen\u00e7lik \u00f6rg\u00fctlerini bu n\u00fcmayi\u015flere g\u00f6ndermi\u015f ve politik temsilcileri bu hareketleri her zaman ve her yerde desteklemi\u015ftir. \u201cYurtseverler Birli\u011fi\u201d ni \u00fc\u00e7\u00fcnc\u00fc \u00fcyesinin m\u00fclk\u00fc olan \u201c<strong>Skat<\/strong>\u201d TV ise t\u00fcm yay\u0131nlar\u0131nda \u201cLukov N\u00fcmayi\u015finden\u201d yana \u00e7\u0131kt\u0131\u011f\u0131 gibi \u00fclkemizde ve toplumumuzda \u201cd\u00fc\u015fmanl\u0131klar dilini\u201d yayan televizyondur. Lideri Simyonov Bulgar neo-fa\u015fizminin \u00f6nderidir.\u00a0 Bunlar\u0131n \u00fc\u00e7\u00fcn\u00fc birbirinden ay\u0131rmaya gerek yoktur, hepsi yabanc\u0131 ve \u00f6teki d\u00fc\u015fman\u0131d\u0131r.<\/p>\n<p><strong>Soru<\/strong>: Siz a\u015f\u0131r\u0131 milliyet\u00e7iler ve fa\u015fist olduklar\u0131 i\u00e7in s\u00f6z\u00fcm olan \u201cYurtseverler Birli\u011fi\u201d nin bug\u00fcnk\u00fc h\u00fck\u00fcmetten d\u00fc\u015feceklerini d\u00fc\u015f\u00fcn\u00fcyor musunuz. Tam da bu fa\u015fist etiketten \u00f6t\u00fcr\u00fc!<\/p>\n<p><strong>Yan\u0131t<\/strong>: \u00d6nce \u015funu s\u00f6yleyeyim. Onlar a\u015f\u0131r\u0131 milliyet\u00e7i etiketiyle gurur duyuyorlar. \u0130kinci olarak, son genel se\u00e7imde oy kullanmaya gelen ya\u015fl\u0131 insanlar\u0131 s\u0131n\u0131r kap\u0131s\u0131nda otob\u00fcsten indirip tartaklayan bir ki\u015fi i\u00e7in s\u00f6ylenebilen en hafif s\u00f6zd\u00fcr. Onlar\u0131 yakalay\u0131n Ceza Kanununa g\u00f6re yarg\u0131lamak ve i\u00e7eri atmak gerek. Oysa iktidara t\u0131rmand\u0131lar.<\/p>\n<p><strong>Soru<\/strong>: Siz, Valeri Simyonov\u2019un T\u00fcrkiye s\u0131n\u0131r\u0131nda se\u00e7im g\u00fcn\u00fc bir bayan\u0131 d\u00f6vmesini hat\u0131rlatt\u0131n\u0131z de\u011fil mi?<\/p>\n<p><strong>Yan\u0131t<\/strong>: Yaln\u0131z o de\u011fil. \u201cAtaka\u201d sopac\u0131lar\u0131n\u0131n Sofya \u201cBanya Ba\u015f\u0131\u201d camiinde Cuma namaz\u0131na duranlara polal\u0131 sald\u0131r\u0131s\u0131n\u0131 unutula bilir mi?<\/p><div id=\"bghab-242482608\" class=\"bghab-icerik-icine-20-paragraf bghab-entity-placement\"><script async src=\"\/\/pagead2.googlesyndication.com\/pagead\/js\/adsbygoogle.js?client=ca-pub-6203283170189293\" crossorigin=\"anonymous\"><\/script><ins class=\"adsbygoogle\" style=\"display:block; text-align:center;\" data-ad-client=\"ca-pub-6203283170189293\" \ndata-ad-slot=\"7303146466\" \ndata-ad-layout=\"in-article\"\ndata-ad-format=\"fluid\" data-full-width-responsive=\"true\"><\/ins>\n<script> \n(adsbygoogle = window.adsbygoogle || []).push({}); \n<\/script>\n<\/div>\n<p><strong>Soru<\/strong>:\u00a0 Evet bunu \u201cAtaka1 yapm\u0131\u015ft\u0131.<\/p>\n<p><strong>Yan\u0131t<\/strong>: Yaln\u0131z \u201cAtaka\u201d partisi de\u011fil. Avrupa\u2019da benzer olaylara sahne olundu\u011funda, \u00fclkenin uluslar aras\u0131 n\u00fcfusu yaralan\u0131yor, \u00fclke i\u00e7inde ciddi sorunlar ya\u015fan\u0131yor ve bu gibi hareketlerde bulunan siyasi partilerin \u00fclkenin y\u00f6netimine kat\u0131lmas\u0131 kabul edilir bir \u015fey olamaz. H\u00fck\u00fcmetten \u00e7ekilseler iyi olur.<\/p>\n<p><strong>Soru<\/strong>: Ben Avrupa\u2019daki milliyet\u00e7ilerin bizdekilerden \u00e7ok daha a\u015f\u0131r\u0131 olduklar\u0131 g\u00f6r\u00fc\u015f\u00fcndeyim.<\/p>\n<p><strong>Yan\u0131<\/strong>t: Ben sizin g\u00fcn\u00fcm\u00fcz milliyet\u00e7ili\u011fini hangi k\u0131staslara g\u00f6re \u00f6l\u00e7t\u00fc\u011f\u00fcn\u00fcz\u00fc bilmiyorum. Fakat k\u0131yaslama yap\u0131l\u0131rsa Bulgar a\u015f\u0131r\u0131 milliyet\u00e7ilerinin ba\u015f\u0131 \u00e7ekti\u011fi kan\u0131s\u0131nday\u0131m.<\/p>\n<p><strong>Soru<\/strong>: S\u00f6yle\u015fimizin ba\u015f\u0131nda, \u201c<strong>Lukov N\u00fcmaye\u015fleri<\/strong>\u201d \u015eubat ay\u0131nda yap\u0131l\u0131yor, yani Bulgaristan\u2019\u0131n Avrupa Konsey Ba\u015fkanl\u0131\u011f\u0131 ba\u015flam\u0131\u015f olacak, bununla ilgili olarak siz k\u0131\u015fk\u0131rtma olaylar\u0131 bekliyor musunuz?<\/p><div id=\"bghab-297034182\" class=\"bghab-icerik-icine-25-paragraf bghab-entity-placement\"><script async src=\"\/\/pagead2.googlesyndication.com\/pagead\/js\/adsbygoogle.js?client=ca-pub-6203283170189293\" crossorigin=\"anonymous\"><\/script><ins class=\"adsbygoogle\" style=\"display:block; text-align:center;\" data-ad-client=\"ca-pub-6203283170189293\" \ndata-ad-slot=\"7303146466\" \ndata-ad-layout=\"in-article\"\ndata-ad-format=\"fluid\" data-full-width-responsive=\"true\"><\/ins>\n<script> \n(adsbygoogle = window.adsbygoogle || []).push({}); \n<\/script>\n<\/div>\n<p><strong>Yan\u0131t<\/strong>: Ocak ay\u0131ndan ba\u015flayarak6 ay devam edecek olan Avrupa Birli\u011fi Ba\u015fkanl\u0131\u011f\u0131 d\u00f6neminde tam olarak neler yapmak istediklerini \u00f6ng\u00f6remem. Ger\u00e7ek \u015fudur. Avrupa Konseyi Ba\u015fkanl\u0131\u011f\u0131 gelip gidicidir, fakat Bulgaristan\u2019a yerle\u015fen fa\u015fizmin tas\u0131n\u0131 tara\u011f\u0131n\u0131 toplay\u0131p gitmeye niyetlendi\u011fini ne yaz\u0131k ki g\u00f6remiyoruz. \u00dcstelik Bulgar fa\u015fizmi hele 2017\u2019de bas\u0131n yay\u0131n, radyo ve TV programlar\u0131nda me\u015frula\u015ft\u0131rmaya \u00e7al\u0131\u015f\u0131yor, bu \u00e7abalar\u0131 H\u00fck\u00fcmet ortakl\u0131\u011f\u0131na davet edilmelerinde de g\u00f6rd\u00fck, fa\u015fizm sorunu Bulgar toplumu i\u00e7in \u00e7ok ciddi bir problemdir. Biz, bundan 80 y\u0131l \u00f6nce d\u00fcnyaya hakim olmaya \u00e7al\u0131\u015fan, milyonlarca insan\u0131n \u00f6l\u00fcm\u00fcne neden olan bir zihniyetin yeniden dirili\u015fine, iktidar olmas\u0131na, g\u00fc\u00e7lenmesine ve k\u0131y\u0131ml\u0131 sald\u0131r\u0131lar\u0131na ba\u015flamas\u0131na kap\u0131 araland\u0131\u011f\u0131n\u0131 g\u00f6r\u00fcyoruz.<\/p>\n<p><strong>Soru<\/strong>: \u00c7a\u011fr\u0131n\u0131z ne olacak?\u00a0 Avrupa Konsey Ba\u015fkanl\u0131\u011f\u0131 esnas\u0131nda \u201c<strong>Lukov N\u00fcmayi\u015fleri<\/strong>\u201d ile ilginiz nedir?<\/p>\n<p><strong>Yan\u0131t<\/strong>: <strong>D\u00fcnyan\u0131n d\u00f6rt bir yan\u0131nda ya\u015fayan fa\u015fizm d\u00fc\u015fmanlar\u0131 birle\u015finiz?<\/strong><\/p>\n<p><strong>\u00a0\u00a0\u00a0\u00a0\u00a0\u00a0\u00a0\u00a0\u00a0\u00a0 \u00c7a\u011fr\u0131m\u0131z\u0131 imzalay\u0131n\u0131z l\u00fctfen<\/strong><\/p>\n<p>Okudu\u011funuz i\u00e7in te\u015fekk\u00fcr ederiz.<\/p><div id=\"bghab-2999254773\" class=\"bghab-icerik-icine-30-paragraf bghab-entity-placement\"><script async src=\"\/\/pagead2.googlesyndication.com\/pagead\/js\/adsbygoogle.js?client=ca-pub-6203283170189293\" crossorigin=\"anonymous\"><\/script><ins class=\"adsbygoogle\" style=\"display:block; text-align:center;\" data-ad-client=\"ca-pub-6203283170189293\" \ndata-ad-slot=\"7303146466\" \ndata-ad-layout=\"in-article\"\ndata-ad-format=\"fluid\" data-full-width-responsive=\"true\"><\/ins>\n<script> \n(adsbygoogle = window.adsbygoogle || []).push({}); \n<\/script>\n<\/div>\n<p>Tan\u0131d\u0131\u011f\u0131n\u0131z\u00a0 \u00f6zg\u00fcrl\u00fck\u00e7\u00fclerle payla\u015f\u0131n\u0131z l\u00fctfen.<\/p>\n<p><strong>\u00a0<\/strong><\/p>\n<p>&nbsp;<\/p>\n<p>Raziye \u00c7AKIR<\/p>\n<p>04 Aral\u0131k 2017<\/p>\n<div id=\"bghab-321232960\" class=\"bghab-yazi-altinda bghab-entity-placement\"><script async src=\"https:\/\/pagead2.googlesyndication.com\/pagead\/js\/adsbygoogle.js\"><\/script>\r\n<!-- bghaber-yaz\u0131-sonu -->\r\n<ins class=\"adsbygoogle\"\r\n     style=\"display:block\"\r\n     data-ad-client=\"ca-pub-6203283170189293\"\r\n     data-ad-slot=\"4222328180\"\r\n     data-ad-format=\"auto\"\r\n     data-full-width-responsive=\"true\"><\/ins>\r\n<script>\r\n     (adsbygoogle = window.adsbygoogle || []).push({});\r\n<\/script><\/div><br style=\"clear: both; display: block; float: none;\"\/>","protected":false},"excerpt":{"rendered":"<p>&nbsp; Konu:\u00a0 Bulgar neo-Nazi hortlamas\u0131 hemen yasaklanmal\u0131d\u0131r. Sofya \u201cB\u0130T\u201d TV program\u0131nda D\u00fcnya \u201c\u0130vrid\u201d \u00d6rg\u00fct\u00fc Genel Ba\u015fkan Yard\u0131mc\u0131s\u0131 \u00a0\u00a0\u00a0\u00a0\u00a0\u00a0\u00a0\u00a0\u00a0\u00a0\u00a0 Soloman Bali ile bir s\u00f6yle\u015fi: \u201cFa\u015fist \u201cLukov\u201d<\/p>\n","protected":false},"author":14,"featured_media":0,"comment_status":"closed","ping_status":"closed","sticky":false,"template":"","format":"standard","meta":{"advanced_seo_description":"","jetpack_seo_html_title":"","jetpack_seo_noindex":false,"jetpack_seo_schema_type":"","_jetpack_newsletter_access":"","_jetpack_dont_email_post_to_subs":false,"_jetpack_newsletter_tier_id":0,"_jetpack_memberships_contains_paywalled_content":false,"_jetpack_feature_clip_id":0,"_jetpack_memberships_contains_paid_content":false,"footnotes":"","jetpack_post_was_ever_published":false},"categories":[6],"tags":[],"class_list":["post-25071","post","type-post","status-publish","format-standard","hentry","category-yorum"],"jetpack_sharing_enabled":true,"jetpack_likes_enabled":true,"jetpack-related-posts":[],"jetpack_shortlink":"https:\/\/wp.me\/pc2PfJ-6wn","jetpack_featured_media_url":"","_links":{"self":[{"href":"https:\/\/www.bghaber.org\/bghaber\/wp-json\/wp\/v2\/posts\/25071","targetHints":{"allow":["GET"]}}],"collection":[{"href":"https:\/\/www.bghaber.org\/bghaber\/wp-json\/wp\/v2\/posts"}],"about":[{"href":"https:\/\/www.bghaber.org\/bghaber\/wp-json\/wp\/v2\/types\/post"}],"author":[{"embeddable":true,"href":"https:\/\/www.bghaber.org\/bghaber\/wp-json\/wp\/v2\/users\/14"}],"replies":[{"embeddable":true,"href":"https:\/\/www.bghaber.org\/bghaber\/wp-json\/wp\/v2\/comments?post=25071"}],"version-history":[{"count":0,"href":"https:\/\/www.bghaber.org\/bghaber\/wp-json\/wp\/v2\/posts\/25071\/revisions"}],"wp:attachment":[{"href":"https:\/\/www.bghaber.org\/bghaber\/wp-json\/wp\/v2\/media?parent=25071"}],"wp:term":[{"taxonomy":"category","embeddable":true,"href":"https:\/\/www.bghaber.org\/bghaber\/wp-json\/wp\/v2\/categories?post=25071"},{"taxonomy":"post_tag","embeddable":true,"href":"https:\/\/www.bghaber.org\/bghaber\/wp-json\/wp\/v2\/tags?post=25071"}],"curies":[{"name":"wp","href":"https:\/\/api.w.org\/{rel}","templated":true}]}}