{"id":24751,"date":"2017-11-18T14:51:55","date_gmt":"2017-11-18T11:51:55","guid":{"rendered":"http:\/\/www.bghaber.org\/bghaber\/?p=24751"},"modified":"2019-07-10T18:00:59","modified_gmt":"2019-07-10T16:00:59","slug":"turk-bulgar-yemekleri-festivali","status":"publish","type":"post","link":"https:\/\/www.bghaber.org\/bghaber\/turk-bulgar-yemekleri-festivali\/","title":{"rendered":"T\u00fcrk Bulgar Yemekleri Festivali"},"content":{"rendered":"<p>Ke\u015fan il\u00e7esinde, Bulgaristan&#8217;\u0131n Pomorie kasabas\u0131 ile Ke\u015fan Lokantac\u0131 Kahveci ve Otelciler Odas\u0131 i\u015fbirli\u011fi ve Bulgaristan B\u0130O Net Derne\u011fi deste\u011fiyle haz\u0131rlanan &#8220;Kom\u015fular\u0131n Lezzet A\u011f\u0131&#8221; projesi kapsam\u0131nda yemek festivali d\u00fczenlendi.<\/p>\n<p><img data-recalc-dims=\"1\" loading=\"lazy\" decoding=\"async\" class=\"alignleft size-medium wp-image-24752\" src=\"https:\/\/i0.wp.com\/www.bghaber.org\/bghaber\/wp-content\/uploads\/2017\/11\/turk-bulgar-yemek-festivali-edirne-300x150.jpeg?resize=300%2C150\" alt=\"\" width=\"300\" height=\"150\" srcset=\"https:\/\/i0.wp.com\/www.bghaber.org\/bghaber\/wp-content\/uploads\/2017\/11\/turk-bulgar-yemek-festivali-edirne.jpeg?resize=300%2C150&amp;ssl=1 300w, https:\/\/i0.wp.com\/www.bghaber.org\/bghaber\/wp-content\/uploads\/2017\/11\/turk-bulgar-yemek-festivali-edirne.jpeg?w=606&amp;ssl=1 606w\" sizes=\"auto, (max-width: 300px) 100vw, 300px\" \/><\/p>\n<p>Ke\u015fan Belediyesi \u00c7ok Ama\u00e7l\u0131 Pazaryeri Kompleksi&#8217;nde d\u00fczenlenen festivalde iki \u00fclke tatlar\u0131n\u0131n sergilendi\u011fi 50&#8217;\u015fer metrelik stantlarda, hamur i\u015fi, etli yemekler, tatl\u0131lar ve \u00e7orbalar vatanda\u015flara sunuldu.<\/p>\n<p>Bulgaristan Yani Popov Trakya Korosu ve Lalac\u0131k K\u00f6y\u00fc Halk Oyunlar\u0131 ekibi, festivalde g\u00f6sterilerini sergiledi.<\/p>\n<p>&nbsp;<\/p>\n<p>Bu s\u0131rada T\u00fcrk ve Bulgar kat\u0131l\u0131mc\u0131lar, protokol\u00fcn de kat\u0131l\u0131m\u0131yla davul zurna e\u015fli\u011finde birlikte halay \u00e7ekti.<\/p><div id=\"bghab-813563033\" class=\"bghab-icerik-icine bghab-entity-placement\"><script async src=\"\/\/pagead2.googlesyndication.com\/pagead\/js\/adsbygoogle.js?client=ca-pub-6203283170189293\" crossorigin=\"anonymous\"><\/script><ins class=\"adsbygoogle\" style=\"display:block; text-align:center;\" data-ad-client=\"ca-pub-6203283170189293\" \ndata-ad-slot=\"7303146466\" \ndata-ad-layout=\"in-article\"\ndata-ad-format=\"fluid\" data-full-width-responsive=\"true\"><\/ins>\n<script> \n(adsbygoogle = window.adsbygoogle || []).push({}); \n<\/script>\n<\/div>\n<p>Ke\u015fan Lokantac\u0131 Kahveci ve Otelciler Odas\u0131 Ba\u015fkan\u0131 H\u00fcseyin \u00c7akmak, burada yapt\u0131\u011f\u0131 konu\u015fmada festivalin her iki \u00fclkenin turizmine katk\u0131da bulundu\u011funu s\u00f6yledi.<\/p>\n<p>Bulgar ve T\u00fcrk dostlu\u011funun bu t\u00fcr etkinliklerde peki\u015fti\u011fini anlatan \u00c7akmak, &#8220;Bulgaristan&#8217;dan gelen misafirlerimiz Ke\u015fan, \u0130psala ve Enez il\u00e7elerinde nereleri g\u00f6rebilirler, nerede yemek yiyebilirler, nerede konaklayabilirler bunlar\u0131 da \u00f6\u011freniyorlar. Trakya&#8217;daki lezzet a\u011f\u0131n\u0131 onlara uygulamal\u0131 olarak anlatt\u0131k.&#8221; diye konu\u015ftu.<\/p>\n<p>Bulgaristan B\u0130O Net Derne\u011fi Ba\u015fkan\u0131 Yanka Dimitrova ise, Avrupa Birli\u011fi Bakanl\u0131\u011f\u0131&#8217;n\u0131n Ulusal Otorite g\u00f6revini y\u00fcr\u00fctt\u00fc\u011f\u00fc Interreg-IPA Bulgaristan-T\u00fcrkiye S\u0131n\u0131r \u00d6tesi \u0130\u015fbirli\u011fi Program\u0131 kapsam\u0131nda d\u00fczenlenen projede her iki \u00fclkede etkinlikler d\u00fczenlemeyi s\u00fcrd\u00fcreceklerini kaydetti.<\/p>\n<p>Festivale, Ke\u015fan Kaymakam\u0131 Nuri \u00d6zder, Ke\u015fan Belediye Ba\u015fkan\u0131 Mehmet \u00d6zcan, Edirne Esnaf ve Sanatkarlar Odalar\u0131 Birli\u011fi Ba\u015fkan\u0131 Emin \u0130na\u011f, Bulgar ve T\u00fcrk a\u015f\u00e7\u0131lar ile vatanda\u015flar kat\u0131ld\u0131.<\/p>\n<p>&nbsp;<\/p><div id=\"bghab-714985639\" class=\"bghab-icerik-icine-10-paragraf bghab-entity-placement\"><script async src=\"\/\/pagead2.googlesyndication.com\/pagead\/js\/adsbygoogle.js?client=ca-pub-6203283170189293\" crossorigin=\"anonymous\"><\/script><ins class=\"adsbygoogle\" style=\"display:block; text-align:center;\" data-ad-client=\"ca-pub-6203283170189293\" \ndata-ad-slot=\"7303146466\" \ndata-ad-layout=\"in-article\"\ndata-ad-format=\"fluid\" data-full-width-responsive=\"true\"><\/ins>\n<script> \n(adsbygoogle = window.adsbygoogle || []).push({}); \n<\/script>\n<\/div>\n<p>AA<\/p>\n<div id=\"bghab-565287299\" class=\"bghab-yazi-altinda bghab-entity-placement\"><div class=\"bghab-adlabel\">Reklamlar<\/div><script async src=\"https:\/\/pagead2.googlesyndication.com\/pagead\/js\/adsbygoogle.js\"><\/script>\r\n<!-- bghaber-yaz\u0131-sonu -->\r\n<ins class=\"adsbygoogle\"\r\n     style=\"display:block\"\r\n     data-ad-client=\"ca-pub-6203283170189293\"\r\n     data-ad-slot=\"4222328180\"\r\n     data-ad-format=\"auto\"\r\n     data-full-width-responsive=\"true\"><\/ins>\r\n<script>\r\n     (adsbygoogle = window.adsbygoogle || []).push({});\r\n<\/script><\/div><br style=\"clear: both; display: block; float: none;\"\/>","protected":false},"excerpt":{"rendered":"<p>Ke\u015fan il\u00e7esinde, Bulgaristan&#8217;\u0131n Pomorie kasabas\u0131 ile Ke\u015fan Lokantac\u0131 Kahveci ve Otelciler Odas\u0131 i\u015fbirli\u011fi ve Bulgaristan B\u0130O Net Derne\u011fi deste\u011fiyle haz\u0131rlanan &#8220;Kom\u015fular\u0131n Lezzet A\u011f\u0131&#8221; projesi kapsam\u0131nda<\/p>\n","protected":false},"author":29,"featured_media":24752,"comment_status":"closed","ping_status":"closed","sticky":false,"template":"","format":"standard","meta":{"advanced_seo_description":"","jetpack_seo_html_title":"","jetpack_seo_noindex":false,"_jetpack_memberships_contains_paid_content":false,"footnotes":""},"categories":[1,10],"tags":[],"class_list":["post-24751","post","type-post","status-publish","format-standard","has-post-thumbnail","hentry","category-haberler","category-kultur-sanat"],"jetpack_featured_media_url":"https:\/\/i0.wp.com\/www.bghaber.org\/bghaber\/wp-content\/uploads\/2017\/11\/turk-bulgar-yemek-festivali-edirne.jpeg?fit=606%2C304&ssl=1","jetpack_sharing_enabled":true,"jetpack_likes_enabled":true,"jetpack-related-posts":[],"jetpack_shortlink":"https:\/\/wp.me\/pc2PfJ-6rd","_links":{"self":[{"href":"https:\/\/www.bghaber.org\/bghaber\/wp-json\/wp\/v2\/posts\/24751","targetHints":{"allow":["GET"]}}],"collection":[{"href":"https:\/\/www.bghaber.org\/bghaber\/wp-json\/wp\/v2\/posts"}],"about":[{"href":"https:\/\/www.bghaber.org\/bghaber\/wp-json\/wp\/v2\/types\/post"}],"author":[{"embeddable":true,"href":"https:\/\/www.bghaber.org\/bghaber\/wp-json\/wp\/v2\/users\/29"}],"replies":[{"embeddable":true,"href":"https:\/\/www.bghaber.org\/bghaber\/wp-json\/wp\/v2\/comments?post=24751"}],"version-history":[{"count":0,"href":"https:\/\/www.bghaber.org\/bghaber\/wp-json\/wp\/v2\/posts\/24751\/revisions"}],"wp:featuredmedia":[{"embeddable":true,"href":"https:\/\/www.bghaber.org\/bghaber\/wp-json\/wp\/v2\/media\/24752"}],"wp:attachment":[{"href":"https:\/\/www.bghaber.org\/bghaber\/wp-json\/wp\/v2\/media?parent=24751"}],"wp:term":[{"taxonomy":"category","embeddable":true,"href":"https:\/\/www.bghaber.org\/bghaber\/wp-json\/wp\/v2\/categories?post=24751"},{"taxonomy":"post_tag","embeddable":true,"href":"https:\/\/www.bghaber.org\/bghaber\/wp-json\/wp\/v2\/tags?post=24751"}],"curies":[{"name":"wp","href":"https:\/\/api.w.org\/{rel}","templated":true}]}}