{"id":2472,"date":"2013-06-04T03:37:35","date_gmt":"2013-06-04T00:37:35","guid":{"rendered":"http:\/\/bghaber.org\/bghaber\/?p=2472"},"modified":"2019-07-18T23:55:56","modified_gmt":"2019-07-18T21:55:56","slug":"emniyet-mudurlerinin-istifasi-isteniyor","status":"publish","type":"post","link":"https:\/\/www.bghaber.org\/bghaber\/emniyet-mudurlerinin-istifasi-isteniyor\/","title":{"rendered":"Emniyet m\u00fcd\u00fcrlerinin istifas\u0131 isteniyor"},"content":{"rendered":"<p>\u0130\u00e7i\u015fleri Bakan\u0131 Tsvetlin Yov\u00e7ev, \u00fclke genelinde 5 \u0130l Emniyet M\u00fcd\u00fcr\u00fc ve Sofya Emniyet M\u00fcd\u00fcr\u00fc\u2019n\u00fcn (SDVR) de g\u00f6revden ayr\u0131lmas\u0131n\u0131 istedi. <!--more--><\/p>\n<p><a href=\"https:\/\/i0.wp.com\/bghaber.org\/bghaber\/wp-content\/uploads\/2013\/06\/icisleri-bakanligi.gif\"><img data-recalc-dims=\"1\" loading=\"lazy\" decoding=\"async\" class=\"alignright size-medium wp-image-2473\" alt=\"icisleri-bakanligi\" src=\"https:\/\/i0.wp.com\/bghaber.org\/bghaber\/wp-content\/uploads\/2013\/06\/icisleri-bakanligi-300x153.gif?resize=311%2C159\" width=\"311\" height=\"159\" \/><\/a>\u0130\u00e7i\u015fleri Bakanl\u0131\u011f\u0131 Bas\u0131n Merkezi\u2019nden yap\u0131lan a\u00e7\u0131klamada, SDVR M\u00fcd\u00fcr\u00fc K\u0131demli Komiser Valeri Yordanov\u2019un emri alt\u0131nda bulunan g\u00f6revlilere kontrol uygulamad\u0131\u011f\u0131 gerek\u00e7esiyle g\u00f6revden ayr\u0131lmas\u0131 talep edildi\u011fi bildirildi. Ayn\u0131 nedenden dolay\u0131 Sofya 3. Polis Karakolu M\u00fcd\u00fcr\u00fc Komiser Valentin Simeonov\u2019un da istifas\u0131 istenece\u011fi a\u00e7\u0131kland\u0131.<\/p>\n<p>Y\u00f6nettikleri \u015fubelerde zay\u0131f sonu\u00e7lar elde edilmesi sebebiyle Bakan Yov\u00e7ev\u2019in Vidin Emniyet M\u00fcd\u00fcr\u00fc K\u0131demli M\u00fcfetti\u015f Tsvetan Petkov, K\u00f6stendil Emniyet M\u00fcd\u00fcr\u00fc Komiser Georgi Joglev, Montana Emniyet M\u00fcd\u00fcr\u00fc Ba\u015fm\u00fcfetti\u015f Daniel Psaltirov, Pleven Emniyet M\u00fcd\u00fcr\u00fc Komiser Miroslav Petrov ve T\u0131rgovi\u015fte Emniyet M\u00fcd\u00fcr\u00fc Komiser Stanimir Para\u015fkevov\u2019un da istifa etmelerini istedi\u011fi bildirildi.<br \/>\nB\u00f6ylece eski GERB partisi y\u00f6netimi taraf\u0131ndan g\u00f6reve atanan K\u0131rcaali Emniyet \u0130l M\u00fcd\u00fcr\u00fc Komiser Valeri Baranov\u2019un g\u00f6revini s\u00fcrd\u00fcrmeye devam edece\u011fi ortaya \u00e7\u0131kt\u0131.<\/p>\n<p>Bakan, ki\u015fi ve vatanda\u015flar\u0131n mallar\u0131na kar\u015f\u0131 i\u015flenen su\u00e7larla m\u00fccadele etmek i\u00e7in k\u0131sa vadeli \u00f6nlemler al\u0131nmas\u0131n\u0131 emretti. Bakan, polisin etkin faaliyeti i\u00e7in h\u0131zl\u0131 ceza uygulamalar\u0131, kritik yer ve g\u00fczergah, ayr\u0131ca t\u00fcr, yer ve i\u015fleme zaman\u0131na g\u00f6re kriminal su\u00e7lar\u0131n ayl\u0131k analizleri \u00fczere plan yapma, devriye gezme, n\u00f6bet tutma i\u015fleri organizasyonunu iyile\u015ftirme, belirli bir b\u00f6lgede devriye gezenlerin orada i\u015flenen su\u00e7lar i\u00e7in sorumluluk almalar\u0131, kontrol\u00fcn ve Milli Polis Genel M\u00fcd\u00fcrl\u00fcl\u00fc\u011f\u00fc ile koordinasyon \u00e7al\u0131\u015fmalar\u0131n\u0131n artt\u0131r\u0131lmas\u0131 gibi konkre \u00f6nlemleri belirtti. G\u00f6revde kalan il emniyet m\u00fcd\u00fcrlerine \u00e7al\u0131\u015fmalar\u0131n iyile\u015ftirilmesi i\u00e7in bir ayl\u0131k s\u00fcre verildi\u011fi belli oldu.<\/p>\n<div id=\"bghab-3128628186\" class=\"bghab-yazi-altinda bghab-entity-placement\"><script async src=\"https:\/\/pagead2.googlesyndication.com\/pagead\/js\/adsbygoogle.js\"><\/script>\r\n<!-- bghaber-yaz\u0131-sonu -->\r\n<ins class=\"adsbygoogle\"\r\n     style=\"display:block\"\r\n     data-ad-client=\"ca-pub-6203283170189293\"\r\n     data-ad-slot=\"4222328180\"\r\n     data-ad-format=\"auto\"\r\n     data-full-width-responsive=\"true\"><\/ins>\r\n<script>\r\n     (adsbygoogle = window.adsbygoogle || []).push({});\r\n<\/script><\/div><br style=\"clear: both; display: block; float: none;\"\/>","protected":false},"excerpt":{"rendered":"<p>\u0130\u00e7i\u015fleri Bakan\u0131 Tsvetlin Yov\u00e7ev, \u00fclke genelinde 5 \u0130l Emniyet M\u00fcd\u00fcr\u00fc ve Sofya Emniyet M\u00fcd\u00fcr\u00fc\u2019n\u00fcn (SDVR) de g\u00f6revden ayr\u0131lmas\u0131n\u0131 istedi.<\/p>\n","protected":false},"author":29,"featured_media":2473,"comment_status":"closed","ping_status":"closed","sticky":false,"template":"","format":"standard","meta":{"advanced_seo_description":"","jetpack_seo_html_title":"","jetpack_seo_noindex":false,"jetpack_seo_schema_type":"","_jetpack_newsletter_access":"","_jetpack_dont_email_post_to_subs":false,"_jetpack_newsletter_tier_id":0,"_jetpack_memberships_contains_paywalled_content":false,"_jetpack_feature_clip_id":0,"_jetpack_memberships_contains_paid_content":false,"footnotes":"","jetpack_post_was_ever_published":false},"categories":[4],"tags":[30],"class_list":["post-2472","post","type-post","status-publish","format-standard","has-post-thumbnail","hentry","category-siyaset","tag-bulgaristan"],"jetpack_sharing_enabled":true,"jetpack_likes_enabled":true,"jetpack-related-posts":[],"jetpack_shortlink":"https:\/\/wp.me\/pc2PfJ-DS","jetpack_featured_media_url":"https:\/\/i0.wp.com\/www.bghaber.org\/bghaber\/wp-content\/uploads\/2013\/06\/icisleri-bakanligi.gif?fit=600%2C307&ssl=1","_links":{"self":[{"href":"https:\/\/www.bghaber.org\/bghaber\/wp-json\/wp\/v2\/posts\/2472","targetHints":{"allow":["GET"]}}],"collection":[{"href":"https:\/\/www.bghaber.org\/bghaber\/wp-json\/wp\/v2\/posts"}],"about":[{"href":"https:\/\/www.bghaber.org\/bghaber\/wp-json\/wp\/v2\/types\/post"}],"author":[{"embeddable":true,"href":"https:\/\/www.bghaber.org\/bghaber\/wp-json\/wp\/v2\/users\/29"}],"replies":[{"embeddable":true,"href":"https:\/\/www.bghaber.org\/bghaber\/wp-json\/wp\/v2\/comments?post=2472"}],"version-history":[{"count":0,"href":"https:\/\/www.bghaber.org\/bghaber\/wp-json\/wp\/v2\/posts\/2472\/revisions"}],"wp:featuredmedia":[{"embeddable":true,"href":"https:\/\/www.bghaber.org\/bghaber\/wp-json\/wp\/v2\/media\/2473"}],"wp:attachment":[{"href":"https:\/\/www.bghaber.org\/bghaber\/wp-json\/wp\/v2\/media?parent=2472"}],"wp:term":[{"taxonomy":"category","embeddable":true,"href":"https:\/\/www.bghaber.org\/bghaber\/wp-json\/wp\/v2\/categories?post=2472"},{"taxonomy":"post_tag","embeddable":true,"href":"https:\/\/www.bghaber.org\/bghaber\/wp-json\/wp\/v2\/tags?post=2472"}],"curies":[{"name":"wp","href":"https:\/\/api.w.org\/{rel}","templated":true}]}}