{"id":2427,"date":"2013-06-02T23:27:04","date_gmt":"2013-06-02T20:27:04","guid":{"rendered":"http:\/\/bghaber.org\/bghaber\/?p=2427"},"modified":"2019-07-18T23:56:08","modified_gmt":"2019-07-18T21:56:08","slug":"hukumet-karsiti-protesto-gosterileri-sona-erdi","status":"publish","type":"post","link":"https:\/\/www.bghaber.org\/bghaber\/hukumet-karsiti-protesto-gosterileri-sona-erdi\/","title":{"rendered":"H\u00fck\u00fcmet kar\u015f\u0131t\u0131 protesto g\u00f6sterileri sona erdi"},"content":{"rendered":"<div>Ba\u015fkent Sofya ve \u00fclkenin di\u011fer b\u00fcy\u00fck \u015fehirlerinde ger\u00e7ekle\u015ftirilen yeni h\u00fck\u00fcmetin protesto edildi\u011fi g\u00f6steriler sona erdi.<!--more--><!--more--><\/div>\n<div><\/div>\n<div><a href=\"https:\/\/i0.wp.com\/bghaber.org\/bghaber\/wp-content\/uploads\/2013\/06\/hukumet-karsiti-eylemler.jpg\"><img data-recalc-dims=\"1\" loading=\"lazy\" decoding=\"async\" class=\"alignright size-medium wp-image-2428\" alt=\"hukumet-karsiti-eylemler\" src=\"https:\/\/i0.wp.com\/bghaber.org\/bghaber\/wp-content\/uploads\/2013\/06\/hukumet-karsiti-eylemler-300x150.jpg?resize=300%2C150\" width=\"300\" height=\"150\" srcset=\"https:\/\/i0.wp.com\/www.bghaber.org\/bghaber\/wp-content\/uploads\/2013\/06\/hukumet-karsiti-eylemler.jpg?resize=300%2C150&amp;ssl=1 300w, https:\/\/i0.wp.com\/www.bghaber.org\/bghaber\/wp-content\/uploads\/2013\/06\/hukumet-karsiti-eylemler.jpg?w=640&amp;ssl=1 640w\" sizes=\"auto, (max-width: 300px) 100vw, 300px\" \/><\/a>Sofya\u2019da bine yak\u0131n g\u00f6sterici yakla\u015f\u0131k d\u00f6rt saat boyunca yeni kurulan Plamen Ore\u015farski h\u00fck\u00fcmetini protesto etti. H\u00fck\u00fcmetin istifa etmesini ve tekrar se\u00e7ime gidilmesini talep eden yakla\u015f\u0131k bin ki\u015fiden olu\u015fan protestocu grup, ayn\u0131 zamanda Se\u00e7im Kanunu\u2019nda de\u011fi\u015fiklik yap\u0131lmas\u0131n\u0131 da istedi.<\/div>\n<div><\/div>\n<div>\u00d6\u011flen saatlerinde ba\u015flayan g\u00f6sterilere\u00a0<em><b>Bulgaristan&#8217;\u0131n Kurtulu\u015fu i\u00e7in Ulusal Cephe<\/b><\/em>\u00a0Partisi(NFSB)\u00a0ile D\u00fczen Yasall\u0131k ve Adalet Partisi destek verdi. Parlamento \u00f6n\u00fcnde toplanan protestocular Kartal K\u00f6pr\u00fcs\u00fc\u2019ne do\u011fru y\u00fcr\u00fcy\u00fc\u015fe ge\u00e7ti. K\u00f6pr\u00fcden T\u00fcrk B\u00fcy\u00fckel\u00e7ili\u011finin de bulundu\u011fu Vasil Levski Bulvar\u0131na gelen g\u00f6stericiler, T\u00fcrk B\u00fcy\u00fckel\u00e7ili\u011fi \u00f6n\u00fcnde sloganlar att\u0131.<\/div>\n<div>Protesto y\u00fcr\u00fcy\u00fc\u015f\u00fc nedeniyle yo\u011fun g\u00fcvenlik \u00f6nlemleri alan polis herhangi bir ta\u015fk\u0131nl\u0131\u011fa izin vermedi.<\/div>\n<div><\/div>\n<p>&nbsp;<\/p>\n<div>Ajans Bg<\/div>\n<div id=\"bghab-3884279976\" class=\"bghab-yazi-altinda bghab-entity-placement\"><script async src=\"https:\/\/pagead2.googlesyndication.com\/pagead\/js\/adsbygoogle.js\"><\/script>\r\n<!-- bghaber-yaz\u0131-sonu -->\r\n<ins class=\"adsbygoogle\"\r\n     style=\"display:block\"\r\n     data-ad-client=\"ca-pub-6203283170189293\"\r\n     data-ad-slot=\"4222328180\"\r\n     data-ad-format=\"auto\"\r\n     data-full-width-responsive=\"true\"><\/ins>\r\n<script>\r\n     (adsbygoogle = window.adsbygoogle || []).push({});\r\n<\/script><\/div><br style=\"clear: both; display: block; float: none;\"\/>","protected":false},"excerpt":{"rendered":"<p>Ba\u015fkent Sofya ve \u00fclkenin di\u011fer b\u00fcy\u00fck \u015fehirlerinde ger\u00e7ekle\u015ftirilen yeni h\u00fck\u00fcmetin protesto edildi\u011fi g\u00f6steriler sona erdi.<\/p>\n","protected":false},"author":29,"featured_media":2428,"comment_status":"closed","ping_status":"closed","sticky":false,"template":"","format":"standard","meta":{"advanced_seo_description":"","jetpack_seo_html_title":"","jetpack_seo_noindex":false,"jetpack_seo_schema_type":"","_jetpack_newsletter_access":"","_jetpack_dont_email_post_to_subs":false,"_jetpack_newsletter_tier_id":0,"_jetpack_memberships_contains_paywalled_content":false,"_jetpack_feature_clip_id":0,"_jetpack_memberships_contains_paid_content":false,"footnotes":"","jetpack_post_was_ever_published":false},"categories":[4],"tags":[30],"class_list":["post-2427","post","type-post","status-publish","format-standard","has-post-thumbnail","hentry","category-siyaset","tag-bulgaristan"],"jetpack_sharing_enabled":true,"jetpack_likes_enabled":true,"jetpack-related-posts":[],"jetpack_shortlink":"https:\/\/wp.me\/pc2PfJ-D9","jetpack_featured_media_url":"https:\/\/i0.wp.com\/www.bghaber.org\/bghaber\/wp-content\/uploads\/2013\/06\/hukumet-karsiti-eylemler.jpg?fit=640%2C320&ssl=1","_links":{"self":[{"href":"https:\/\/www.bghaber.org\/bghaber\/wp-json\/wp\/v2\/posts\/2427","targetHints":{"allow":["GET"]}}],"collection":[{"href":"https:\/\/www.bghaber.org\/bghaber\/wp-json\/wp\/v2\/posts"}],"about":[{"href":"https:\/\/www.bghaber.org\/bghaber\/wp-json\/wp\/v2\/types\/post"}],"author":[{"embeddable":true,"href":"https:\/\/www.bghaber.org\/bghaber\/wp-json\/wp\/v2\/users\/29"}],"replies":[{"embeddable":true,"href":"https:\/\/www.bghaber.org\/bghaber\/wp-json\/wp\/v2\/comments?post=2427"}],"version-history":[{"count":0,"href":"https:\/\/www.bghaber.org\/bghaber\/wp-json\/wp\/v2\/posts\/2427\/revisions"}],"wp:featuredmedia":[{"embeddable":true,"href":"https:\/\/www.bghaber.org\/bghaber\/wp-json\/wp\/v2\/media\/2428"}],"wp:attachment":[{"href":"https:\/\/www.bghaber.org\/bghaber\/wp-json\/wp\/v2\/media?parent=2427"}],"wp:term":[{"taxonomy":"category","embeddable":true,"href":"https:\/\/www.bghaber.org\/bghaber\/wp-json\/wp\/v2\/categories?post=2427"},{"taxonomy":"post_tag","embeddable":true,"href":"https:\/\/www.bghaber.org\/bghaber\/wp-json\/wp\/v2\/tags?post=2427"}],"curies":[{"name":"wp","href":"https:\/\/api.w.org\/{rel}","templated":true}]}}