{"id":2418,"date":"2013-06-01T23:46:40","date_gmt":"2013-06-01T20:46:40","guid":{"rendered":"http:\/\/bghaber.org\/bghaber\/?p=2418"},"modified":"2019-07-18T23:56:08","modified_gmt":"2019-07-18T21:56:08","slug":"bursada-buyuk-protesto","status":"publish","type":"post","link":"https:\/\/www.bghaber.org\/bghaber\/bursada-buyuk-protesto\/","title":{"rendered":"Bursa&#8217;da b\u00fcy\u00fck protesto"},"content":{"rendered":"<p>Bursal\u0131lar K\u00fclt\u00fcr \u00a0Park ve Alt\u0131parmaktan ba\u015flad\u0131klar\u0131 y\u00fcr\u00fcy\u00fc\u015flerini Atat\u00fcrk heykeline kadar s\u00fcrd\u00fcrd\u00fcler . <!--more--><\/p>\n<p><a href=\"https:\/\/i0.wp.com\/bghaber.org\/bghaber\/wp-content\/uploads\/2013\/06\/bursa-direnis.jpg\"><img data-recalc-dims=\"1\" loading=\"lazy\" decoding=\"async\" class=\"alignright size-medium wp-image-2419\" alt=\"bursa-direnis\" src=\"https:\/\/i0.wp.com\/bghaber.org\/bghaber\/wp-content\/uploads\/2013\/06\/bursa-direnis-300x225.jpg?resize=300%2C225\" width=\"300\" height=\"225\" srcset=\"https:\/\/i0.wp.com\/www.bghaber.org\/bghaber\/wp-content\/uploads\/2013\/06\/bursa-direnis.jpg?resize=300%2C225&amp;ssl=1 300w, https:\/\/i0.wp.com\/www.bghaber.org\/bghaber\/wp-content\/uploads\/2013\/06\/bursa-direnis.jpg?resize=768%2C576&amp;ssl=1 768w, https:\/\/i0.wp.com\/www.bghaber.org\/bghaber\/wp-content\/uploads\/2013\/06\/bursa-direnis.jpg?resize=1024%2C768&amp;ssl=1 1024w, https:\/\/i0.wp.com\/www.bghaber.org\/bghaber\/wp-content\/uploads\/2013\/06\/bursa-direnis.jpg?resize=1536%2C1152&amp;ssl=1 1536w, https:\/\/i0.wp.com\/www.bghaber.org\/bghaber\/wp-content\/uploads\/2013\/06\/bursa-direnis.jpg?resize=320%2C240&amp;ssl=1 320w, https:\/\/i0.wp.com\/www.bghaber.org\/bghaber\/wp-content\/uploads\/2013\/06\/bursa-direnis.jpg?w=2048&amp;ssl=1 2048w, https:\/\/i0.wp.com\/www.bghaber.org\/bghaber\/wp-content\/uploads\/2013\/06\/bursa-direnis.jpg?w=1280&amp;ssl=1 1280w, https:\/\/i0.wp.com\/www.bghaber.org\/bghaber\/wp-content\/uploads\/2013\/06\/bursa-direnis.jpg?w=1920&amp;ssl=1 1920w\" sizes=\"auto, (max-width: 300px) 100vw, 300px\" \/><\/a>\u0130stanbul \u00a0Gezi Park\u0131ndaki a\u011fa\u00e7lar\u0131n kesilmesi ile ba\u015flayan \u00a0 ve Taksim meydan\u0131nda \u00a05 \u2013 g\u00fcnd\u00fcr devam eden direni\u015fe destek i\u00e7in yap\u0131lan y\u00fcr\u00fcy\u00fc\u015fe \u00a0Bursal\u0131lar \u00a0\u00e7ok yo\u011fun bir \u015fekilde kat\u0131ld\u0131lar .<\/p>\n<p>\u201cHER YER TAKS\u0130M HER YER D\u0130REN\u0130\u015e\u201d ,<\/p>\n<p>\u201cH\u00dcK\u00dcMET \u0130ST\u0130FA\u201d ,<\/p>\n<p>\u201cKAHROLSUN AKP D\u0130KTAT\u00d6RL\u00dc\u011e\u00dc\u201d ,<\/p><div id=\"bghab-2436873246\" class=\"bghab-icerik-icine bghab-entity-placement\"><script async src=\"\/\/pagead2.googlesyndication.com\/pagead\/js\/adsbygoogle.js?client=ca-pub-6203283170189293\" crossorigin=\"anonymous\"><\/script><ins class=\"adsbygoogle\" style=\"display:block; text-align:center;\" data-ad-client=\"ca-pub-6203283170189293\" \ndata-ad-slot=\"7303146466\" \ndata-ad-layout=\"in-article\"\ndata-ad-format=\"fluid\" data-full-width-responsive=\"true\"><\/ins>\n<script> \n(adsbygoogle = window.adsbygoogle || []).push({}); \n<\/script>\n<\/div>\n<p>\u201cBURSA UYUMA VATANINA SAH\u0130P \u00c7IK\u201d sloganlar\u0131n\u0131n yo\u011fun \u015fekilde at\u0131ld\u0131\u011f\u0131 y\u00fcr\u00fcy\u00fc\u015fte s\u0131k s\u0131k Milli Mar\u015f\u0131m\u0131zda okundu.<\/p>\n<p>&nbsp;<\/p>\n<p>BGP \u00a0 \u00a0HABER<\/p>\n<div id=\"bghab-1254415641\" class=\"bghab-yazi-altinda bghab-entity-placement\"><script async src=\"https:\/\/pagead2.googlesyndication.com\/pagead\/js\/adsbygoogle.js\"><\/script>\r\n<!-- bghaber-yaz\u0131-sonu -->\r\n<ins class=\"adsbygoogle\"\r\n     style=\"display:block\"\r\n     data-ad-client=\"ca-pub-6203283170189293\"\r\n     data-ad-slot=\"4222328180\"\r\n     data-ad-format=\"auto\"\r\n     data-full-width-responsive=\"true\"><\/ins>\r\n<script>\r\n     (adsbygoogle = window.adsbygoogle || []).push({});\r\n<\/script><\/div><br style=\"clear: both; display: block; float: none;\"\/>","protected":false},"excerpt":{"rendered":"<p>Bursal\u0131lar K\u00fclt\u00fcr \u00a0Park ve Alt\u0131parmaktan ba\u015flad\u0131klar\u0131 y\u00fcr\u00fcy\u00fc\u015flerini Atat\u00fcrk heykeline kadar s\u00fcrd\u00fcrd\u00fcler .<\/p>\n","protected":false},"author":29,"featured_media":2419,"comment_status":"closed","ping_status":"closed","sticky":false,"template":"","format":"standard","meta":{"advanced_seo_description":"","jetpack_seo_html_title":"","jetpack_seo_noindex":false,"jetpack_seo_schema_type":"","_jetpack_newsletter_access":"","_jetpack_dont_email_post_to_subs":false,"_jetpack_newsletter_tier_id":0,"_jetpack_memberships_contains_paywalled_content":false,"_jetpack_feature_clip_id":0,"_jetpack_memberships_contains_paid_content":false,"footnotes":"","jetpack_post_was_ever_published":false},"categories":[4],"tags":[30],"class_list":["post-2418","post","type-post","status-publish","format-standard","has-post-thumbnail","hentry","category-siyaset","tag-bulgaristan"],"jetpack_sharing_enabled":true,"jetpack_likes_enabled":true,"jetpack-related-posts":[],"jetpack_shortlink":"https:\/\/wp.me\/pc2PfJ-D0","jetpack_featured_media_url":"https:\/\/i0.wp.com\/www.bghaber.org\/bghaber\/wp-content\/uploads\/2013\/06\/bursa-direnis.jpg?fit=2048%2C1536&ssl=1","_links":{"self":[{"href":"https:\/\/www.bghaber.org\/bghaber\/wp-json\/wp\/v2\/posts\/2418","targetHints":{"allow":["GET"]}}],"collection":[{"href":"https:\/\/www.bghaber.org\/bghaber\/wp-json\/wp\/v2\/posts"}],"about":[{"href":"https:\/\/www.bghaber.org\/bghaber\/wp-json\/wp\/v2\/types\/post"}],"author":[{"embeddable":true,"href":"https:\/\/www.bghaber.org\/bghaber\/wp-json\/wp\/v2\/users\/29"}],"replies":[{"embeddable":true,"href":"https:\/\/www.bghaber.org\/bghaber\/wp-json\/wp\/v2\/comments?post=2418"}],"version-history":[{"count":0,"href":"https:\/\/www.bghaber.org\/bghaber\/wp-json\/wp\/v2\/posts\/2418\/revisions"}],"wp:featuredmedia":[{"embeddable":true,"href":"https:\/\/www.bghaber.org\/bghaber\/wp-json\/wp\/v2\/media\/2419"}],"wp:attachment":[{"href":"https:\/\/www.bghaber.org\/bghaber\/wp-json\/wp\/v2\/media?parent=2418"}],"wp:term":[{"taxonomy":"category","embeddable":true,"href":"https:\/\/www.bghaber.org\/bghaber\/wp-json\/wp\/v2\/categories?post=2418"},{"taxonomy":"post_tag","embeddable":true,"href":"https:\/\/www.bghaber.org\/bghaber\/wp-json\/wp\/v2\/tags?post=2418"}],"curies":[{"name":"wp","href":"https:\/\/api.w.org\/{rel}","templated":true}]}}