{"id":2414,"date":"2013-06-01T23:19:51","date_gmt":"2013-06-01T20:19:51","guid":{"rendered":"http:\/\/bghaber.org\/bghaber\/?p=2414"},"modified":"2019-07-18T23:56:08","modified_gmt":"2019-07-18T21:56:08","slug":"sofyadan-gezi-parki-protestosu","status":"publish","type":"post","link":"https:\/\/www.bghaber.org\/bghaber\/sofyadan-gezi-parki-protestosu\/","title":{"rendered":"Sofya&#8217;dan Gezi Park\u0131 protestosu"},"content":{"rendered":"<div>\u0130stanbul\u2019da Taksim Meydan\u0131\u2019ndaki Gezi Park\u0131 olaylar\u0131 Bulgaristan\u2019\u0131n ba\u015fkenti Sodya\u2019da protesto edildi.\u00a0Bulgaristan\u2019da okuyan T\u00fcrkiyeli \u00f6\u011frencilerin organize etti\u011fi protesto g\u00f6sterisine sivil toplum kurulu\u015flar\u0131n\u0131n temsilcileri de kat\u0131ld\u0131. <!--more--><\/div>\n<div><\/div>\n<div><a href=\"https:\/\/i0.wp.com\/bghaber.org\/bghaber\/wp-content\/uploads\/2013\/06\/taksim-gezi-park-olaylari.jpg\"><img data-recalc-dims=\"1\" loading=\"lazy\" decoding=\"async\" class=\"alignright size-full wp-image-2415\" alt=\"taksim-gezi-park-olaylari\" src=\"https:\/\/i0.wp.com\/bghaber.org\/bghaber\/wp-content\/uploads\/2013\/06\/taksim-gezi-park-olaylari.jpg?resize=187%2C112\" width=\"187\" height=\"112\" \/><\/a>Gezi Park\u0131 protestosu Sofya\u2019daki Ulusal K\u00fclt\u00fcr Saray\u0131\u2019n\u0131n \u00f6n\u00fcnde\u00a0ger\u00e7ekle\u015ftirildi.<\/div>\n<div><\/div>\n<p>T\u00fcrkiyeli \u00f6\u011frencilerden farkl\u0131 bir grup ise Facebook\u2019ta Sofya\u2019daki T\u00fcrk B\u00fcy\u00fckel\u00e7ili\u011fi\u2019nin \u00f6n\u00fcnde protesto d\u00fczenleyeceklerini belirtiyor.<\/p>\n<p><iframe loading=\"lazy\" src=\"http:\/\/www.youtube.com\/embed\/AkiqLEHERZ0\" height=\"315\" width=\"560\" allowfullscreen=\"\" frameborder=\"0\"><\/iframe><\/p>\n<p>AjansBG<\/p>\n<div id=\"bghab-2069193791\" class=\"bghab-yazi-altinda bghab-entity-placement\"><script async src=\"https:\/\/pagead2.googlesyndication.com\/pagead\/js\/adsbygoogle.js\"><\/script>\r\n<!-- bghaber-yaz\u0131-sonu -->\r\n<ins class=\"adsbygoogle\"\r\n     style=\"display:block\"\r\n     data-ad-client=\"ca-pub-6203283170189293\"\r\n     data-ad-slot=\"4222328180\"\r\n     data-ad-format=\"auto\"\r\n     data-full-width-responsive=\"true\"><\/ins>\r\n<script>\r\n     (adsbygoogle = window.adsbygoogle || []).push({});\r\n<\/script><\/div><br style=\"clear: both; display: block; float: none;\"\/>","protected":false},"excerpt":{"rendered":"<p>\u0130stanbul\u2019da Taksim Meydan\u0131\u2019ndaki Gezi Park\u0131 olaylar\u0131 Bulgaristan\u2019\u0131n ba\u015fkenti Sodya\u2019da protesto edildi.\u00a0Bulgaristan\u2019da okuyan T\u00fcrkiyeli \u00f6\u011frencilerin organize etti\u011fi protesto g\u00f6sterisine sivil toplum kurulu\u015flar\u0131n\u0131n temsilcileri de kat\u0131ld\u0131.<\/p>\n","protected":false},"author":29,"featured_media":2415,"comment_status":"closed","ping_status":"closed","sticky":false,"template":"","format":"standard","meta":{"advanced_seo_description":"","jetpack_seo_html_title":"","jetpack_seo_noindex":false,"jetpack_seo_schema_type":"","_jetpack_newsletter_access":"","_jetpack_dont_email_post_to_subs":false,"_jetpack_newsletter_tier_id":0,"_jetpack_memberships_contains_paywalled_content":false,"_jetpack_feature_clip_id":0,"_jetpack_memberships_contains_paid_content":false,"footnotes":"","jetpack_post_was_ever_published":false},"categories":[4],"tags":[30,51],"class_list":["post-2414","post","type-post","status-publish","format-standard","has-post-thumbnail","hentry","category-siyaset","tag-bulgaristan","tag-sofya"],"jetpack_sharing_enabled":true,"jetpack_likes_enabled":true,"jetpack-related-posts":[],"jetpack_shortlink":"https:\/\/wp.me\/pc2PfJ-CW","jetpack_featured_media_url":"https:\/\/i0.wp.com\/www.bghaber.org\/bghaber\/wp-content\/uploads\/2013\/06\/taksim-gezi-park-olaylari.jpg?fit=250%2C150&ssl=1","_links":{"self":[{"href":"https:\/\/www.bghaber.org\/bghaber\/wp-json\/wp\/v2\/posts\/2414","targetHints":{"allow":["GET"]}}],"collection":[{"href":"https:\/\/www.bghaber.org\/bghaber\/wp-json\/wp\/v2\/posts"}],"about":[{"href":"https:\/\/www.bghaber.org\/bghaber\/wp-json\/wp\/v2\/types\/post"}],"author":[{"embeddable":true,"href":"https:\/\/www.bghaber.org\/bghaber\/wp-json\/wp\/v2\/users\/29"}],"replies":[{"embeddable":true,"href":"https:\/\/www.bghaber.org\/bghaber\/wp-json\/wp\/v2\/comments?post=2414"}],"version-history":[{"count":0,"href":"https:\/\/www.bghaber.org\/bghaber\/wp-json\/wp\/v2\/posts\/2414\/revisions"}],"wp:featuredmedia":[{"embeddable":true,"href":"https:\/\/www.bghaber.org\/bghaber\/wp-json\/wp\/v2\/media\/2415"}],"wp:attachment":[{"href":"https:\/\/www.bghaber.org\/bghaber\/wp-json\/wp\/v2\/media?parent=2414"}],"wp:term":[{"taxonomy":"category","embeddable":true,"href":"https:\/\/www.bghaber.org\/bghaber\/wp-json\/wp\/v2\/categories?post=2414"},{"taxonomy":"post_tag","embeddable":true,"href":"https:\/\/www.bghaber.org\/bghaber\/wp-json\/wp\/v2\/tags?post=2414"}],"curies":[{"name":"wp","href":"https:\/\/api.w.org\/{rel}","templated":true}]}}