{"id":2409,"date":"2013-06-01T23:05:21","date_gmt":"2013-06-01T20:05:21","guid":{"rendered":"http:\/\/bghaber.org\/bghaber\/?p=2409"},"modified":"2019-07-18T23:56:08","modified_gmt":"2019-07-18T21:56:08","slug":"madanli-muslumanlar-bursada","status":"publish","type":"post","link":"https:\/\/www.bghaber.org\/bghaber\/madanli-muslumanlar-bursada\/","title":{"rendered":"Madanl\u0131 M\u00fcsl\u00fcmanlar Bursa&#8217;da"},"content":{"rendered":"<p>Bulgaristan\u00b4\u0131n Rodop B\u00f6lgesi Madan \u015fehrinde ya\u015fayan ve Bursa\u00b4da a\u011f\u0131rlanan M\u00fcsl\u00fcmanlar, B\u00fcy\u00fck\u015fehir Belediye Ba\u015fkan\u0131 Recep Altepe\u00b4ye te\u015fekk\u00fcr ziyaretinde bulundu.<br \/>\n<!--more--><br \/>\n<a href=\"https:\/\/i0.wp.com\/bghaber.org\/bghaber\/wp-content\/uploads\/2013\/06\/madanli_muslumanlar_baskan_altepeyi_ziyaret_etti.jpg\"><img data-recalc-dims=\"1\" loading=\"lazy\" decoding=\"async\" class=\"alignright size-medium wp-image-2410\" alt=\"madanli_muslumanlar_baskan_altepeyi_ziyaret_etti\" src=\"https:\/\/i0.wp.com\/bghaber.org\/bghaber\/wp-content\/uploads\/2013\/06\/madanli_muslumanlar_baskan_altepeyi_ziyaret_etti-300x172.jpg?resize=300%2C172\" width=\"300\" height=\"172\" \/><\/a>Heykel\u00b4deki tarihi ba\u015fkanl\u0131k binas\u0131nda ger\u00e7ekle\u015fen ziyarete, Madan \u0130mam\u0131 Hayri Hasan ile 30\u00b4a yak\u0131n Madanl\u0131 kat\u0131ld\u0131. B\u00fcy\u00fck\u015fehir Belediye Ba\u015fkan\u0131 Recep Altepe, T\u00fcrkiye d\u0131\u015f\u0131ndaki M\u00fcsl\u00fcmanlar\u0131n g\u00fc\u00e7l\u00fc olmas\u0131 i\u00e7in ne gerekiyorsa yapt\u0131klar\u0131n\u0131 s\u00f6yledi.Bulgaristan\u00b4da aralar\u0131nda Madan\u00b4\u0131n da yer ald\u0131\u011f\u0131 \u00e7e\u015fitli b\u00f6lgelerde M\u00fcsl\u00fcmanlar\u0131n ne t\u00fcr bir talebi varsa ger\u00e7ekle\u015ftirmeye \u00e7al\u0131\u015ft\u0131klar\u0131n\u0131, Bursal\u0131 i\u015f adamlar\u0131n\u0131 T\u00fcrkiye d\u0131\u015f\u0131ndaki M\u00fcsl\u00fcmanlar i\u00e7in seferber ettiklerini belirten Ba\u015fkan Altepe, &#8220;T\u00fcm hedefimiz, T\u00fcrkiye d\u0131\u015f\u0131ndaki M\u00fcsl\u00fcmanlar\u0131n dinlerini ve k\u00fclt\u00fcrlerini muhafaza etmesi, gelecek nesillere aktararak ya\u015fatmas\u0131d\u0131r. Zararl\u0131, bizi g\u00fc\u00e7s\u00fcz k\u0131lmaya y\u00f6nelik ak\u0131mlar\u0131n \u00f6n\u00fcnde ancak g\u00fc\u00e7l\u00fc olursak durabiliriz. Bunun i\u00e7in de birlik ve beraberli\u011fimizi mutlaka sa\u011flamal\u0131y\u0131z. \u00c7ok \u00e7al\u0131\u015farak \u00fcretir hale gelmeliyiz&#8221; dedi.<\/p>\n<p>B\u00fcy\u00fck\u015fehir Belediyesi olarak Madan\u00b4da her y\u0131l \u00e7e\u015fitli etkinliklerde bulunduklar\u0131n\u0131, Madan\u00b4\u0131 Bulgaristan\u00b4da \u00b4dinini ve k\u00fclt\u00fcr\u00fcn\u00fc ya\u015fayan bir b\u00f6lge\u00b4 olarak bildi\u011fini kaydeden Ba\u015fkan Altepe, &#8220;Bizler Madan\u00b4\u0131 seviyoruz.<\/p>\n<p>\u00c7\u00fcnk\u00fc Madan kendisini korumu\u015f. Yapt\u0131\u011f\u0131m\u0131z ziyaretlerde bunu g\u00f6r\u00fcyoruz. Dinini ve k\u00fclt\u00fcr\u00fcn\u00fc ya\u015fayan M\u00fcsl\u00fcmanlar\u0131 g\u00f6r\u00fcnce mutlu oluyoruz. Onun i\u00e7in Bulgaristan denince, benim ilk akl\u0131ma gelen yer Madan oluyor.&#8221; diye konu\u015ftu.<\/p>\n<p>B\u00fcy\u00fck\u015fehir Belediyesi olarak T\u00fcrkiye d\u0131\u015f\u0131ndaki M\u00fcsl\u00fcmanlar i\u00e7in eldeki imkanlar dahilinde her t\u00fcrl\u00fc deste\u011fi sa\u011flad\u0131klar\u0131n\u0131 ifade eden Ba\u015fkan Altepe, bug\u00fcne kadar oldu\u011fu gibi bug\u00fcnden sonra da Madan\u00b4a ilgiyi esirgemeyeceklerini vurgulad\u0131. Benzer duygular\u0131 ve idealleri payla\u015fan, ayn\u0131 dine mensup insanlar olarak bunu g\u00f6rev bildiklerini ifade eden Ba\u015fkan Altepe, &#8220;\u0130n\u015fallah \u015fimdiden sonra hep beraberiz. \u0130yi ve k\u00f6t\u00fc g\u00fcn\u00fcn\u00fczde yan\u0131n\u0131zday\u0131z. \u00c7\u00fcnk\u00fc biz dost ve karde\u015fiz. \u0130lk f\u0131rsatta b\u00f6lgenize ziyarette bulunaca\u011f\u0131m&#8221; \u015feklinde konu\u015ftu.<\/p>\n<p>Madan \u0130mam\u0131 Hayri Hasan, Ba\u015fkan Altepe sayesinde 3 g\u00fcnd\u00fcr Bursa\u00b4da misafir edildiklerini s\u00f6yledi. Bursa\u00b4y\u0131 \u00e7ok b\u00fcy\u00fck bulduklar\u0131n\u0131, \u015fehrin tarihi ve turistik mekanlar\u0131n\u0131 gezdiklerini belirten Hasan, &#8220;Allah raz\u0131 olsun, ba\u015fkan\u0131m\u0131z davet ettiler ve geldik. Tophane ve Ye\u015fil\u00b4deki t\u00fcrbeleri, Emir Sultan Hazretleri\u00b4ni, Karaba\u015f-i Veli Tekkesi\u00b4ni, \u00e7ar\u015f\u0131 ve hanlar\u0131, \u00d6rdekli Hamam\u0131\u00b4n\u0131 gezdik. Bursa\u00b4y\u0131 \u00e7ok be\u011fendik&#8221; ifadelerini kulland\u0131.<\/p><div id=\"bghab-3510380830\" class=\"bghab-icerik-icine bghab-entity-placement\"><script async src=\"\/\/pagead2.googlesyndication.com\/pagead\/js\/adsbygoogle.js?client=ca-pub-6203283170189293\" crossorigin=\"anonymous\"><\/script><ins class=\"adsbygoogle\" style=\"display:block; text-align:center;\" data-ad-client=\"ca-pub-6203283170189293\" \ndata-ad-slot=\"7303146466\" \ndata-ad-layout=\"in-article\"\ndata-ad-format=\"fluid\" data-full-width-responsive=\"true\"><\/ins>\n<script> \n(adsbygoogle = window.adsbygoogle || []).push({}); \n<\/script>\n<\/div>\n<p>Ba\u015fkan Altepe, ziyaretin an\u0131s\u0131na Madan \u0130mam\u0131 Hayri Hasan\u00b4a el yap\u0131m\u0131 bir Bursa b\u0131\u00e7a\u011f\u0131 hediye etti. Madan \u0130mam\u0131 Hayri Hasan ise Ba\u015fkan Altepe\u00b4ye, b\u00f6lgelerine has do\u011fal bal takdim etti.<\/p>\n<div id=\"bghab-1034521409\" class=\"bghab-yazi-altinda bghab-entity-placement\"><script async src=\"https:\/\/pagead2.googlesyndication.com\/pagead\/js\/adsbygoogle.js\"><\/script>\r\n<!-- bghaber-yaz\u0131-sonu -->\r\n<ins class=\"adsbygoogle\"\r\n     style=\"display:block\"\r\n     data-ad-client=\"ca-pub-6203283170189293\"\r\n     data-ad-slot=\"4222328180\"\r\n     data-ad-format=\"auto\"\r\n     data-full-width-responsive=\"true\"><\/ins>\r\n<script>\r\n     (adsbygoogle = window.adsbygoogle || []).push({});\r\n<\/script><\/div><br style=\"clear: both; display: block; float: none;\"\/>","protected":false},"excerpt":{"rendered":"<p>Bulgaristan\u00b4\u0131n Rodop B\u00f6lgesi Madan \u015fehrinde ya\u015fayan ve Bursa\u00b4da a\u011f\u0131rlanan M\u00fcsl\u00fcmanlar, B\u00fcy\u00fck\u015fehir Belediye Ba\u015fkan\u0131 Recep Altepe\u00b4ye te\u015fekk\u00fcr ziyaretinde bulundu.<\/p>\n","protected":false},"author":29,"featured_media":2410,"comment_status":"closed","ping_status":"closed","sticky":false,"template":"","format":"standard","meta":{"advanced_seo_description":"","jetpack_seo_html_title":"","jetpack_seo_noindex":false,"jetpack_seo_schema_type":"","_jetpack_newsletter_access":"","_jetpack_dont_email_post_to_subs":false,"_jetpack_newsletter_tier_id":0,"_jetpack_memberships_contains_paywalled_content":false,"_jetpack_feature_clip_id":0,"_jetpack_memberships_contains_paid_content":false,"footnotes":"","jetpack_post_was_ever_published":false},"categories":[4],"tags":[30],"class_list":["post-2409","post","type-post","status-publish","format-standard","has-post-thumbnail","hentry","category-siyaset","tag-bulgaristan"],"jetpack_sharing_enabled":true,"jetpack_likes_enabled":true,"jetpack-related-posts":[],"jetpack_shortlink":"https:\/\/wp.me\/pc2PfJ-CR","jetpack_featured_media_url":"https:\/\/i0.wp.com\/www.bghaber.org\/bghaber\/wp-content\/uploads\/2013\/06\/madanli_muslumanlar_baskan_altepeyi_ziyaret_etti.jpg?fit=500%2C288&ssl=1","_links":{"self":[{"href":"https:\/\/www.bghaber.org\/bghaber\/wp-json\/wp\/v2\/posts\/2409","targetHints":{"allow":["GET"]}}],"collection":[{"href":"https:\/\/www.bghaber.org\/bghaber\/wp-json\/wp\/v2\/posts"}],"about":[{"href":"https:\/\/www.bghaber.org\/bghaber\/wp-json\/wp\/v2\/types\/post"}],"author":[{"embeddable":true,"href":"https:\/\/www.bghaber.org\/bghaber\/wp-json\/wp\/v2\/users\/29"}],"replies":[{"embeddable":true,"href":"https:\/\/www.bghaber.org\/bghaber\/wp-json\/wp\/v2\/comments?post=2409"}],"version-history":[{"count":0,"href":"https:\/\/www.bghaber.org\/bghaber\/wp-json\/wp\/v2\/posts\/2409\/revisions"}],"wp:featuredmedia":[{"embeddable":true,"href":"https:\/\/www.bghaber.org\/bghaber\/wp-json\/wp\/v2\/media\/2410"}],"wp:attachment":[{"href":"https:\/\/www.bghaber.org\/bghaber\/wp-json\/wp\/v2\/media?parent=2409"}],"wp:term":[{"taxonomy":"category","embeddable":true,"href":"https:\/\/www.bghaber.org\/bghaber\/wp-json\/wp\/v2\/categories?post=2409"},{"taxonomy":"post_tag","embeddable":true,"href":"https:\/\/www.bghaber.org\/bghaber\/wp-json\/wp\/v2\/tags?post=2409"}],"curies":[{"name":"wp","href":"https:\/\/api.w.org\/{rel}","templated":true}]}}