{"id":2405,"date":"2013-06-01T13:34:01","date_gmt":"2013-06-01T10:34:01","guid":{"rendered":"http:\/\/bghaber.org\/bghaber\/?p=2405"},"modified":"2019-07-18T23:46:23","modified_gmt":"2019-07-18T21:46:23","slug":"arada-bir-kafayi-kaldirip-bakmak-lazim","status":"publish","type":"post","link":"https:\/\/www.bghaber.org\/bghaber\/arada-bir-kafayi-kaldirip-bakmak-lazim\/","title":{"rendered":"Arada Bir, Kafay\u0131 Kald\u0131r\u0131p Bakmak Laz\u0131m"},"content":{"rendered":"<p>Alptekin CEVHERL\u0130<\/p>\n<p><span style=\"font-size: small;\">Aynen birey olarak kendimizde oldu\u011fu gibi, insanlardan olu\u015fan devletlerde de d\u0131\u015f hedefler konulmas\u0131 ba\u015far\u0131lar getirir.<br \/>\nE\u011fer kendi i\u00e7 d\u00fcnyan\u0131za, yani kabu\u011funuza \u00e7ekilmi\u015f ve sadece kendinizle u\u011fra\u015f\u0131yorsan\u0131z ger\u00e7ek hayatta \u00fcst \u00fcste b\u00fcy\u00fck hezimetler alman\u0131z ka\u00e7\u0131n\u0131lmazd\u0131r.<br \/>\nD\u0131\u015far\u0131daki olaylar\u0131 ve f\u0131rsatlar\u0131 ka\u00e7\u0131r\u0131rs\u0131n\u0131z.<br \/>\nAynen Arif Nihat Asya\u2019n\u0131n dedi\u011fi gibi;<br \/>\n\u2026<br \/>\n\u201cBu kitaplar Fatih\u2019tir, Selimdir, S\u00fcleyman\u2019d\u0131r.<br \/>\n\u015eu mihrap Sinan\u00fcddin, \u015fu minare Sinan\u2019d\u0131r.<br \/>\nHaydi, art\u0131k uyuyan destan\u0131n\u0131 uyand\u0131r!<br \/>\nBilmem, neden g\u00fcndelik i\u015flerle tela\u015ftas\u0131n.<br \/>\nK\u0131z\u0131m, sen de Fatihler do\u011furacak ya\u015ftas\u0131n!\u201d<br \/>\n\u2026<br \/>\nBu nedenle i\u00e7 d\u00fcnyam\u0131zla dost, serin, dingin ve ilkeli bir duru\u015fumuz olduktan sonra, \u00e7evremize ba\u015fta olmak \u00fczere dost ve karde\u015flerimize de sahip \u00e7\u0131kmam\u0131z; \u00f6m\u00fcrl\u00fck hedefler koyarak, onlar\u0131 ger\u00e7ekle\u015ftirmek i\u00e7in \u00e7aba g\u00f6stermemiz gerekir.<br \/>\n\u00dclkeler i\u00e7in de ayn\u0131 \u015fartlar ge\u00e7erlidir.<br \/>\nHat\u0131rlars\u0131n\u0131z; Sovyetler Birli\u011fi\u2019nin y\u0131k\u0131lmas\u0131 s\u00fcreciyle birlikte elimizden ka\u00e7an f\u0131rsatlar\u0131 alt alta yazsak; san\u0131r\u0131m rahmetli Zeki M\u00fcren\u2019in o me\u015fhur \u015fark\u0131s\u0131na rahmet okutacak, devasa bir \u2018Kah\u0131r Mektubu\u2019 olurdu.<br \/>\nTabii ki b\u00fct\u00fcn bunlar, biraz da nasip i\u015fi\u2026<br \/>\nAma Rab\u2019im insanlara ak\u0131l da vermi\u015f yani, de\u011fil mi?\u2026<br \/>\n\u2026<br \/>\n\u201cY\u00fcz\u00fcne \u00e7arpmak gerek zamanenin fendini&#8230;<br \/>\nG\u00f6ster: Kabaran sular nas\u0131l y\u0131kar bendini?<br \/>\nK\u00fc\u00e7\u00fck g\u00f6rme, hor g\u00f6rme, delikanl\u0131m kendini.<br \/>\n\u015eu k\u0131r\u0131k abideyi y\u00fckseltecek ta\u015ftas\u0131n;<br \/>\nFatih\u2019in \u0130stanbul\u2019u fethetti\u011fi ya\u015ftas\u0131n!\u201d<br \/>\n\u2026<br \/>\nDiyerek sadece k\u0131zlar\u0131m\u0131z\u0131 de\u011fil, delikanl\u0131lar\u0131m\u0131z\u0131 da unutmad\u0131\u011f\u0131m\u0131z\u0131 belirtiyor ve iki g\u00fczel haberi sizlerle payla\u015fmak istiyorum:<br \/>\n23 Ekim 2011 tarihinde ger\u00e7ekle\u015ftirilecek olan Bulgaristan Yerel Y\u00f6netim ve Cumhurba\u015fkanl\u0131\u011f\u0131 se\u00e7imleri i\u00e7in Bulgaristan T\u00fcrkleri K\u00fclt\u00fcr ve Hizmet Derne\u011fi\u2019nden (Bult\u00fcrk) T\u00fcrk Cumhurba\u015fkan\u0131 aday\u0131 \u00e7\u0131kar\u0131laca\u011f\u0131 duyuruldu. \u0130smi hen\u00fcz s\u0131r gibi saklanan T\u00fcrk aday i\u00e7in Bult\u00fcrk (Bulgaristan T\u00fcrkleri K\u00fclt\u00fcr ve Hizmet Derne\u011fi) Ba\u015fkan\u0131 Rafet Ulut\u00fcrk, Tek Rumeli Televizyonu\u2019na verdi\u011fi r\u00f6portajda, T\u00fcrk aday\u0131n; Siyasal Bilgiler Fak\u00fcltesi mezunu oldu\u011funu ve ne T\u00fcrkiye\u2019de, ne de Bulgaristan\u2019da siyaset sahnesinde \u015fu ana kadar yer almad\u0131\u011f\u0131n\u0131 belirtti. Ayr\u0131ca Ulut\u00fcrk, Bulgaristan\u2019da ilk defa Cumhurba\u015fkanl\u0131\u011f\u0131 se\u00e7imleri i\u00e7in bir T\u00fcrk\u2019\u00fcn aday olaca\u011f\u0131n\u0131 s\u00f6yledi.<br \/>\nRafet Ulut\u00fcrk: \u201cBulgaristan tarihinde ilk defa bir T\u00fcrk Cumhurba\u015fkan\u0131 aday\u0131 \u00e7\u0131kmas\u0131 \u00f6nemli. Olay\u0131n; se\u00e7imin kazan\u0131l\u0131p kazan\u0131lmamas\u0131ndan daha \u00e7ok, ileriki nesillere cesaret vermesi ve \u00f6n\u00fcn\u00fc a\u00e7mas\u0131 a\u00e7\u0131s\u0131ndan \u00f6nemi \u00e7ok m\u00fchim\u201d \u015feklinde konu\u015ftu.<br \/>\n* * *<br \/>\n<\/span><span style=\"font-family: Tahoma; font-size: small;\">ABD\u2019de, Amerikan yerlisi (K\u0131z\u0131lderili) ve T\u00fcrk giri\u015fimci i\u015fbirli\u011finde tarihi bir tasar\u0131 g\u00fcndeme geldi.<br \/>\nAmerikan yerli kabilelerine federal h\u00fck\u00fcmetin (Va\u015fington y\u00f6netiminin) onay\u0131na gerek <\/span><span style=\"font-family: Tahoma; font-size: small;\">kalmadan sadece T\u00fcrk \u015firketleriyle ticaret yapma imk\u00e2n\u0131 sunan tasar\u0131, Temsilciler Meclisi&#8217;ne sunuldu.<br \/>\nYerli Amerikan Dostluk Grubu&#8217;nun E\u015fba\u015fkan\u0131 ve T\u00fcrkiye Dostluk Grubu\u2019nun da \u00fcyesi olan Tom Cole taraf\u0131ndan sunulan tasar\u0131 &#8220;Amerikan Yerlileri Ticaret ve Yat\u0131r\u0131m Yasa Tasar\u0131s\u0131 2011&#8221; ad\u0131n\u0131 ta\u015f\u0131yor.<br \/>\nCole ayn\u0131 zamanda Kongre&#8217;deki K\u0131z\u0131lderili tek milletvekili olmas\u0131 sebebiyle Amerika Birle\u015fik Devletleri ile K\u0131z\u0131lderililer aras\u0131ndaki sorunlar\u0131n giderilmesi ama\u00e7l\u0131 olumlu teklifleri g\u00fcndeme getiriyor. Bu nedenle tasar\u0131n\u0131n kabul edilme olas\u0131l\u0131\u011f\u0131 y\u00fcksek bulunuyor.<br \/>\nTasar\u0131 Amerikan yerlilerinin ekonomik geli\u015fmesine katk\u0131da bulunurken, T\u00fcrkiye&#8217;ye de e\u015fsiz bir pozisyon sa\u011fl\u0131yor.<br \/>\nYasadan sonra T\u00fcrkiye, Va\u015fington h\u00fck\u00fcmetinin iznine gerek kalmadan K\u0131z\u0131lderililerin ortakl\u0131k kurabilece\u011fi tek \u00fclke konumuna ge\u00e7ecek.<\/span><\/p>\n<p><span style=\"font-family: Tahoma; font-size: small;\">B\u00f6ylece T\u00fcrk firmalar\u0131 Amerikan pazar\u0131na da \u00e7ok daha kolay girme imk\u00e2n\u0131 elde edecekler.<br \/>\nYasa T\u00fcrk \u015firketlerine \u00f6zel sekt\u00f6r\u00fcn ekonomik b\u00fcy\u00fcmesini te\u015fvik etme ve istihdam yaratmada da \u00e7ok iyi bir f\u0131rsat sunuyor.<br \/>\nD\u00fczenlemeyle, tasar\u0131 kapsam\u0131ndaki faaliyetlerin finansman\u0131, federal h\u00fck\u00fcmetin mali kaynaklar\u0131ndan (Va\u015fington\u2019dan) harcama gerektirmeden, \u00f6zel sekt\u00f6r taraf\u0131ndan kar\u015f\u0131lanacak.<br \/>\nTasar\u0131 alt komiteden ge\u00e7mesi halinde komitede oylanacak, burada kabul edilmesinin ard\u0131ndan da Temsilciler Meclisi Genel Kuruluna getirilecek.<\/span><\/p>\n<p><span style=\"font-family: Tahoma; font-size: small;\">Ard\u0131ndan da T\u00fcrkiye ile K\u0131z\u0131lderililer aras\u0131nda Osmanl\u0131 Devleti d\u00f6neminden sonra, ilk kez do\u011frudan ili\u015fki kurulmu\u015f olacak\u2026<\/span><\/p>\n<div id=\"bghab-3674457029\" class=\"bghab-yazi-altinda bghab-entity-placement\"><script async src=\"https:\/\/pagead2.googlesyndication.com\/pagead\/js\/adsbygoogle.js\"><\/script>\r\n<!-- bghaber-yaz\u0131-sonu -->\r\n<ins class=\"adsbygoogle\"\r\n     style=\"display:block\"\r\n     data-ad-client=\"ca-pub-6203283170189293\"\r\n     data-ad-slot=\"4222328180\"\r\n     data-ad-format=\"auto\"\r\n     data-full-width-responsive=\"true\"><\/ins>\r\n<script>\r\n     (adsbygoogle = window.adsbygoogle || []).push({});\r\n<\/script><\/div><br style=\"clear: both; display: block; float: none;\"\/>","protected":false},"excerpt":{"rendered":"<p>Alptekin CEVHERL\u0130 Aynen birey olarak kendimizde oldu\u011fu gibi, insanlardan olu\u015fan devletlerde de d\u0131\u015f hedefler konulmas\u0131 ba\u015far\u0131lar getirir. E\u011fer kendi i\u00e7 d\u00fcnyan\u0131za, yani kabu\u011funuza \u00e7ekilmi\u015f ve<\/p>\n","protected":false},"author":29,"featured_media":2406,"comment_status":"closed","ping_status":"closed","sticky":false,"template":"","format":"standard","meta":{"advanced_seo_description":"","jetpack_seo_html_title":"","jetpack_seo_noindex":false,"jetpack_seo_schema_type":"","_jetpack_newsletter_access":"","_jetpack_dont_email_post_to_subs":false,"_jetpack_newsletter_tier_id":0,"_jetpack_memberships_contains_paywalled_content":false,"_jetpack_feature_clip_id":0,"_jetpack_memberships_contains_paid_content":false,"footnotes":"","jetpack_post_was_ever_published":false},"categories":[10],"tags":[],"class_list":["post-2405","post","type-post","status-publish","format-standard","has-post-thumbnail","hentry","category-kultur-sanat"],"jetpack_sharing_enabled":true,"jetpack_likes_enabled":true,"jetpack-related-posts":[],"jetpack_shortlink":"https:\/\/wp.me\/pc2PfJ-CN","jetpack_featured_media_url":"https:\/\/i0.wp.com\/www.bghaber.org\/bghaber\/wp-content\/uploads\/2013\/06\/10ACevherli0.jpg?fit=106%2C136&ssl=1","_links":{"self":[{"href":"https:\/\/www.bghaber.org\/bghaber\/wp-json\/wp\/v2\/posts\/2405","targetHints":{"allow":["GET"]}}],"collection":[{"href":"https:\/\/www.bghaber.org\/bghaber\/wp-json\/wp\/v2\/posts"}],"about":[{"href":"https:\/\/www.bghaber.org\/bghaber\/wp-json\/wp\/v2\/types\/post"}],"author":[{"embeddable":true,"href":"https:\/\/www.bghaber.org\/bghaber\/wp-json\/wp\/v2\/users\/29"}],"replies":[{"embeddable":true,"href":"https:\/\/www.bghaber.org\/bghaber\/wp-json\/wp\/v2\/comments?post=2405"}],"version-history":[{"count":0,"href":"https:\/\/www.bghaber.org\/bghaber\/wp-json\/wp\/v2\/posts\/2405\/revisions"}],"wp:featuredmedia":[{"embeddable":true,"href":"https:\/\/www.bghaber.org\/bghaber\/wp-json\/wp\/v2\/media\/2406"}],"wp:attachment":[{"href":"https:\/\/www.bghaber.org\/bghaber\/wp-json\/wp\/v2\/media?parent=2405"}],"wp:term":[{"taxonomy":"category","embeddable":true,"href":"https:\/\/www.bghaber.org\/bghaber\/wp-json\/wp\/v2\/categories?post=2405"},{"taxonomy":"post_tag","embeddable":true,"href":"https:\/\/www.bghaber.org\/bghaber\/wp-json\/wp\/v2\/tags?post=2405"}],"curies":[{"name":"wp","href":"https:\/\/api.w.org\/{rel}","templated":true}]}}