{"id":2396,"date":"2013-06-01T11:25:25","date_gmt":"2013-06-01T08:25:25","guid":{"rendered":"http:\/\/bghaber.org\/bghaber\/?p=2396"},"modified":"2019-07-18T23:56:09","modified_gmt":"2019-07-18T21:56:09","slug":"bulturkle-calinti-otomobillere-son","status":"publish","type":"post","link":"https:\/\/www.bghaber.org\/bghaber\/bulturkle-calinti-otomobillere-son\/","title":{"rendered":"Bult\u00fcrk&#8217;le \u00e7al\u0131nt\u0131 otomobillere son"},"content":{"rendered":"<p>BULT\u00dcRK Y\u00f6netim Kurulu Ba\u015fkan\u0131 Serkan Uygur, T\u00fcrkiye&#8217;de uygulamaya ge\u00e7irecekleri proje ile ara\u00e7 \u00e7al\u0131nmas\u0131 olaylar\u0131n\u0131n tarihe kar\u0131\u015faca\u011f\u0131n\u0131 s\u00f6yledi.\u00a0<b><!--more--> <!--more--><a href=\"https:\/\/i0.wp.com\/bghaber.org\/bghaber\/wp-content\/uploads\/2013\/06\/Image1.jpg\"><img data-recalc-dims=\"1\" loading=\"lazy\" decoding=\"async\" class=\"alignright  wp-image-2397\" alt=\"Image1\" src=\"https:\/\/i0.wp.com\/bghaber.org\/bghaber\/wp-content\/uploads\/2013\/06\/Image1-300x234.jpg?resize=180%2C140\" width=\"180\" height=\"140\" srcset=\"https:\/\/i0.wp.com\/www.bghaber.org\/bghaber\/wp-content\/uploads\/2013\/06\/Image1.jpg?resize=300%2C234&amp;ssl=1 300w, https:\/\/i0.wp.com\/www.bghaber.org\/bghaber\/wp-content\/uploads\/2013\/06\/Image1.jpg?w=412&amp;ssl=1 412w\" sizes=\"auto, (max-width: 180px) 100vw, 180px\" \/><\/a><\/b>Serkan Uygur, Ara\u00e7 Takip ve G\u00fcvenlik Projesi&#8217;nin tan\u0131t\u0131m toplant\u0131s\u0131nda, 1999&#8217;da ba\u015flatt\u0131klar\u0131 \u00e7al\u0131\u015fman\u0131n altyap\u0131s\u0131n\u0131 tamamlayarak 2002&#8217;de cihaz\u0131n \u00fcretimine ge\u00e7tiklerini ve uydu sistemi ba\u011flant\u0131l\u0131 uygulamay\u0131 ba\u015flatt\u0131klar\u0131n\u0131 kaydetti. <b>12 saatte aktif oluyor<\/b> Proje i\u00e7in yakla\u015f\u0131k 1.5 milyon dolarl\u0131k yat\u0131r\u0131m yapt\u0131klar\u0131n\u0131 ifade eden Uygur, &#8220;Sat\u0131\u015f hedefimizi, y\u0131l\u0131n ilk yar\u0131s\u0131nda 150 bin, ikinci yar\u0131s\u0131nda ise 500 bin ara\u00e7 olarak planlad\u0131k. Cihaz araca tak\u0131ld\u0131ktan 12 saat sonra sistemde yerini al\u0131yor&#8230; &#8220;Ara\u00e7 \u00e7al\u0131nmas\u0131 ve kayb\u0131 gibi durumlarda g\u00f6zlem merkezinden an\u0131nda tespit edilerek, bloke i\u015flemi ger\u00e7ekle\u015ftirilebiliyor. Art\u0131k, ara\u00e7 \u00e7al\u0131nmas\u0131 tarihe kar\u0131\u015facak&#8221; dedi. <b>660 milyon liraya mal oluyor<\/b> Uygur, cihaz\u0131n kullan\u0131c\u0131ya 660 milyon liraya mal oldu\u011funu ve be\u015f b\u00f6lgede bulunan takip merkezlerine de ayda 25 milyon lira aidat \u00f6denmesi gerekti\u011fini s\u00f6yledi.<\/p>\n<div id=\"bghab-2722948307\" class=\"bghab-yazi-altinda bghab-entity-placement\"><script async src=\"https:\/\/pagead2.googlesyndication.com\/pagead\/js\/adsbygoogle.js\"><\/script>\r\n<!-- bghaber-yaz\u0131-sonu -->\r\n<ins class=\"adsbygoogle\"\r\n     style=\"display:block\"\r\n     data-ad-client=\"ca-pub-6203283170189293\"\r\n     data-ad-slot=\"4222328180\"\r\n     data-ad-format=\"auto\"\r\n     data-full-width-responsive=\"true\"><\/ins>\r\n<script>\r\n     (adsbygoogle = window.adsbygoogle || []).push({});\r\n<\/script><\/div><br style=\"clear: both; display: block; float: none;\"\/>","protected":false},"excerpt":{"rendered":"<p>BULT\u00dcRK Y\u00f6netim Kurulu Ba\u015fkan\u0131 Serkan Uygur, T\u00fcrkiye&#8217;de uygulamaya ge\u00e7irecekleri proje ile ara\u00e7 \u00e7al\u0131nmas\u0131 olaylar\u0131n\u0131n tarihe kar\u0131\u015faca\u011f\u0131n\u0131 s\u00f6yledi.\u00a0<\/p>\n","protected":false},"author":29,"featured_media":2397,"comment_status":"closed","ping_status":"closed","sticky":false,"template":"","format":"standard","meta":{"advanced_seo_description":"","jetpack_seo_html_title":"","jetpack_seo_noindex":false,"jetpack_seo_schema_type":"","_jetpack_newsletter_access":"","_jetpack_dont_email_post_to_subs":false,"_jetpack_newsletter_tier_id":0,"_jetpack_memberships_contains_paywalled_content":false,"_jetpack_feature_clip_id":0,"_jetpack_memberships_contains_paid_content":false,"footnotes":"","jetpack_post_was_ever_published":false},"categories":[9],"tags":[37,785],"class_list":["post-2396","post","type-post","status-publish","format-standard","has-post-thumbnail","hentry","category-ekonomi","tag-bulturk","tag-bulturk-dernegi"],"jetpack_sharing_enabled":true,"jetpack_likes_enabled":true,"jetpack-related-posts":[],"jetpack_shortlink":"https:\/\/wp.me\/pc2PfJ-CE","jetpack_featured_media_url":"https:\/\/i0.wp.com\/www.bghaber.org\/bghaber\/wp-content\/uploads\/2013\/06\/Image1.jpg?fit=412%2C322&ssl=1","_links":{"self":[{"href":"https:\/\/www.bghaber.org\/bghaber\/wp-json\/wp\/v2\/posts\/2396","targetHints":{"allow":["GET"]}}],"collection":[{"href":"https:\/\/www.bghaber.org\/bghaber\/wp-json\/wp\/v2\/posts"}],"about":[{"href":"https:\/\/www.bghaber.org\/bghaber\/wp-json\/wp\/v2\/types\/post"}],"author":[{"embeddable":true,"href":"https:\/\/www.bghaber.org\/bghaber\/wp-json\/wp\/v2\/users\/29"}],"replies":[{"embeddable":true,"href":"https:\/\/www.bghaber.org\/bghaber\/wp-json\/wp\/v2\/comments?post=2396"}],"version-history":[{"count":0,"href":"https:\/\/www.bghaber.org\/bghaber\/wp-json\/wp\/v2\/posts\/2396\/revisions"}],"wp:featuredmedia":[{"embeddable":true,"href":"https:\/\/www.bghaber.org\/bghaber\/wp-json\/wp\/v2\/media\/2397"}],"wp:attachment":[{"href":"https:\/\/www.bghaber.org\/bghaber\/wp-json\/wp\/v2\/media?parent=2396"}],"wp:term":[{"taxonomy":"category","embeddable":true,"href":"https:\/\/www.bghaber.org\/bghaber\/wp-json\/wp\/v2\/categories?post=2396"},{"taxonomy":"post_tag","embeddable":true,"href":"https:\/\/www.bghaber.org\/bghaber\/wp-json\/wp\/v2\/tags?post=2396"}],"curies":[{"name":"wp","href":"https:\/\/api.w.org\/{rel}","templated":true}]}}