{"id":2373,"date":"2013-05-31T20:27:54","date_gmt":"2013-05-31T17:27:54","guid":{"rendered":"http:\/\/bghaber.org\/bghaber\/?p=2373"},"modified":"2019-07-18T23:56:09","modified_gmt":"2019-07-18T21:56:09","slug":"milan-milanov-kircaali-valisi-olmasin","status":"publish","type":"post","link":"https:\/\/www.bghaber.org\/bghaber\/milan-milanov-kircaali-valisi-olmasin\/","title":{"rendered":"Milan Milanov, K\u0131rcaali Valisi olmas\u0131n"},"content":{"rendered":"<div>Sivil toplum kurulu\u015fu Bulgaristan Adalet Federasyonu (BAF) Ba\u015fkan\u0131 Sezgin M\u00fcmin, \u00a0Ba\u015fbakan Plamen Ore\u015farki\u2019den K\u0131rcaali valili\u011fine atanmas\u0131 \u00f6ng\u00f6r\u00fclen Milan Milanov\u2019un bu g\u00f6reve getirilmemesini istedi.<!--more--><\/div>\n<div><\/div>\n<figure id=\"attachment_1669\" aria-describedby=\"caption-attachment-1669\" style=\"width: 300px\" class=\"wp-caption alignright\"><a href=\"https:\/\/i0.wp.com\/bghaber.org\/bghaber\/wp-content\/uploads\/2013\/05\/BAF-Bask-Sezgin-Mumin.jpg\"><img data-recalc-dims=\"1\" loading=\"lazy\" decoding=\"async\" class=\"size-medium wp-image-1669\" alt=\"BAF Genel Ba\u015fkan\u0131 Sezgin M\u00fcmin\" src=\"https:\/\/i0.wp.com\/bghaber.org\/bghaber\/wp-content\/uploads\/2013\/05\/BAF-Bask-Sezgin-Mumin-300x219.jpg?resize=300%2C219\" width=\"300\" height=\"219\" srcset=\"https:\/\/i0.wp.com\/www.bghaber.org\/bghaber\/wp-content\/uploads\/2013\/05\/BAF-Bask-Sezgin-Mumin.jpg?resize=300%2C219&amp;ssl=1 300w, https:\/\/i0.wp.com\/www.bghaber.org\/bghaber\/wp-content\/uploads\/2013\/05\/BAF-Bask-Sezgin-Mumin.jpg?w=320&amp;ssl=1 320w\" sizes=\"auto, (max-width: 300px) 100vw, 300px\" \/><\/a><figcaption id=\"caption-attachment-1669\" class=\"wp-caption-text\">BAF Genel Ba\u015fkan\u0131<br \/>Sezgin M\u00fcmin<\/figcaption><\/figure>\n<p>M\u00fcmin, Ore\u015farski\u2019ye g\u00f6nderdi\u011fi mektupta, Milanov\u2019un, ge\u00e7mi\u015fte T\u00fcrklere yap\u0131lan bask\u0131lar s\u0131ras\u0131nda kom\u00fcnist rejimin y\u00f6neticilerinden biri oldu\u011funu belirterek,\u00a0<b>\u2018B\u00f6yle bir atamay\u0131 do\u011fru bulmuyoruz \u2018 <\/b>dedi.<\/p>\n<p>&nbsp;<\/p>\n<p>Ajansbg<\/p>\n<div id=\"bghab-3583278472\" class=\"bghab-yazi-altinda bghab-entity-placement\"><script async src=\"https:\/\/pagead2.googlesyndication.com\/pagead\/js\/adsbygoogle.js\"><\/script>\r\n<!-- bghaber-yaz\u0131-sonu -->\r\n<ins class=\"adsbygoogle\"\r\n     style=\"display:block\"\r\n     data-ad-client=\"ca-pub-6203283170189293\"\r\n     data-ad-slot=\"4222328180\"\r\n     data-ad-format=\"auto\"\r\n     data-full-width-responsive=\"true\"><\/ins>\r\n<script>\r\n     (adsbygoogle = window.adsbygoogle || []).push({});\r\n<\/script><\/div><br style=\"clear: both; display: block; float: none;\"\/>","protected":false},"excerpt":{"rendered":"<p>Sivil toplum kurulu\u015fu Bulgaristan Adalet Federasyonu (BAF) Ba\u015fkan\u0131 Sezgin M\u00fcmin, \u00a0Ba\u015fbakan Plamen Ore\u015farki\u2019den K\u0131rcaali valili\u011fine atanmas\u0131 \u00f6ng\u00f6r\u00fclen Milan Milanov\u2019un bu g\u00f6reve getirilmemesini istedi.<\/p>\n","protected":false},"author":29,"featured_media":1669,"comment_status":"closed","ping_status":"closed","sticky":false,"template":"","format":"standard","meta":{"advanced_seo_description":"","jetpack_seo_html_title":"","jetpack_seo_noindex":false,"jetpack_seo_schema_type":"","_jetpack_newsletter_access":"","_jetpack_dont_email_post_to_subs":false,"_jetpack_newsletter_tier_id":0,"_jetpack_memberships_contains_paywalled_content":false,"_jetpack_feature_clip_id":0,"_jetpack_memberships_contains_paid_content":false,"footnotes":"","jetpack_post_was_ever_published":false},"categories":[4],"tags":[],"class_list":["post-2373","post","type-post","status-publish","format-standard","has-post-thumbnail","hentry","category-siyaset"],"jetpack_sharing_enabled":true,"jetpack_likes_enabled":true,"jetpack-related-posts":[],"jetpack_shortlink":"https:\/\/wp.me\/pc2PfJ-Ch","jetpack_featured_media_url":"https:\/\/i0.wp.com\/www.bghaber.org\/bghaber\/wp-content\/uploads\/2013\/05\/BAF-Bask-Sezgin-Mumin.jpg?fit=320%2C234&ssl=1","_links":{"self":[{"href":"https:\/\/www.bghaber.org\/bghaber\/wp-json\/wp\/v2\/posts\/2373","targetHints":{"allow":["GET"]}}],"collection":[{"href":"https:\/\/www.bghaber.org\/bghaber\/wp-json\/wp\/v2\/posts"}],"about":[{"href":"https:\/\/www.bghaber.org\/bghaber\/wp-json\/wp\/v2\/types\/post"}],"author":[{"embeddable":true,"href":"https:\/\/www.bghaber.org\/bghaber\/wp-json\/wp\/v2\/users\/29"}],"replies":[{"embeddable":true,"href":"https:\/\/www.bghaber.org\/bghaber\/wp-json\/wp\/v2\/comments?post=2373"}],"version-history":[{"count":0,"href":"https:\/\/www.bghaber.org\/bghaber\/wp-json\/wp\/v2\/posts\/2373\/revisions"}],"wp:featuredmedia":[{"embeddable":true,"href":"https:\/\/www.bghaber.org\/bghaber\/wp-json\/wp\/v2\/media\/1669"}],"wp:attachment":[{"href":"https:\/\/www.bghaber.org\/bghaber\/wp-json\/wp\/v2\/media?parent=2373"}],"wp:term":[{"taxonomy":"category","embeddable":true,"href":"https:\/\/www.bghaber.org\/bghaber\/wp-json\/wp\/v2\/categories?post=2373"},{"taxonomy":"post_tag","embeddable":true,"href":"https:\/\/www.bghaber.org\/bghaber\/wp-json\/wp\/v2\/tags?post=2373"}],"curies":[{"name":"wp","href":"https:\/\/api.w.org\/{rel}","templated":true}]}}