{"id":2369,"date":"2013-05-31T20:23:21","date_gmt":"2013-05-31T17:23:21","guid":{"rendered":"http:\/\/bghaber.org\/bghaber\/?p=2369"},"modified":"2019-07-18T23:48:39","modified_gmt":"2019-07-18T21:48:39","slug":"bahad-baskanindan-istifa","status":"publish","type":"post","link":"https:\/\/www.bghaber.org\/bghaber\/bahad-baskanindan-istifa\/","title":{"rendered":"BAHAD Ba\u015fkan\u0131ndan istifa"},"content":{"rendered":"<p>Eski siyasi mahkumlardan olu\u015fan T\u00fcrkiye\u2019deki etkin g\u00f6\u00e7men derneklerinden biri olan Balkanlarda Adalet, Haklar, K\u00fclt\u00fcr ve Dayan\u0131\u015fma Derne\u011fi (BAHAD) Ba\u015fkan\u0131 E\u015fref Kahraman\u2019\u0131n Bulgaristan\u2019da yap\u0131lan se\u00e7imlerden dolay\u0131 g\u00f6revden istifa etti\u011fi a\u00e7\u0131kland\u0131. <!--more--><\/p>\n<figure id=\"attachment_2370\" aria-describedby=\"caption-attachment-2370\" style=\"width: 300px\" class=\"wp-caption alignright\"><a href=\"https:\/\/i0.wp.com\/bghaber.org\/bghaber\/wp-content\/uploads\/2013\/05\/esref-kahraman.jpg\"><img data-recalc-dims=\"1\" loading=\"lazy\" decoding=\"async\" class=\"size-medium wp-image-2370\" alt=\"E\u015fref Kahraman\" src=\"https:\/\/i0.wp.com\/bghaber.org\/bghaber\/wp-content\/uploads\/2013\/05\/esref-kahraman-300x225.jpg?resize=300%2C225\" width=\"300\" height=\"225\" srcset=\"https:\/\/i0.wp.com\/www.bghaber.org\/bghaber\/wp-content\/uploads\/2013\/05\/esref-kahraman.jpg?resize=300%2C225&amp;ssl=1 300w, https:\/\/i0.wp.com\/www.bghaber.org\/bghaber\/wp-content\/uploads\/2013\/05\/esref-kahraman.jpg?resize=320%2C240&amp;ssl=1 320w, https:\/\/i0.wp.com\/www.bghaber.org\/bghaber\/wp-content\/uploads\/2013\/05\/esref-kahraman.jpg?w=480&amp;ssl=1 480w\" sizes=\"auto, (max-width: 300px) 100vw, 300px\" \/><\/a><figcaption id=\"caption-attachment-2370\" class=\"wp-caption-text\">E\u015fref Kahraman<\/figcaption><\/figure>\n<p>Uzun y\u0131llard\u0131r Ba\u015fkanl\u0131k g\u00f6revini s\u00fcrd\u00fcren Kahraman i\u00e7 muhalefetin bask\u0131s\u0131yla g\u00f6revinden istifa etti. Onu en \u00e7ok ele\u015ftirenlerden biri Y\u00f6netim Kurulu \u00dcyesi Mehmet Zafer. Te\u015fkilatta anla\u015fmazl\u0131k Bulgaristan\u2019da yap\u0131lan se\u00e7imlerden \u00f6nce \u00e7\u0131kt\u0131. BAHAD geleneksel olarak Hak ve \u00d6zg\u00fcrl\u00fckler Hareketi (H\u00d6H\/DPS) partisine muhalif bir te\u015fkilatt\u0131r ve 20 y\u0131l boyunca Ahmet Do\u011fan\u2019\u0131 ele\u015ftiriyordu.<\/p>\n<p>Fakat se\u00e7imlerden \u00f6nce E\u015fref Kahraman, tutumunu tamamen de\u011fi\u015ftirerek Bulgar bas\u0131n\u0131na BAHAD\u2019\u0131n H\u00d6H\u2019ni ve partinin yeni lideri L\u00fctfi Mestan\u2019\u0131 destekledi\u011fini duyurdu.<\/p>\n<p>Kahraman g\u00f6revden istifa ettikten sonra, gelece\u011fin H\u00d6H ve Mestan\u2019\u0131n elinde oldu\u011funu kaydetti. Gerek T\u00fcrkiye\u2019deki g\u00f6\u00e7menlerin, gerekse Bulgaristan T\u00fcrklerinin Kasim Dal\u2019\u0131 desteklemediklerini belirtti.<\/p>\n<p>Kahraman, Kasim Dal\u2019\u0131n H\u00d6H\u2019nin \u00e7o\u011fu ba\u015far\u0131s\u0131zl\u0131klar\u0131 i\u00e7in partide ikinci \u00f6nemli \u015fah\u0131s olarak su\u00e7lu oldu\u011funu vurgulad\u0131. O, Mestan\u2019dan parti y\u00f6netimine gen\u00e7lerin getirilmesini sa\u011flamas\u0131n\u0131 bekledi\u011fini payla\u015ft\u0131. BAHAD Eski Ba\u015fkan\u0131, \u201cH\u00d6H partisini sadece bu kurtaracak\u201d diye vurgu yapt\u0131.<\/p><div id=\"bghab-3201967250\" class=\"bghab-icerik-icine bghab-entity-placement\"><script async src=\"\/\/pagead2.googlesyndication.com\/pagead\/js\/adsbygoogle.js?client=ca-pub-6203283170189293\" crossorigin=\"anonymous\"><\/script><ins class=\"adsbygoogle\" style=\"display:block; text-align:center;\" data-ad-client=\"ca-pub-6203283170189293\" \ndata-ad-slot=\"7303146466\" \ndata-ad-layout=\"in-article\"\ndata-ad-format=\"fluid\" data-full-width-responsive=\"true\"><\/ins>\n<script> \n(adsbygoogle = window.adsbygoogle || []).push({}); \n<\/script>\n<\/div>\n<p>Hat\u0131rlatmak gerekirse, BAHAD Avrupa Konseyi Parlamenterler Meclisi\u2019ne Bulgaristan T\u00fcrklerinin haklar\u0131na ili\u015fkin taleplerde bulunulmas\u0131yla ilgili raporlar sunan bir te\u015fkilat.<\/p>\n<p>E\u015fref Kahraman, Bulgaristan\u2019da totaliter rejim s\u0131ras\u0131nda Belene \u00d6l\u00fcm Kamp\u0131\u2019na s\u00fcr\u00fcld\u00fc\u011f\u00fc i\u00e7in devlete kar\u015f\u0131 tazminat davas\u0131 a\u00e7makla \u00fcn sald\u0131. Siyasi ma\u011fdur, talep etti\u011fi tazminat karar\u0131 \u00e7\u0131kmazsa, Bulgaristan\u2019\u0131 Uluslararas\u0131 \u0130nsan Haklar\u0131 Mahkemesi\u2019nde yarg\u0131lamaya haz\u0131r.<\/p>\n<p>&nbsp;<\/p>\n<p>K\u0131rcaali Haber<\/p>\n<div id=\"bghab-3381283024\" class=\"bghab-yazi-altinda bghab-entity-placement\"><script async src=\"https:\/\/pagead2.googlesyndication.com\/pagead\/js\/adsbygoogle.js\"><\/script>\r\n<!-- bghaber-yaz\u0131-sonu -->\r\n<ins class=\"adsbygoogle\"\r\n     style=\"display:block\"\r\n     data-ad-client=\"ca-pub-6203283170189293\"\r\n     data-ad-slot=\"4222328180\"\r\n     data-ad-format=\"auto\"\r\n     data-full-width-responsive=\"true\"><\/ins>\r\n<script>\r\n     (adsbygoogle = window.adsbygoogle || []).push({});\r\n<\/script><\/div><br style=\"clear: both; display: block; float: none;\"\/>","protected":false},"excerpt":{"rendered":"<p>Eski siyasi mahkumlardan olu\u015fan T\u00fcrkiye\u2019deki etkin g\u00f6\u00e7men derneklerinden biri olan Balkanlarda Adalet, Haklar, K\u00fclt\u00fcr ve Dayan\u0131\u015fma Derne\u011fi (BAHAD) Ba\u015fkan\u0131 E\u015fref Kahraman\u2019\u0131n Bulgaristan\u2019da yap\u0131lan se\u00e7imlerden dolay\u0131<\/p>\n","protected":false},"author":29,"featured_media":2370,"comment_status":"closed","ping_status":"closed","sticky":false,"template":"","format":"standard","meta":{"advanced_seo_description":"","jetpack_seo_html_title":"","jetpack_seo_noindex":false,"jetpack_seo_schema_type":"","_jetpack_newsletter_access":"","_jetpack_dont_email_post_to_subs":false,"_jetpack_newsletter_tier_id":0,"_jetpack_memberships_contains_paywalled_content":false,"_jetpack_feature_clip_id":0,"_jetpack_memberships_contains_paid_content":false,"footnotes":"","jetpack_post_was_ever_published":false},"categories":[4],"tags":[30],"class_list":["post-2369","post","type-post","status-publish","format-standard","has-post-thumbnail","hentry","category-siyaset","tag-bulgaristan"],"jetpack_sharing_enabled":true,"jetpack_likes_enabled":true,"jetpack-related-posts":[],"jetpack_shortlink":"https:\/\/wp.me\/pc2PfJ-Cd","jetpack_featured_media_url":"https:\/\/i0.wp.com\/www.bghaber.org\/bghaber\/wp-content\/uploads\/2013\/05\/esref-kahraman.jpg?fit=480%2C360&ssl=1","_links":{"self":[{"href":"https:\/\/www.bghaber.org\/bghaber\/wp-json\/wp\/v2\/posts\/2369","targetHints":{"allow":["GET"]}}],"collection":[{"href":"https:\/\/www.bghaber.org\/bghaber\/wp-json\/wp\/v2\/posts"}],"about":[{"href":"https:\/\/www.bghaber.org\/bghaber\/wp-json\/wp\/v2\/types\/post"}],"author":[{"embeddable":true,"href":"https:\/\/www.bghaber.org\/bghaber\/wp-json\/wp\/v2\/users\/29"}],"replies":[{"embeddable":true,"href":"https:\/\/www.bghaber.org\/bghaber\/wp-json\/wp\/v2\/comments?post=2369"}],"version-history":[{"count":0,"href":"https:\/\/www.bghaber.org\/bghaber\/wp-json\/wp\/v2\/posts\/2369\/revisions"}],"wp:featuredmedia":[{"embeddable":true,"href":"https:\/\/www.bghaber.org\/bghaber\/wp-json\/wp\/v2\/media\/2370"}],"wp:attachment":[{"href":"https:\/\/www.bghaber.org\/bghaber\/wp-json\/wp\/v2\/media?parent=2369"}],"wp:term":[{"taxonomy":"category","embeddable":true,"href":"https:\/\/www.bghaber.org\/bghaber\/wp-json\/wp\/v2\/categories?post=2369"},{"taxonomy":"post_tag","embeddable":true,"href":"https:\/\/www.bghaber.org\/bghaber\/wp-json\/wp\/v2\/tags?post=2369"}],"curies":[{"name":"wp","href":"https:\/\/api.w.org\/{rel}","templated":true}]}}