{"id":2358,"date":"2013-05-31T19:24:11","date_gmt":"2013-05-31T16:24:11","guid":{"rendered":"http:\/\/bghaber.org\/bghaber\/?p=2358"},"modified":"2019-07-18T23:56:18","modified_gmt":"2019-07-18T21:56:18","slug":"tv7-genel-mudurune-saldiri","status":"publish","type":"post","link":"https:\/\/www.bghaber.org\/bghaber\/tv7-genel-mudurune-saldiri\/","title":{"rendered":"TV7 genel m\u00fcd\u00fcr\u00fcne sald\u0131r\u0131"},"content":{"rendered":"<p>Bulgaristan&#8217;\u0131n kuzeybat\u0131s\u0131ndaki Montana \u015fehrinde TV7 adl\u0131 \u00f6zel televizyonun Genel M\u00fcd\u00fcr\u00fc Nikolay Barekov, canl\u0131 yay\u0131n s\u0131ras\u0131nda sald\u0131r\u0131ya u\u011frad\u0131.<!--more--><\/p>\n<p><a href=\"https:\/\/i0.wp.com\/bghaber.org\/bghaber\/wp-content\/uploads\/2013\/05\/bulgaristanda_tv7_genel_mudurune_canli_yayinda_saldiri.jpg\"><img data-recalc-dims=\"1\" loading=\"lazy\" decoding=\"async\" class=\"alignright size-medium wp-image-2359\" alt=\"bulgaristanda_tv7_genel_mudurune_canli_yayinda_saldiri\" src=\"https:\/\/i0.wp.com\/bghaber.org\/bghaber\/wp-content\/uploads\/2013\/05\/bulgaristanda_tv7_genel_mudurune_canli_yayinda_saldiri-300x159.jpg?resize=300%2C159\" width=\"300\" height=\"159\" \/><\/a>Barekov&#8217;a, &#8220;Sans\u00fcrs\u00fcz Bulgaristan&#8221; adl\u0131 program\u0131 sunarken, Montana meydan\u0131nda kalabal\u0131k aras\u0131ndan aniden \u00e7\u0131kan iki ki\u015fi sald\u0131rd\u0131.<\/p>\n<p>Roman k\u00f6kenli sald\u0131rganlar, Barekov ve ekibine, i\u00e7inde insan d\u0131\u015fk\u0131s\u0131 bulunan iki naylon torbas\u0131 att\u0131. Eylem sonucu canl\u0131 yay\u0131n durdurulurken, Barekov, sald\u0131r\u0131n\u0131n planland\u0131\u011f\u0131ndan \u00f6nceden haberdar oldu\u011funu, polisten destek talep etti\u011fini ancak \u00e7a\u011f\u0131r\u0131s\u0131n\u0131n ciddiyete al\u0131nmad\u0131\u011f\u0131n\u0131 s\u00f6yledi.<\/p>\n<p>Barekov, sald\u0131r\u0131n\u0131n sorumlular\u0131 olarak ki\u015fisel anlamda kavgal\u0131 oldu\u011fu eski Ba\u015fbakan Boyko Borisov ve eski \u0130\u00e7i\u015fleri Bakan\u0131 Tsvetan Tsvetanov&#8217;u g\u00f6sterdi.<\/p>\n<p>TV Genel M\u00fcd\u00fcr\u00fc, sald\u0131rganlar\u0131n 300&#8217;er leva (150&#8217;\u015fer avro) para kar\u015f\u0131l\u0131\u011f\u0131 eylemi yapt\u0131klar\u0131n\u0131 \u00f6ne s\u00fcrd\u00fc.<\/p><div id=\"bghab-1573402998\" class=\"bghab-icerik-icine bghab-entity-placement\"><script async src=\"\/\/pagead2.googlesyndication.com\/pagead\/js\/adsbygoogle.js?client=ca-pub-6203283170189293\" crossorigin=\"anonymous\"><\/script><ins class=\"adsbygoogle\" style=\"display:block; text-align:center;\" data-ad-client=\"ca-pub-6203283170189293\" \ndata-ad-slot=\"7303146466\" \ndata-ad-layout=\"in-article\"\ndata-ad-format=\"fluid\" data-full-width-responsive=\"true\"><\/ins>\n<script> \n(adsbygoogle = window.adsbygoogle || []).push({}); \n<\/script>\n<\/div>\n<p>Gazeteci Barekov, Borisov ve Tsvetanov ile yak\u0131n oldu\u011fu d\u00f6nemde iki politikac\u0131ya s\u0131kl\u0131kla st\u00fcdyosunda yer veriyordu. \u00dclkede 12 May\u0131s&#8217;ta yap\u0131lan erken genel se\u00e7imin arifesinde, Kostinbrod&#8217;de ka\u00e7ak se\u00e7im pusulalar\u0131n bas\u0131ld\u0131\u011f\u0131 bir matbaan\u0131n ortaya \u00e7\u0131kar\u0131lmas\u0131 sonucu Barekov, Boorisov&#8217;un lideri oldu\u011fu Bulgaristan&#8217;\u0131n Avrupal\u0131 Geli\u015fimi \u0130\u00e7in Vatanda\u015flar (GERB) partisinin se\u00e7imleri etkilemek \u00fczere 350 bin ek pusula bast\u0131rd\u0131\u011f\u0131n\u0131 iddia etmi\u015fti.<\/p>\n<div id=\"bghab-1524712298\" class=\"bghab-yazi-altinda bghab-entity-placement\"><script async src=\"https:\/\/pagead2.googlesyndication.com\/pagead\/js\/adsbygoogle.js\"><\/script>\r\n<!-- bghaber-yaz\u0131-sonu -->\r\n<ins class=\"adsbygoogle\"\r\n     style=\"display:block\"\r\n     data-ad-client=\"ca-pub-6203283170189293\"\r\n     data-ad-slot=\"4222328180\"\r\n     data-ad-format=\"auto\"\r\n     data-full-width-responsive=\"true\"><\/ins>\r\n<script>\r\n     (adsbygoogle = window.adsbygoogle || []).push({});\r\n<\/script><\/div><br style=\"clear: both; display: block; float: none;\"\/>","protected":false},"excerpt":{"rendered":"<p>Bulgaristan&#8217;\u0131n kuzeybat\u0131s\u0131ndaki Montana \u015fehrinde TV7 adl\u0131 \u00f6zel televizyonun Genel M\u00fcd\u00fcr\u00fc Nikolay Barekov, canl\u0131 yay\u0131n s\u0131ras\u0131nda sald\u0131r\u0131ya u\u011frad\u0131.<\/p>\n","protected":false},"author":29,"featured_media":2359,"comment_status":"closed","ping_status":"closed","sticky":false,"template":"","format":"standard","meta":{"advanced_seo_description":"","jetpack_seo_html_title":"","jetpack_seo_noindex":false,"jetpack_seo_schema_type":"","_jetpack_newsletter_access":"","_jetpack_dont_email_post_to_subs":false,"_jetpack_newsletter_tier_id":0,"_jetpack_memberships_contains_paywalled_content":false,"_jetpack_feature_clip_id":0,"_jetpack_memberships_contains_paid_content":false,"footnotes":"","jetpack_post_was_ever_published":false},"categories":[4],"tags":[30],"class_list":["post-2358","post","type-post","status-publish","format-standard","has-post-thumbnail","hentry","category-siyaset","tag-bulgaristan"],"jetpack_sharing_enabled":true,"jetpack_likes_enabled":true,"jetpack-related-posts":[],"jetpack_shortlink":"https:\/\/wp.me\/pc2PfJ-C2","jetpack_featured_media_url":"https:\/\/i0.wp.com\/www.bghaber.org\/bghaber\/wp-content\/uploads\/2013\/05\/bulgaristanda_tv7_genel_mudurune_canli_yayinda_saldiri.jpg?fit=558%2C297&ssl=1","_links":{"self":[{"href":"https:\/\/www.bghaber.org\/bghaber\/wp-json\/wp\/v2\/posts\/2358","targetHints":{"allow":["GET"]}}],"collection":[{"href":"https:\/\/www.bghaber.org\/bghaber\/wp-json\/wp\/v2\/posts"}],"about":[{"href":"https:\/\/www.bghaber.org\/bghaber\/wp-json\/wp\/v2\/types\/post"}],"author":[{"embeddable":true,"href":"https:\/\/www.bghaber.org\/bghaber\/wp-json\/wp\/v2\/users\/29"}],"replies":[{"embeddable":true,"href":"https:\/\/www.bghaber.org\/bghaber\/wp-json\/wp\/v2\/comments?post=2358"}],"version-history":[{"count":0,"href":"https:\/\/www.bghaber.org\/bghaber\/wp-json\/wp\/v2\/posts\/2358\/revisions"}],"wp:featuredmedia":[{"embeddable":true,"href":"https:\/\/www.bghaber.org\/bghaber\/wp-json\/wp\/v2\/media\/2359"}],"wp:attachment":[{"href":"https:\/\/www.bghaber.org\/bghaber\/wp-json\/wp\/v2\/media?parent=2358"}],"wp:term":[{"taxonomy":"category","embeddable":true,"href":"https:\/\/www.bghaber.org\/bghaber\/wp-json\/wp\/v2\/categories?post=2358"},{"taxonomy":"post_tag","embeddable":true,"href":"https:\/\/www.bghaber.org\/bghaber\/wp-json\/wp\/v2\/tags?post=2358"}],"curies":[{"name":"wp","href":"https:\/\/api.w.org\/{rel}","templated":true}]}}