{"id":23402,"date":"2017-06-12T20:20:02","date_gmt":"2017-06-12T17:20:02","guid":{"rendered":"http:\/\/www.bghaber.org\/bghaber\/?p=23402"},"modified":"2017-06-14T00:31:11","modified_gmt":"2017-06-13T21:31:11","slug":"durduk-mu-tukendik-mi","status":"publish","type":"post","link":"https:\/\/www.bghaber.org\/bghaber\/durduk-mu-tukendik-mi\/","title":{"rendered":"Durduk mu? T\u00fckendik mi?"},"content":{"rendered":"<p>\u015eakir ARSLANTA\u015e<\/p>\n<p>Tarih: 12 Haziran 2017<\/p>\n<p>&nbsp;<\/p>\n<p>Konu:\u00a0\u00a0 <strong>Bulgaristan monar\u015fi mi (\u00c7arl\u0131k), halk demokrasisi mi, yoksa parlamenter demokrasi mi olmal\u0131d\u0131r?<\/strong><\/p>\n<p><strong>\u00a0\u00a0\u00a0\u00a0\u00a0\u00a0\u00a0\u00a0\u00a0\u00a0\u00a0 Bulgaristan bir tek uluslu (uniter) devlet mi kalmal\u0131 yoksa bir federasyon \u015feklinde mi \u00f6rg\u00fctlenmelidir?<\/strong><\/p>\n<p>Bug\u00fcn g\u00fcnlerden Pazartesi (12 Haziran 2017) Sofya biTiVi kanal\u0131nda Adalet Bakan\u0131 Tsetska Tsa\u00e7eva konu\u015ftu.<\/p><div id=\"bghab-455701283\" class=\"bghab-icerik-icine bghab-entity-placement\"><script async src=\"\/\/pagead2.googlesyndication.com\/pagead\/js\/adsbygoogle.js?client=ca-pub-6203283170189293\" crossorigin=\"anonymous\"><\/script><ins class=\"adsbygoogle\" style=\"display:block; text-align:center;\" data-ad-client=\"ca-pub-6203283170189293\" \ndata-ad-slot=\"7303146466\" \ndata-ad-layout=\"in-article\"\ndata-ad-format=\"fluid\" data-full-width-responsive=\"true\"><\/ins>\n<script> \n(adsbygoogle = window.adsbygoogle || []).push({}); \n<\/script>\n<\/div>\n<p>Bayan Tsa\u00e7eva, son se\u00e7imlerde GERB partisinin Cumhurba\u015fkan\u0131 aday\u0131yd\u0131 ve uzun y\u0131llar meclis ba\u015fkan\u0131 g\u00f6revinden bulunmu\u015f bir siyaset\u00e7idir. Halen 60 g\u00fcnl\u00fck Adalet Bakan\u0131 olan, TV ekran\u0131nda ilk defa \u00e7\u0131k\u0131p Bulgaristan\u2019da mutlaka yap\u0131lmas\u0131 gereken Adalet Reformu ile ilgili konu\u015ftu.<\/p>\n<p>Konu ola\u011fan\u00fcst\u00fc akt\u00fcel oldu\u011fu kadar son haftalarda sert \u00e7eki\u015fmeler de yaratt\u0131. Y\u00fcksek Temiz Mahkemesi (Kasatsionen s\u0131d) Ba\u015fkan\u0131 Lozan Panov ile Ba\u015fsavc\u0131 Tsetsko Tsa\u00e7ev bu konuda birbirine girmi\u015f durumdad\u0131r. Ba\u011f\u0131ms\u0131z bir kurum olmas\u0131 gereken mahkemelerde son s\u00f6z sahibi olan L. Panov, derin adalet reformu yap\u0131lmas\u0131n\u0131 istedi. Bunun yap\u0131labilmesi i\u00e7in de B\u00fcy\u00fck Halk Meclisi (BHM) toplanmas\u0131 i\u00e7in genel se\u00e7im yap\u0131lmas\u0131n\u0131 ve Ba\u015fsavc\u0131l\u0131\u011f\u0131n ve savc\u0131l\u0131k kurumunun \u00fc\u00e7 y\u00fcr\u00fctme g\u00fcc\u00fcnden yani meclis<strong>, h\u00fck\u00fcmet ve yarg\u0131dan \u2013 ayn\u0131 mesafede bulunmas\u0131n\u0131 ve hi\u00e7 birinin \u00e7al\u0131\u015fmas\u0131na m\u00fcdahale etmeden,\u00a0 hi\u00e7bir \u015fey dayatmadan<\/strong>, denetleyici \u00e7al\u0131\u015fmalarda bulunmas\u0131n\u0131 \u0131srarla istedi.<\/p>\n<p>O, konuyu yeni se\u00e7ilen \u00e7i\u00e7e\u011fi burnunda Cumhurba\u015fkan\u0131 Rumen Radev\u2019le m\u00fczakere etti. Onun tezlerine kamuoyundan gelen tepkilerde, \u201c<strong>yarg\u0131 meclis<\/strong>\u201d ve \u201c<strong>h\u00fck\u00fcmetin kurumlar\u0131na<\/strong>\u201d ak\u0131l veremez, vurgulamas\u0131 a\u011f\u0131r bast\u0131. Hatta ger\u00e7ek yarg\u0131, mecliste yeni kanunlarla ilgili tart\u0131\u015fma y\u00fcr\u00fct\u00fcl\u00fcrken bile davet edilmi\u015f olsa, gitmemesi, kar\u0131\u015fmamas\u0131 gerekir ancak adalet da\u011f\u0131t\u0131rken Anayasa ve <strong>yasalar\u0131 tam olarak uygular, vazifeleri bununla s\u0131n\u0131rl\u0131 kalmal\u0131d\u0131r, g\u00f6r\u00fc\u015fleri tekrar edildi.<\/strong><\/p>\n<p>\u00d6te yandan savc\u0131l\u0131\u011f\u0131n \u00fc\u00e7 erkten de ayn\u0131 mesafede durmas\u0131 iste\u011fi tepki uyand\u0131rmad\u0131.<\/p>\n<p>Konuyu ve tart\u0131\u015fmay\u0131 Cumhurba\u015fkan\u0131 Radev\u2019in masas\u0131na ta\u015f\u0131yan bir de Ba\u015fsavc\u0131 Tsatsarov oldu ki, o savc\u0131l\u0131k kurumu mahkemeden (yarg\u0131 sisteminden) \u00e7\u0131kar\u0131lsa daha<strong> kontrols\u00fcz kal\u0131r<\/strong>, noktas\u0131na kilitlendi.<\/p><div id=\"bghab-3148368753\" class=\"bghab-icerik-icine-10-paragraf bghab-entity-placement\"><script async src=\"\/\/pagead2.googlesyndication.com\/pagead\/js\/adsbygoogle.js?client=ca-pub-6203283170189293\" crossorigin=\"anonymous\"><\/script><ins class=\"adsbygoogle\" style=\"display:block; text-align:center;\" data-ad-client=\"ca-pub-6203283170189293\" \ndata-ad-slot=\"7303146466\" \ndata-ad-layout=\"in-article\"\ndata-ad-format=\"fluid\" data-full-width-responsive=\"true\"><\/ins>\n<script> \n(adsbygoogle = window.adsbygoogle || []).push({}); \n<\/script>\n<\/div>\n<p>Adalet Bakan\u0131 Bayan Tsa\u00e7eva bu konuyu halka a\u00e7\u0131k a\u00e7\u0131k yorumlarken, \u00f6nce <strong>Bulgaristan\u2019\u0131n yeni bir Anayasa\u2019ya ihtiyac\u0131 oldu\u011funu<\/strong> s\u00f6yledi.<\/p>\n<p><strong>Nas\u0131l bir devlet istedi\u011fimiz konusunu ise yeni ba\u015ftan tart\u0131\u015fmam\u0131z gerekiyor,<\/strong> diye devam eden Bayan Tsa\u00e7eva, vatanda\u015f ne istiyor? Monar\u015fi mi? Halk demokrasisi mi? Yoksa parlamenter demokrasi mi? Birinci konu budur, dedi.<\/p>\n<p>Devletin bi\u00e7imine de\u011finirken bir de \u201c<strong>tek uluslu uniter bir devletle mi devam edece\u011fiz, yoksa federal bir yap\u0131 m\u0131 istiyoruz<\/strong>?\u201d sorusunu da y\u00f6neltti.<\/p>\n<p>Bu konular Anayasa\u2019da i\u015flenmelidir, ancak B\u00fcy\u00fck Halk Meclisinde g\u00f6r\u00fc\u015f\u00fcl\u00fcr, dedi. \u00d6yleyse 44.Halk meclisinde yap\u0131lacak bir \u015fey yok. Siyasi sistem de\u011fi\u015fikli\u011fine ili\u015fkin 6 Kas\u0131m 2016 tarihli referandum sonu\u00e7lar\u0131 da \u0130stinaf Mahkemesi\u2019nden ge\u00e7medi\u011fine g\u00f6re, yapacak bir \u015fey yok. Bug\u00fcnk\u00fc durumda Bulgar Yarg\u0131 sistemi kilitlenmi\u015ftir. <strong>Hukuk \u00fcst\u00fcnl\u00fc\u011f\u00fc sa\u011flanamayan bir toplum t\u00fckenmi\u015ftir ve yerinde sayar.<\/strong><\/p>\n<p>Bu bak\u0131ma Bulgaristan\u2019da yeni se\u00e7imlerin yine erken olaca\u011f\u0131na ve B\u00fcy\u00fck Halk Meclisi se\u00e7i kurulaca\u011f\u0131na kesin g\u00f6zle bak\u0131lmaya ba\u015fland\u0131. Dikkati \u00e7eken \u00f6nemli nokta ise, kamuoyunun bu konuda olgunla\u015fm\u0131\u015f olmas\u0131d\u0131r. Hele 12 ki\u015fi ka\u00e7\u0131ran, ikisini \u00f6ld\u00fcren, di\u011ferlerinin parma\u011f\u0131n\u0131, kula\u011f\u0131n\u0131 keserek, 30-40 g\u00fcn kapal\u0131 tabut 3-4 milyon leva toplad\u0131ktan sonra tutuklanan ve i\u00e7eri at\u0131lan canilerin \u015fu hareketi nefes kesti. Onlar hapishaneden \u201c<strong>biz art\u0131k d\u00fczeldik, akl\u0131m\u0131z ba\u015f\u0131m\u0131za geldik, bizi sal\u0131verin l\u00fctfen<\/strong>\u201d dilek\u00e7esi yazd\u0131.<\/p><div id=\"bghab-1068179034\" class=\"bghab-icerik-icine-15-paragraf bghab-entity-placement\"><script async src=\"\/\/pagead2.googlesyndication.com\/pagead\/js\/adsbygoogle.js?client=ca-pub-6203283170189293\" crossorigin=\"anonymous\"><\/script><ins class=\"adsbygoogle\" style=\"display:block; text-align:center;\" data-ad-client=\"ca-pub-6203283170189293\" \ndata-ad-slot=\"7303146466\" \ndata-ad-layout=\"in-article\"\ndata-ad-format=\"fluid\" data-full-width-responsive=\"true\"><\/ins>\n<script> \n(adsbygoogle = window.adsbygoogle || []).push({}); \n<\/script>\n<\/div>\n<p>Sofya\u2019da birinci dereceli mahkemeden &#8211; B\u00f6lge Mahkemesi\u2019nden \u201c<strong>kabul\u00fcm\u00fczd\u00fcr, sal\u0131ns\u0131nlar<\/strong>\u201d karar\u0131 \u00e7\u0131kt\u0131. Birka\u00e7 g\u00fcn \u00f6nce \u0130stinaf Mahkemesince bozulan bu karar, bir defa toplumu yediden yetmi\u015fe \u00fcrpertti. \u00dcstelik hukukun, adaletin, toplum \u00e7\u0131karlar\u0131n\u0131n rafa kald\u0131r\u0131ld\u0131\u011f\u0131n\u0131 ger\u00e7ekten kan\u0131tlad\u0131.<\/p>\n<p><strong>Kamuoyundan tepki tufan\u0131 gelmeseydi, katiller kesip y\u00fczmeye devam edeceklerdi.<\/strong><\/p>\n<p>\u0130\u015fte Adalet reformu kap\u0131s\u0131n\u0131 a\u00e7acak yeni bir genel se\u00e7imi akla getiren bir de bu olaylar oldu. Ku\u015fkusuz bu se\u00e7imlere biz M\u00fcsl\u00fcman <strong>T\u00fcrklerin kendi akl\u0131m\u0131zla, kendi tecr\u00fcbelerimize dayanarak, kendi akil adamlar\u0131m\u0131z\u0131 g\u00f6reve \u00e7a\u011f\u0131rarak, hi\u00e7bir haine \u00f6nem vermeden, k\u00fc\u00e7\u00fck hesaplara yenik d\u00fc\u015fmeden ger\u00e7ekten \u00e7ok iyi haz\u0131rlanmal\u0131y\u0131z.<\/strong><\/p>\n<p>Bu se\u00e7imde BH Meclisine en az 30-40 milletvekili \u00e7\u0131karabilirsek, Bulgaristan devlet d\u00fczenini, yasal d\u00fczeni k\u00f6kl\u00fc de\u011fi\u015fikliklere zorlayarak parlamenter demokrasi temelinde hukuk \u00fcst\u00fcnl\u00fc\u011f\u00fcn\u00fc ve \u00e7o\u011fulcu bir sistemi hayata \u00e7a\u011f\u0131rabiliriz.<\/p>\n<p>BHM\u2019nde 120 milletvekili olacakt\u0131r. Haz\u0131rlayacaklar\u0131 yeni Anayasa toplumu d\u00f6n\u00fc\u015ft\u00fcrebilir. Bizde haklar\u0131m\u0131z\u0131 elde eder, sonunda rahatlar\u0131z\u2026<\/p><div id=\"bghab-2775924636\" class=\"bghab-icerik-icine-20-paragraf bghab-entity-placement\"><script async src=\"\/\/pagead2.googlesyndication.com\/pagead\/js\/adsbygoogle.js?client=ca-pub-6203283170189293\" crossorigin=\"anonymous\"><\/script><ins class=\"adsbygoogle\" style=\"display:block; text-align:center;\" data-ad-client=\"ca-pub-6203283170189293\" \ndata-ad-slot=\"7303146466\" \ndata-ad-layout=\"in-article\"\ndata-ad-format=\"fluid\" data-full-width-responsive=\"true\"><\/ins>\n<script> \n(adsbygoogle = window.adsbygoogle || []).push({}); \n<\/script>\n<\/div>\n<p><strong>Bulgaristan \u015fimdiye kadar 3 Anayasa haz\u0131rlad\u0131. <\/strong><\/p>\n<p><strong>1878 Anayasas\u0131yla<\/strong> Bulgaristan\u2019da Prenslik (monar\u015f\u0131) kuruldu.<\/p>\n<p><strong>1908\u2019de Prenslik \u00c7arl\u0131k<\/strong> idaresi \u015fekline b\u00fcy\u00fcd\u00fc. Anayasa, \u00c7ara, h\u00fckmetme hakk\u0131 tan\u0131sa da, \u00c7ar Ferdinant y\u00fcr\u00fctme i\u015flerine burnunu fazlas\u0131yla soktu, dizginleri eline ald\u0131. \u00dclkeye 3 sava\u015fa soktu. Hepsinde yenildi.\u00a0 Bulgaristan\u2019a iki ulusal y\u0131k\u0131m ya\u015fatt\u0131. \u0130stanbul\u2019u alaca\u011f\u0131n\u0131 zannetti ve <strong>Alt\u0131n fayton yapt\u0131rd\u0131<\/strong>. Bizans\u0131 canland\u0131r\u0131p \u0130mparator olaca\u011f\u0131m hayalleriyle Fransa\u2019da tun\u00e7, mahagon ve kadifeden tren yapt\u0131rd\u0131. Bunlar\u0131n hepsini ekme\u011fini \u015faraba ban\u0131p so\u011fanla kat\u0131k eden Bulgar halk\u0131ndan gizli tuttu. Sonunda 1918\u2019de taht\u0131ndan ayr\u0131lmak zorunda kald\u0131. O kendini be\u011fenmi\u015f bir \u00c7ar, kendinden ba\u015fkas\u0131n\u0131 dinlemeyen, zapt edilmesi zor \u00e7ok h\u0131rsl\u0131 bir diktat\u00f6rd\u00fc.<\/p>\n<p><strong>\u0130kinci Anayasa<\/strong> Bulgaristan Halk Cumhuriyeti\u2019nin sosyalist anayasas\u0131d\u0131r.<\/p>\n<p>Ad\u0131na \u201chalk demokrasisi\u201d anayasas\u0131 denmi\u015fti. \u0130\u00e7inden devlet ve kooperatif m\u00fclkiyete dayanan bir totaliter diktat\u00f6rl\u00fck \u00e7\u0131kt\u0131. Bu diktat\u00f6r\u00fcn ad\u0131 ise, Todor Jivkov\u2019tu. 43 y\u0131l iktidarda kald\u0131, Anayasay\u0131 ve yasalar\u0131 rafa kald\u0131rd\u0131, az\u0131nl\u0131klara \u00e7ulland\u0131\u011f\u0131 zul\u00fcm yetmezmi\u015f gibi, memleketimizi 16. Cumhuriyet olarak Sovyetler Birli\u011fine katmaya \u00e7al\u0131\u015ft\u0131. Sonunda hukuksuzluk karanl\u0131\u011f\u0131nda kendisi de bo\u011fuldu. \u015eu asla unutulmamaktad\u0131r burnundan k\u0131l ald\u0131rmayan bu diktat\u00f6r\u00fc 1989 May\u0131s\u0131nda isyan eden 70 bin M\u00fcsl\u00fcman T\u00fcrk devirdi ve tarih yazd\u0131lar. O g\u00fcn bu g\u00fcn Bulgar siyaseti zaman\u0131n\u0131 doldurmu\u015f totaliter stat\u00fckoyu korumaya \u00e7al\u0131\u015ft\u0131. Yani T\u00fcrklerin haklar\u0131n\u0131 tan\u0131nmad\u0131.<\/p><div id=\"bghab-1143682371\" class=\"bghab-icerik-icine-25-paragraf bghab-entity-placement\"><script async src=\"\/\/pagead2.googlesyndication.com\/pagead\/js\/adsbygoogle.js?client=ca-pub-6203283170189293\" crossorigin=\"anonymous\"><\/script><ins class=\"adsbygoogle\" style=\"display:block; text-align:center;\" data-ad-client=\"ca-pub-6203283170189293\" \ndata-ad-slot=\"7303146466\" \ndata-ad-layout=\"in-article\"\ndata-ad-format=\"fluid\" data-full-width-responsive=\"true\"><\/ins>\n<script> \n(adsbygoogle = window.adsbygoogle || []).push({}); \n<\/script>\n<\/div>\n<p><strong>Yani BHM\u2019de g\u00f6r\u00fc\u015f\u00fclecek olan ilk sorun Bulgaristan T\u00fcrklerine hak, \u00f6zg\u00fcrl\u00fck, adalet ve kendi kimlikleriyle h\u00fcr ya\u015fama haklar\u0131n\u0131n tan\u0131nmas\u0131 olmal\u0131d\u0131r.<\/strong><\/p>\n<p>Onlar bu topraklar\u0131n, bu vatan\u0131n getirme o\u011fullar\u0131 de\u011fil, bunlarda burada Bulgaristan\u2019\u0131n asil unsurlar\u0131d\u0131r.<\/p>\n<p><strong>1992\u2019i Anayasas\u0131 Bulgaristan Cumhuriyetini bir parlamenter demokrasi ilan etti. <\/strong><\/p>\n<p>Parlamenter demokrasi halkoyu ile g\u00f6reve gelen bir \u00e7o\u011fulcu d\u00fczen demektir. \u015eu noktaya dikkat edelim. Bir\u00e7ok partinin se\u00e7ime girmesi kendili\u011finden \u00e7o\u011fulcu bir d\u00fczen olu\u015ftu\u011fu anlam\u0131na gelmez. Bu bak\u0131ma bizde, 1948\u2019den 1989\u2019a se\u00e7imleri hep Kom\u00fcnist Partisi % 99,8\u2019le kazand\u0131\u011f\u0131 i\u00e7in, se\u00e7mende ve halkta \u00e7o\u011fulcu, \u00e7o\u011fulcu demokrasi ve parlamenter demokrasi vb demokratik d\u00fczen kavramlar\u0131 yerle\u015fmemi\u015ftir. \u015eu anda Bulgaristan\u2019da 403 parti var ama demokratik d\u00fczen yok. Hukuk d\u00fczeni kilitlenmi\u015ftir.<\/p>\n<p><strong>\u0130\u015faret etti\u011fimiz \u00fc\u00e7 anayasan\u0131n \u00fc\u00e7\u00fcnde de de\u011fi\u015fmez olan \u201cuniter devlet\u201d ilkesidir. <\/strong><\/p><div id=\"bghab-2516603198\" class=\"bghab-icerik-icine-30-paragraf bghab-entity-placement\"><script async src=\"\/\/pagead2.googlesyndication.com\/pagead\/js\/adsbygoogle.js?client=ca-pub-6203283170189293\" crossorigin=\"anonymous\"><\/script><ins class=\"adsbygoogle\" style=\"display:block; text-align:center;\" data-ad-client=\"ca-pub-6203283170189293\" \ndata-ad-slot=\"7303146466\" \ndata-ad-layout=\"in-article\"\ndata-ad-format=\"fluid\" data-full-width-responsive=\"true\"><\/ins>\n<script> \n(adsbygoogle = window.adsbygoogle || []).push({}); \n<\/script>\n<\/div>\n<p>Bunun anlam\u0131, Bulgaristan\u2019\u0131n tek uluslu, tek dilli, tek k\u00fclt\u00fcrl\u00fc, tek tarih ve gelenekleri olan bir devlettir prensiplerine uyulmas\u0131 zorunlu\u011fudur. <strong><em>Bu ilke, Bulgar kimli\u011fini kabul etmeyen M\u00fcsl\u00fcman T\u00fcrklerin ve di\u011fer az\u0131nl\u0131klar\u0131n \u00fclkeden kovulmas\u0131, isim ve dinlerinin de\u011fi\u015ftirilmesi, ana dillerinin yasaklanmas\u0131, okullar\u0131n\u0131n ve camilerinin kapat\u0131lmas\u0131, gelenek ve adetlerinin, ya\u015fam bi\u00e7imi namusluluk normlar\u0131n\u0131n yasaklanarak yenilerinin dayat\u0131lmas\u0131na yasal devlet\u00e7i temel tan\u0131m\u0131\u015f ve Bulgar halk\u0131na bask\u0131 ter\u00f6r uygulamalar\u0131n\u0131, devlet zulm\u00fcn\u00fc me\u015fru g\u00f6rm\u00fc\u015ft\u00fcr.<\/em><\/strong> Bu bak\u0131ma Bulgar devleti i\u00e7 siyasette az\u0131nl\u0131klara kar\u015f\u0131 s\u00fcregenl\u0131k (kesintisiz devaml\u0131l\u0131k) izlemi\u015ftir. Prenslik ve Krall\u0131k zaman\u0131nda M\u00fcsl\u00fcman T\u00fcrkler g\u00f6\u00e7e zorlanm\u0131\u015f, topraklar\u0131na el konmu\u015f, 1 732 okulun \u00fc\u00e7te ikisi kapanm\u0131\u015f ve okullar t\u0131r. Pomaklar\u0131n isimleri ve dinleri zorla hem de defalarca de\u011fi\u015ftirilirken, sosyalizm y\u0131llar\u0131nda 1972-73 ve 1984-1989 T\u00fcrk katliam\u0131 i\u015flenmi\u015f, binlerce ki\u015fi zulme maruz kalm\u0131\u015f, g\u00f6\u00e7 etmi\u015f, s\u00fcr\u00fclm\u00fc\u015ft\u00fcr.<\/p>\n<p><strong>Bize nas\u0131l bir devlet laz\u0131m?<\/strong> Sorusu bug\u00fcn masaya konmu\u015ftur. Bunun 1 c\u00fcmlelik k\u0131sa cevab\u0131m\u0131zda, XX. Yy\u2019da ba\u015f\u0131m\u0131za gelenleri bir daha gelmesine engel olacak ve bir etnik halk toplulu\u011fu olarak kimlik haklar\u0131m\u0131z\u0131 tan\u0131yan bir demokratik devlet istiyoruz, diyebiliriz.<\/p>\n<p><strong>Burada a\u00e7\u0131lmas\u0131 gereken \u00f6zellik \u015fudur<\/strong>: Toplum temizlenmeden, katil ve hainler hak ettikleri cezay\u0131 bulmadan, bir toplumsal ve devlet d\u00fczenine ge\u00e7ilemez. 1912-1918 aras\u0131nda Bulgaristan\u2019\u0131 3 sava\u015fa sokan, Birinci ve \u0130kinci Balkan Sava\u015f\u0131nda ve ard\u0131ndan Birinci D\u00fcnya Sava\u015f\u0131nda yenilen, gen\u00e7leri cephelerde k\u0131rd\u0131ran, memleketi toprak kayb\u0131na u\u011fratan Ferdinand tahtan indirilmi\u015f ve \u00fclkeden kovulmu\u015ftur. Bununla yetinmeyen halk \u00fclkeyi sava\u015fa iten Bakanlar\u0131 ve generalleri lin\u00e7 etmek istemi\u015f, dara\u011fa\u00e7lar\u0131 kurulmas\u0131nda direnmi\u015ftir. Zulm\u00fcn zul\u00fcm edenler i\u00e7in k\u00f6t\u00fc sonu\u00e7land\u0131\u011f\u0131n\u0131 kendisi kan\u0131tlamaya \u00e7al\u0131\u015fm\u0131\u015ft\u0131r.<\/p>\n<p>1944\u2019ten sonra halk iktidar\u0131 fa\u015fist katillerle hesapla\u015fm\u0131\u015ft\u0131r. Ba\u015fta II.Simeon olmak \u00fczere, yak\u0131nlar\u0131, bakan ve generalleri \u00fclkeyi terk etmi\u015fler ya da toplama kamplar\u0131na d\u00fc\u015fm\u00fc\u015fler, 174\u2019\u00fc orada kalm\u0131\u015f, 286\u2019s\u0131 da halk mahkemelerinde idam cezas\u0131na \u00e7arpt\u0131r\u0131lm\u0131\u015ft\u0131r.<\/p>\n<p>10 Kas\u0131m 1989\u2019da Todor Jivkov d\u00fc\u015f\u00fcr\u00fcld\u00fc\u011f\u00fcnde kom\u00fcnizm d\u00f6nemi katillerinden hi\u00e7 biri dara\u011fac\u0131nda salland\u0131r\u0131lmam\u0131\u015ft\u0131r. 1972 Pomak katliam\u0131, 1984-89 T\u00fcrk katliam\u0131, \u201c<strong>soya d\u00f6n\u00fc\u015f<\/strong>\u201d canili\u011fi uygulay\u0131c\u0131lar\u0131 sinmi\u015flerdir. Burada \u201ccezaland\u0131r\u0131lamazlar\u201d iddias\u0131, 1948 Anayasas\u0131\u2019ndaki \u201c<strong>kolektif su\u00e7 olmaz<\/strong>\u201d hususuna s\u0131\u011f\u0131nm\u0131\u015f, b\u00fct\u00fcn d\u00fc\u011f\u00fcm Anayasa maddelerine s\u0131k\u0131\u015ft\u0131r\u0131lm\u0131\u015ft\u0131.<\/p><div id=\"bghab-2649560620\" class=\"bghab-icerik-icine-35-paragraf bghab-entity-placement\"><script async src=\"\/\/pagead2.googlesyndication.com\/pagead\/js\/adsbygoogle.js?client=ca-pub-6203283170189293\" crossorigin=\"anonymous\"><\/script><ins class=\"adsbygoogle\" style=\"display:block; text-align:center;\" data-ad-client=\"ca-pub-6203283170189293\" \ndata-ad-slot=\"7303146466\" \ndata-ad-layout=\"in-article\"\ndata-ad-format=\"fluid\" data-full-width-responsive=\"true\"><\/ins>\n<script> \n(adsbygoogle = window.adsbygoogle || []).push({}); \n<\/script>\n<\/div>\n<p>1990\u2019da Cumhurba\u015fkan\u0131 olan, yazd\u0131\u011f\u0131 kitaplarda 1989 Ayaklanmam\u0131z\u0131n \u00f6nemine defalarca vurgu yapan Jel\u00fc Jelev bize \u015f\u00f6yle bir k\u00f6t\u00fcl\u00fck de yapm\u0131\u015ft\u0131. Bulgaristan demokratik toplumu M\u00fcsl\u00fcman T\u00fcrklere yap\u0131lan zulm\u00fcn hesab\u0131 verilmeden demokratikle\u015fme olamayaca\u011f\u0131na inand\u0131rm\u0131\u015ft\u0131.<\/p>\n<p>Bulgar meclisinde ge\u00e7ici anket komisyonu kuruldu. Bulgar M\u00fcsl\u00fcman az\u0131nl\u0131\u011f\u0131n T\u00fcrkle\u015ftirilmeye \u00e7al\u0131\u015f\u0131ld\u0131\u011f\u0131na ili\u015fkin sahte sinyaller \u00fczerinde \u00e7al\u0131\u015f\u0131ld\u0131. Olaylar ters y\u00fcz g\u00f6sterilmeye \u00e7al\u0131\u015f\u0131ld\u0131. T\u00fcrklerin de oylar\u0131yla se\u00e7ilen Jelev kendinden bekleneni yapmad\u0131.<\/p>\n<p>2007\u2019de Cumhurba\u015fkan\u0131 se\u00e7ilen Pet\u0131r Stoyanov, Bulgaristan Anayasas\u0131n\u0131 bir kenara koyarak, Az\u0131nl\u0131klar \u00c7er\u00e7eve S\u00f6zle\u015fmesi imzalad\u0131. O tarihten son H\u00d6H\u2019l\u00fc T\u00fcrk milletvekilleri \u00e7ok etnikli Bulgar devletinden s\u00f6z etmeye ba\u015flad\u0131lar. 4 dilli 3 kantonlu \u0130svi\u00e7re dediler, fakat fikirlerini ge\u00e7iremediler. \u0130\u015f anayasaya dayand\u0131 ve 1992 Anayasas\u0131nda Bulgaristan bir\u00e7ok etnikli devlet olarak tan\u0131t\u0131lmam\u0131\u015ft\u0131.<\/p>\n<p>11 Ocak 2012\u2019de Sofya parlamentosu \u201csoya d\u00f6n\u00fc\u015f\u201d canili\u011fini lanetledi, fakat ileri ad\u0131m at\u0131p canilerin tutuklan\u0131p cezaland\u0131r\u0131lmas\u0131 yolu a\u00e7mad\u0131, i\u015f yine Anayasa ve ceza kanunu maddelerine tak\u0131ld\u0131.<\/p>\n<p>Su\u00e7 i\u015fleyip de su\u00e7suz gibi ya\u015famak hukuksuzluktur. Bu \u00e7ark\u0131n d\u00f6nmesi i\u00e7in Bulgar halk\u0131n\u0131n demokratik geleneklerine inmek gerekir.<\/p><div id=\"bghab-2830692656\" class=\"bghab-icerik-icine-40-paragraf bghab-entity-placement\"><script async src=\"\/\/pagead2.googlesyndication.com\/pagead\/js\/adsbygoogle.js?client=ca-pub-6203283170189293\" crossorigin=\"anonymous\"><\/script><ins class=\"adsbygoogle\" style=\"display:block; text-align:center;\" data-ad-client=\"ca-pub-6203283170189293\" \ndata-ad-slot=\"7303146466\" \ndata-ad-layout=\"in-article\"\ndata-ad-format=\"fluid\" data-full-width-responsive=\"true\"><\/ins>\n<script> \n(adsbygoogle = window.adsbygoogle || []).push({}); \n<\/script>\n<\/div>\n<p>Daha 1908\u2019de Bulgar \u00c7arl\u0131\u011f\u0131 ilan edilirken Al. Stamboliyski gini Demokratik Cumhuriyet isteyenler vard\u0131.<\/p>\n<p>1908\u2019de Radomir Cumhuriyetini ilan eden \u00e7ift\u00e7i ve kom\u00fcnistler de \u00c7arl\u0131\u011fa son! Slogan\u0131 y\u00fckseltmi\u015flerdi.<\/p>\n<p>1992\u2019de Anayasa\u2019ya demokratik hak ve \u00f6zg\u00fcrl\u00fcklerimiz al\u0131nmay\u0131nca H\u00d6H milletvekilleri ana kanunu imzalamad\u0131lar.<\/p>\n<p>Bu Anayasa 13 defa de\u011fi\u015fiklik g\u00f6rse de bizim az\u0131nl\u0131k haklar\u0131m\u0131z\u0131, hak e\u015fitli\u011fimizi, evrensel insan haklar\u0131m\u0131z\u0131 sa\u011flanmad\u0131, kimliksizli\u011fimizin \u201cBulgar Etnik Modeli\u201d i\u00e7inde yok edilmesine olanak sa\u011flad\u0131.<\/p>\n<p><strong>Bu bak\u0131ma biz Bulgaristan T\u00fcrkleri k\u00f6kl\u00fc bir Anayasa de\u011fi\u015fikli\u011finden yanay\u0131z. <\/strong><\/p><div id=\"bghab-3185736756\" class=\"bghab-icerik-icine-45-paragraf bghab-entity-placement\"><script async src=\"\/\/pagead2.googlesyndication.com\/pagead\/js\/adsbygoogle.js?client=ca-pub-6203283170189293\" crossorigin=\"anonymous\"><\/script><ins class=\"adsbygoogle\" style=\"display:block; text-align:center;\" data-ad-client=\"ca-pub-6203283170189293\" \ndata-ad-slot=\"7303146466\" \ndata-ad-layout=\"in-article\"\ndata-ad-format=\"fluid\" data-full-width-responsive=\"true\"><\/ins>\n<script> \n(adsbygoogle = window.adsbygoogle || []).push({}); \n<\/script>\n<\/div>\n<p>Bu anayasa de\u011fi\u015fikli\u011fi parlamenter \u00e7o\u011fulcu demokrasi d\u00fczenini koruyarak, az\u0131nl\u0131k haklar\u0131m\u0131z\u0131, genel ge\u00e7erli do\u011fal ve insan haklar\u0131m\u0131z\u0131, dil, din ve \u00f6zg\u00fcn k\u00fclt\u00fcr, \u00f6rg\u00fctlenme, kendi okullar\u0131m\u0131z\u0131 a\u015fma, radyo, TV, bas\u0131n yay\u0131n haklar\u0131m\u0131z\u0131 tan\u0131mal\u0131, devlet kurumlar\u0131ndan \u00f6tekile\u015ftirilmemize son verilmelidir. \u00dclkemizin toprak b\u00fct\u00fcnl\u00fc\u011f\u00fc korunarak federatif bir sistem de uygulanabilir. <em>En \u00f6nemlisi yeni Anayasa\u2019da fa\u015fist dernek, hareket, kul\u00fcp ve partiler kesin ve ebediyen yasaklanmal\u0131d\u0131r.<\/em><\/p>\n<p>***<\/p>\n<p>11 \u015eubat 2012 tarihinde Bulgar Meclisi Bulgaristan\u2019da <strong>\u201csoya d\u00f6n\u00fc\u015f\u201d<\/strong> ismi alt\u0131nda ger\u00e7ekle\u015ftirilen az\u0131nl\u0131klar\u0131 eriterek asimile etme siyasetini k\u0131nad\u0131 ve lanetledi. Sofya Meclisi kabul etti\u011fi Bildiri ile devlet eliyle i\u015flenen zorla kimlik de\u011fi\u015ftirme siyasetinin Lahey \u0130nsan Haklar\u0131 Mahkemesine g\u00f6t\u00fcr\u00fclmesi ve orada da lanetlenmesi ve tazminat davalar\u0131 a\u00e7\u0131lmas\u0131 yolunu s\u00fcresiz a\u00e7m\u0131\u015f oldu.<\/p>\n<p>***<\/p>\n<p>Ne var ki, bu meclis karar\u0131 asl\u0131nda Bulgaristan\u2019da ya\u015fayan ve art\u0131k n\u00fcfusun %50\u2019sini olu\u015fturan az\u0131nl\u0131klar\u0131n devletten \u00f6tekile\u015ftirilerek uzakla\u015ft\u0131r\u0131lmas\u0131 ve GETTO\u2019larda, ya\u015fad\u0131klar\u0131 k\u00f6y ve mahallerde, sosyal edinimlerden uzak, kaps\u00fcle edilerek ya\u015famaya zorlanmas\u0131 siyasetini kurdurmad\u0131. Bu siyasetin neticesinde 1990\u2019dan sonra \u00fclkemizi terk edip ekmek paras\u0131, hak ve h\u00fcrriyet aramak i\u00e7in d\u0131\u015f \u00fclkelere ka\u00e7an ailelerin, soylar\u0131n, ki\u015filerin toplam say\u0131s\u0131 3 milyonu a\u015ft\u0131. Bu vatanda\u015flar\u0131m\u0131z yar\u0131s\u0131ndan fazlas\u0131 her ak\u015fam Bulgaristan\u2019daki yak\u0131nlar\u0131n\u0131 ar\u0131yor, bilgisayar arac\u0131l\u0131yla onlar\u0131 g\u00f6rmek, hal hat\u0131r soruyor. Herhangi bir de\u011fi\u015fiklik oluyor mu? T\u00fcnelde \u0131\u015f\u0131k var m\u0131? Sorular\u0131n\u0131 soruyor, yan\u0131t ar\u0131yor, s\u00f6yleyemese de s\u0131la hasretiyle yand\u0131\u011f\u0131n\u0131, g\u00f6zlerinde beliren nemle belli ediyor.<\/p><div id=\"bghab-2769457179\" class=\"bghab-icerik-icine-50-paragraf bghab-entity-placement\"><script async src=\"\/\/pagead2.googlesyndication.com\/pagead\/js\/adsbygoogle.js?client=ca-pub-6203283170189293\" crossorigin=\"anonymous\"><\/script><ins class=\"adsbygoogle\" style=\"display:block; text-align:center;\" data-ad-client=\"ca-pub-6203283170189293\" \ndata-ad-slot=\"7303146466\" \ndata-ad-layout=\"in-article\"\ndata-ad-format=\"fluid\" data-full-width-responsive=\"true\"><\/ins>\n<script> \n(adsbygoogle = window.adsbygoogle || []).push({}); \n<\/script>\n<\/div>\n<p>Bu olaylar\u0131n d\u0131\u015f\u0131nda kalmas\u0131 m\u00fcmk\u00fcn olmayan Cumhurba\u015fkan\u0131 Radev, <strong>Adalet Reformu<\/strong> konusunda deme\u00e7 verdi.<\/p>\n<p>Adalet Reformu\u2019na gerek, adalet sa\u011flayabilmek i\u00e7in hukukun \u00fcst\u00fcnl\u00fc\u011f\u00fcn\u00fc sa\u011flamak zorunday\u0131z dedi. Ba\u015fbakan Borisov, adalet reformu yapan bir ba\u015fbakan olarak de\u011fil de, bir futbol tak\u0131m ko\u00e7u gibi hareket ediyor.<\/p>\n<p>Son 80 g\u00fcnden beri, sahadaki <strong>oyuncular\u0131n beyaz veya siyah, kom\u00fcnist ya da fa\u015fist<\/strong> oldu\u011funa bakmay\u0131n, oyuna bak\u0131n, fa\u015fist tekmelilere k\u0131rm\u0131z\u0131 kart g\u00f6stermek ve oyundan atmak benim i\u015fim, siz bilet al\u0131p stad\u0131 doldurun, beni alk\u0131\u015flarken Meksika Dalgas\u0131 yap\u0131n demek istiyor. \u00d6rnek olarak da \u201c<strong>g\u00f6rmediniz mi Reformcular\u0131 yedim bitirdim<\/strong>\u201d demek istiyor. Ne var ki bu kullar \u00fclkemizi diktat\u00f6rl\u00fc\u011fe g\u00f6t\u00fcr\u00fcyor. Fa\u015fizm boynuz g\u00f6steriyor.<\/p>\n<p><strong>Son hesapta Borisov iyi olmu\u015f, bize ne!<\/strong> Onun ne dedi\u011fi sanki art\u0131k pek \u00f6nemli de\u011fil, kazan kayn\u0131yor. Adalet reformu, e\u015fit hakl\u0131l\u0131k, adalet, \u00f6zg\u00fcrl\u00fck, yasalar\u0131n \u00fcst\u00fcnl\u00fc\u011f\u00fcn\u00fc ve Bulgaristan\u2019\u0131 kilitleyen \u015fimdiki anayasan\u0131n k\u00f6kten i\u015flenerek \u00e7o\u011fulcu parlamenter demokrasiye ve \u00e7ok milletli, \u00e7o\u011fulcu, \u00e7ok k\u00fclt\u00fcrl\u00fc, gerekirse federatif bir vatan isteyenlerin ordusu her ge\u00e7en g\u00fcn yeni s\u0131ra d\u00fcz\u00fcyor.<\/p>\n<p>Adalet Bakan\u0131 Bayan Tsa\u00e7eva, Ba\u015fsavc\u0131 Tsatsarov, Ba\u015f Yarg\u0131\u00e7 Panov ve t\u00fcm az\u0131nl\u0131k temsilcileri, demokratik kamuoyu, \u015foumen Slavi Trifonov\u2019un siyasi sitemde de\u011fi\u015fiklik yap\u0131lmas\u0131 i\u00e7in d\u00fczenledi\u011fi halk oylamas\u0131na kat\u0131lan 2.5 milyon se\u00e7men hukukun \u00fcst\u00fcnl\u00fc\u011f\u00fcn\u00fc ve anayasal de\u011fi\u015fiklikler, 21. Yy \u2018la lay\u0131k bir ya\u015fam hakk\u0131 istiyor.<\/p><div id=\"bghab-746532097\" class=\"bghab-icerik-icine-55-paragraf bghab-entity-placement\"><script async src=\"\/\/pagead2.googlesyndication.com\/pagead\/js\/adsbygoogle.js?client=ca-pub-6203283170189293\" crossorigin=\"anonymous\"><\/script><ins class=\"adsbygoogle\" style=\"display:block; text-align:center;\" data-ad-client=\"ca-pub-6203283170189293\" \ndata-ad-slot=\"7303146466\" \ndata-ad-layout=\"in-article\"\ndata-ad-format=\"fluid\" data-full-width-responsive=\"true\"><\/ins>\n<script> \n(adsbygoogle = window.adsbygoogle || []).push({}); \n<\/script>\n<\/div>\n<p><strong>\u0130nsans\u0131z kalan bir \u00fclkede demokrasiden, hak ve hukuktan, ho\u015fg\u00f6r\u00fc ve insan sevgisinden s\u00f6z edilemez.<\/strong><\/p>\n<p>Yasalar insanlar\u0131n beraberce ve karde\u015f\u00e7e ya\u015famalar\u0131 ve huzur bulmalar\u0131 i\u00e7in vard\u0131r.<\/p>\n<p>Bulgar devletinin yap\u0131s\u0131n\u0131n ve ruhunun, hukuksal yap\u0131s\u0131n\u0131n k\u00f6kl\u00fc de\u011fi\u015fiklik bekledi\u011fini art\u0131k g\u00f6rmeyen, \u00f6\u011frenmeyen bilmeyen kalmad\u0131.<\/p>\n<p><strong>Toplum ve devlet kilitlenmi\u015ftir<\/strong>.<\/p>\n<p>Bu mangal\u0131 a\u00e7acak maymun halk\u0131n elindedir yani B\u00fcy\u00fck Millet Meclisinde gizlidir. Halk\u0131n isteklerine uyma zaman\u0131 \u00e7oktan gelmi\u015ftir. Dursak da, t\u00fckensek de ya\u015famak zorunday\u0131z. Zaman bizim i\u00e7in \u00e7al\u0131\u015fmaya ba\u015fl\u0131yor.<\/p><div id=\"bghab-517957123\" class=\"bghab-icerik-icine-60-paragraf bghab-entity-placement\"><script async src=\"\/\/pagead2.googlesyndication.com\/pagead\/js\/adsbygoogle.js?client=ca-pub-6203283170189293\" crossorigin=\"anonymous\"><\/script><ins class=\"adsbygoogle\" style=\"display:block; text-align:center;\" data-ad-client=\"ca-pub-6203283170189293\" \ndata-ad-slot=\"7303146466\" \ndata-ad-layout=\"in-article\"\ndata-ad-format=\"fluid\" data-full-width-responsive=\"true\"><\/ins>\n<script> \n(adsbygoogle = window.adsbygoogle || []).push({}); \n<\/script>\n<\/div>\n<p><strong>Art\u0131k uyanal\u0131m. Art\u0131k birle\u015felim. Art\u0131k bir olal\u0131m. <\/strong><\/p>\n<p>Kendi i\u015fimizi kendimiz yapmazsak s\u00fcr\u00fcnmeye devam ederiz\u2026<\/p>\n<p><a href=\"http:\/\/www.bghaber.org\">www.bghaber.org<\/a> internet sitemizi izleyin de ruhunuzu geni\u015fletiniz. Payla\u015f\u0131n ki arkada\u015flar\u0131n\u0131zda bu kaynaktan su i\u00e7sin.<\/p>\n<p>Te\u015fekk\u00fcr ederiz.<\/p>\n<div id=\"bghab-501692598\" class=\"bghab-yazi-altinda bghab-entity-placement\"><script async src=\"https:\/\/pagead2.googlesyndication.com\/pagead\/js\/adsbygoogle.js\"><\/script>\r\n<!-- bghaber-yaz\u0131-sonu -->\r\n<ins class=\"adsbygoogle\"\r\n     style=\"display:block\"\r\n     data-ad-client=\"ca-pub-6203283170189293\"\r\n     data-ad-slot=\"4222328180\"\r\n     data-ad-format=\"auto\"\r\n     data-full-width-responsive=\"true\"><\/ins>\r\n<script>\r\n     (adsbygoogle = window.adsbygoogle || []).push({});\r\n<\/script><\/div><br style=\"clear: both; display: block; float: none;\"\/>","protected":false},"excerpt":{"rendered":"<p>\u015eakir ARSLANTA\u015e Tarih: 12 Haziran 2017 &nbsp; Konu:\u00a0\u00a0 Bulgaristan monar\u015fi mi (\u00c7arl\u0131k), halk demokrasisi mi, yoksa parlamenter demokrasi mi olmal\u0131d\u0131r? \u00a0\u00a0\u00a0\u00a0\u00a0\u00a0\u00a0\u00a0\u00a0\u00a0\u00a0 Bulgaristan bir tek uluslu<\/p>\n","protected":false},"author":13,"featured_media":0,"comment_status":"closed","ping_status":"closed","sticky":false,"template":"","format":"standard","meta":{"advanced_seo_description":"","jetpack_seo_html_title":"","jetpack_seo_noindex":false,"jetpack_seo_schema_type":"","_jetpack_newsletter_access":"","_jetpack_dont_email_post_to_subs":false,"_jetpack_newsletter_tier_id":0,"_jetpack_memberships_contains_paywalled_content":false,"_jetpack_feature_clip_id":0,"_jetpack_memberships_contains_paid_content":false,"footnotes":"","jetpack_post_was_ever_published":false},"categories":[6],"tags":[],"class_list":["post-23402","post","type-post","status-publish","format-standard","hentry","category-yorum"],"jetpack_sharing_enabled":true,"jetpack_likes_enabled":true,"jetpack-related-posts":[],"jetpack_shortlink":"https:\/\/wp.me\/pc2PfJ-65s","jetpack_featured_media_url":"","_links":{"self":[{"href":"https:\/\/www.bghaber.org\/bghaber\/wp-json\/wp\/v2\/posts\/23402","targetHints":{"allow":["GET"]}}],"collection":[{"href":"https:\/\/www.bghaber.org\/bghaber\/wp-json\/wp\/v2\/posts"}],"about":[{"href":"https:\/\/www.bghaber.org\/bghaber\/wp-json\/wp\/v2\/types\/post"}],"author":[{"embeddable":true,"href":"https:\/\/www.bghaber.org\/bghaber\/wp-json\/wp\/v2\/users\/13"}],"replies":[{"embeddable":true,"href":"https:\/\/www.bghaber.org\/bghaber\/wp-json\/wp\/v2\/comments?post=23402"}],"version-history":[{"count":0,"href":"https:\/\/www.bghaber.org\/bghaber\/wp-json\/wp\/v2\/posts\/23402\/revisions"}],"wp:attachment":[{"href":"https:\/\/www.bghaber.org\/bghaber\/wp-json\/wp\/v2\/media?parent=23402"}],"wp:term":[{"taxonomy":"category","embeddable":true,"href":"https:\/\/www.bghaber.org\/bghaber\/wp-json\/wp\/v2\/categories?post=23402"},{"taxonomy":"post_tag","embeddable":true,"href":"https:\/\/www.bghaber.org\/bghaber\/wp-json\/wp\/v2\/tags?post=23402"}],"curies":[{"name":"wp","href":"https:\/\/api.w.org\/{rel}","templated":true}]}}