{"id":23396,"date":"2017-06-12T11:59:37","date_gmt":"2017-06-12T08:59:37","guid":{"rendered":"http:\/\/www.bghaber.org\/bghaber\/?p=23396"},"modified":"2017-06-12T11:59:37","modified_gmt":"2017-06-12T08:59:37","slug":"bulgaristan-turkleri-baskan-ozu-ziyaret-etti","status":"publish","type":"post","link":"https:\/\/www.bghaber.org\/bghaber\/bulgaristan-turkleri-baskan-ozu-ziyaret-etti\/","title":{"rendered":"Bulgaristan T\u00fcrkleri Ba\u015fkan \u00d6z&#8217;\u00fc Ziyaret Etti"},"content":{"rendered":"<div class=\"short_content\">Kartal Belediye Ba\u015fkan\u0131 Op. Dr. Alt\u0131nok \u00d6z, Bulgaristan Hak ve \u00d6zg\u00fcrl\u00fckler Partisi Milletvekili Sevim Ali ile Burgaz Ruen Belediyesi Ba\u015fkan Yard\u0131mc\u0131lar\u0131\u2019ndan olu\u015fan heyeti makam\u0131nda kabul etti.<\/div>\n<div id=\"news_content\" class=\"text_content\">\n<p>Ziyarette,\u00a0<strong>Bulgaristan<\/strong>\u00a0Hak ve \u00d6zg\u00fcrl\u00fckler Partisi Milletvekili\u00a0<strong>Sevim Ali, Burgaz Ruen Belediyesi<\/strong>Ba\u015fkan Yard\u0131mc\u0131lar\u0131;\u00a0<strong>Ey\u00fcp Mustafa, Ferhan \u0130smail,<\/strong>Aytos Belediye Meclis \u00dcyesi Recep Ahmed,\u00a0<strong>T\u00fcrkiye Marmara B\u00f6lgesi<\/strong>\u00a0Hak ve \u00d6zg\u00fcrl\u00fckler Partisi Temsilcisi\u00a0<strong>L\u00fctf\u00fc \u00d6zg\u00fcr,<\/strong>\u00a0Kartal Balkanl\u0131lar K\u00fclt\u00fcr ve Dayan\u0131\u015fma Derne\u011fi Ba\u015fkan\u0131\u00a0<strong>Olcay \u00d6zgen<\/strong>\u00a0ile Kartal Belediyesi Ba\u015fkan Dan\u0131\u015fman\u0131\u00a0<strong>Vasfiye Y\u0131lmaz<\/strong>\u00a0haz\u0131r bulundu.<\/p>\n<p><strong>\u201cBulgaristan T\u00fcrkleri, Kartal Belediyesi\u2019nin dostlu\u011funu unutmayacak\u201d<\/strong><\/p>\n<p>Ziyarette milletvekili\u00a0<strong>Sevim Ali<\/strong>, Kartal Belediye Ba\u015fkan\u0131 Op. Dr. Alt\u0131nok \u00d6z\u2019e misafirperverli\u011finden dolay\u0131 memnuniyetini ifade ederek Kartal Belediyesi\u2019nin Bulgaristan T\u00fcrklerine verdi\u011fi destekten dolay\u0131 te\u015fekk\u00fcr etti.<\/p>\n<p>Kartal Belediye Ba\u015fkan\u0131\u00a0<strong>Op. Dr. Alt\u0131nok \u00d6z<\/strong>\u00a0, Kartal Belediyesi\u2019nin sadece Kartal\u2019a de\u011fil, d\u00fcnyadaki hi\u00e7bir meseleye kay\u0131ts\u0131z kalmad\u0131\u011f\u0131n\u0131 vurgulayarak, Kartal Belediyesi\u2019nin Bulgaristan T\u00fcrklerinin her zaman yan\u0131nda oldu\u011funu kaydetti.<\/p>\n<p>B\u00f6lgesel bar\u0131\u015f\u0131n temin edilmesi noktas\u0131nda yerel idarelerin sorumluluklar\u0131na dikkat \u00e7eken\u00a0<strong>Ba\u015fkan Alt\u0131nok \u00d6z,<\/strong>\u00a0Kartal Belediyesi\u2019nin il\u00e7ede bar\u0131\u015f bilincinin olu\u015fmas\u0131 ad\u0131na 2009\u2019dan bu yana k\u00fclt\u00fcr ve sanat konusunda ger\u00e7ekle\u015ftirdi\u011fi at\u0131mlar\u0131n \u00f6nemini vurgulad\u0131.<\/p><div id=\"bghab-2125403876\" class=\"bghab-icerik-icine bghab-entity-placement\"><script async src=\"\/\/pagead2.googlesyndication.com\/pagead\/js\/adsbygoogle.js?client=ca-pub-6203283170189293\" crossorigin=\"anonymous\"><\/script><ins class=\"adsbygoogle\" style=\"display:block; text-align:center;\" data-ad-client=\"ca-pub-6203283170189293\" \ndata-ad-slot=\"7303146466\" \ndata-ad-layout=\"in-article\"\ndata-ad-format=\"fluid\" data-full-width-responsive=\"true\"><\/ins>\n<script> \n(adsbygoogle = window.adsbygoogle || []).push({}); \n<\/script>\n<\/div>\n<p><img data-recalc-dims=\"1\" decoding=\"async\" src=\"https:\/\/i0.wp.com\/www.birincibolge.com\/d\/other\/kartal-bulgaristan1.jpg?w=640\" alt=\"kartal-bulgaristan1.jpg\" \/><\/p>\n<\/div>\n<div id=\"bghab-3800263837\" class=\"bghab-yazi-altinda bghab-entity-placement\"><script async src=\"https:\/\/pagead2.googlesyndication.com\/pagead\/js\/adsbygoogle.js\"><\/script>\r\n<!-- bghaber-yaz\u0131-sonu -->\r\n<ins class=\"adsbygoogle\"\r\n     style=\"display:block\"\r\n     data-ad-client=\"ca-pub-6203283170189293\"\r\n     data-ad-slot=\"4222328180\"\r\n     data-ad-format=\"auto\"\r\n     data-full-width-responsive=\"true\"><\/ins>\r\n<script>\r\n     (adsbygoogle = window.adsbygoogle || []).push({});\r\n<\/script><\/div><br style=\"clear: both; display: block; float: none;\"\/>","protected":false},"excerpt":{"rendered":"<p>Kartal Belediye Ba\u015fkan\u0131 Op. Dr. Alt\u0131nok \u00d6z, Bulgaristan Hak ve \u00d6zg\u00fcrl\u00fckler Partisi Milletvekili Sevim Ali ile Burgaz Ruen Belediyesi Ba\u015fkan Yard\u0131mc\u0131lar\u0131\u2019ndan olu\u015fan heyeti makam\u0131nda kabul<\/p>\n","protected":false},"author":13,"featured_media":23397,"comment_status":"closed","ping_status":"closed","sticky":false,"template":"","format":"standard","meta":{"advanced_seo_description":"","jetpack_seo_html_title":"","jetpack_seo_noindex":false,"jetpack_seo_schema_type":"","_jetpack_newsletter_access":"","_jetpack_dont_email_post_to_subs":false,"_jetpack_newsletter_tier_id":0,"_jetpack_memberships_contains_paywalled_content":false,"_jetpack_feature_clip_id":0,"_jetpack_memberships_contains_paid_content":false,"footnotes":"","jetpack_post_was_ever_published":false},"categories":[10],"tags":[],"class_list":["post-23396","post","type-post","status-publish","format-standard","has-post-thumbnail","hentry","category-kultur-sanat"],"jetpack_sharing_enabled":true,"jetpack_likes_enabled":true,"jetpack-related-posts":[],"jetpack_shortlink":"https:\/\/wp.me\/pc2PfJ-65m","jetpack_featured_media_url":"https:\/\/i0.wp.com\/www.bghaber.org\/bghaber\/wp-content\/uploads\/2017\/06\/kartal-bulgaristan-1.jpg?fit=670%2C447&ssl=1","_links":{"self":[{"href":"https:\/\/www.bghaber.org\/bghaber\/wp-json\/wp\/v2\/posts\/23396","targetHints":{"allow":["GET"]}}],"collection":[{"href":"https:\/\/www.bghaber.org\/bghaber\/wp-json\/wp\/v2\/posts"}],"about":[{"href":"https:\/\/www.bghaber.org\/bghaber\/wp-json\/wp\/v2\/types\/post"}],"author":[{"embeddable":true,"href":"https:\/\/www.bghaber.org\/bghaber\/wp-json\/wp\/v2\/users\/13"}],"replies":[{"embeddable":true,"href":"https:\/\/www.bghaber.org\/bghaber\/wp-json\/wp\/v2\/comments?post=23396"}],"version-history":[{"count":0,"href":"https:\/\/www.bghaber.org\/bghaber\/wp-json\/wp\/v2\/posts\/23396\/revisions"}],"wp:featuredmedia":[{"embeddable":true,"href":"https:\/\/www.bghaber.org\/bghaber\/wp-json\/wp\/v2\/media\/23397"}],"wp:attachment":[{"href":"https:\/\/www.bghaber.org\/bghaber\/wp-json\/wp\/v2\/media?parent=23396"}],"wp:term":[{"taxonomy":"category","embeddable":true,"href":"https:\/\/www.bghaber.org\/bghaber\/wp-json\/wp\/v2\/categories?post=23396"},{"taxonomy":"post_tag","embeddable":true,"href":"https:\/\/www.bghaber.org\/bghaber\/wp-json\/wp\/v2\/tags?post=23396"}],"curies":[{"name":"wp","href":"https:\/\/api.w.org\/{rel}","templated":true}]}}