{"id":23252,"date":"2017-05-31T00:24:54","date_gmt":"2017-05-30T21:24:54","guid":{"rendered":"http:\/\/www.bghaber.org\/bghaber\/?p=23252"},"modified":"2017-05-31T00:24:54","modified_gmt":"2017-05-30T21:24:54","slug":"kotlarimizi-bilmeliyiz","status":"publish","type":"post","link":"https:\/\/www.bghaber.org\/bghaber\/kotlarimizi-bilmeliyiz\/","title":{"rendered":"Kotlar\u0131m\u0131z\u0131 bilmeliyiz"},"content":{"rendered":"<p>BGSAM<\/p>\n<p>Tarih: 30 May\u0131s 2017<\/p>\n<p>Konu:\u00a0\u00a0\u00a0 <strong>Biz, derin ve \u00f6zg\u00fcn k\u00fclt\u00fcr\u00fc olan bir halk toplulu\u011fuyuz. <\/strong><\/p>\n<p>Bulgaristan T\u00fcrklerine \u201c<strong>kof<\/strong> \u201c dendi\u011fini hi\u00e7 i\u015fitmedim. Ho\u015f g\u00f6n\u00fcll\u00fc, ho\u015fg\u00f6r\u00fcl\u00fc, iyi y\u00fcrekli, \u00e7al\u0131\u015fkan, yard\u0131msever ve \u00e2licenap oldu\u011fumuz anlat\u0131l\u0131r.\u00a0 Bize kar\u015f\u0131 genelde so\u011fuk davrand\u0131klar\u0131 bilinen Bulgarlara egemenlik sayfas\u0131n\u0131 a\u00e7an 1876 Nisan Ayaklanmas\u0131n\u0131n \u00f6rg\u00fctleyicilerinden, ba\u015f\u0131bozu\u011fun yakt\u0131\u011f\u0131n\u0131 iddia ederek, Bulgar k\u00f6yl\u00fclerine evlerini yakt\u0131ranlardan biri olan, Diyarbak\u0131r mahk\u00fbmu, komitac\u0131 Zahari Stoyanov\u00a0 \u201c<strong>Ayaklanma Notlar\u0131<\/strong>\u201d eserinde, \u201c<strong>Bu topraklarda T\u00fcrklere her zaman yer olacakt\u0131r!<\/strong>\u201d demi\u015ftir.<\/p>\n<p>Bulgaristan\u2019a son gitti\u011fimde, okul programlar\u0131nda zorunlu kitaplar listesinden olan bu eseri hurdac\u0131da g\u00f6rd\u00fc\u011f\u00fcmde \u00fcz\u00fclm\u00fc\u015ft\u00fcm. Hissetti\u011fim ac\u0131, k\u00f6y okulumuz kapand\u0131\u011f\u0131nda k\u00fct\u00fcphanemizdeki kitaplar\u0131n ocak tutu\u015fturmak i\u00e7in f\u0131r\u0131nc\u0131ya verildi\u011fini g\u00f6rd\u00fc\u011f\u00fcmde duydu\u011fum s\u0131z\u0131dan b\u00fcy\u00fckt\u00fc.<\/p><div id=\"bghab-2339319778\" class=\"bghab-icerik-icine bghab-entity-placement\"><script async src=\"\/\/pagead2.googlesyndication.com\/pagead\/js\/adsbygoogle.js?client=ca-pub-6203283170189293\" crossorigin=\"anonymous\"><\/script><ins class=\"adsbygoogle\" style=\"display:block; text-align:center;\" data-ad-client=\"ca-pub-6203283170189293\" \ndata-ad-slot=\"7303146466\" \ndata-ad-layout=\"in-article\"\ndata-ad-format=\"fluid\" data-full-width-responsive=\"true\"><\/ins>\n<script> \n(adsbygoogle = window.adsbygoogle || []).push({}); \n<\/script>\n<\/div>\n<p><strong>Zahari Stoyanov, T\u00fcrkler hakk\u0131nda ne yazm\u0131\u015ft\u0131?<\/strong> \u0130lkokul, ortaokul ve liselerde karne ve diploma t\u00f6renlerinde bu soru mezunlara sorulsa iyi olur. \u201c<strong>Bu topraklarda T\u00fcrklere her zaman yer olacakt\u0131r!\u201d Bu f<\/strong>ikir birlikte ya\u015fad\u0131\u011f\u0131m\u0131z toplumda bir de\u011fi\u015fmez ilke ve kar\u015f\u0131l\u0131kl\u0131 tolerans temeli olarak kabul edilse, etnik ve az\u0131nl\u0131k sorunlar\u0131n\u0131n \u00e7\u00f6z\u00fcm\u00fcne g\u00f6t\u00fcren orta yol olur g\u00f6r\u00fc\u015f\u00fcndeyim.<\/p>\n<p>600 y\u0131ll\u0131k yazg\u0131 ortakl\u0131\u011f\u0131nda biz kendilerinden pek bir \u015fey talep etmezken, bizim olan pek \u00e7ok \u015feyi benimsemesine hep ho\u015fg\u00f6r\u00fcl\u00fc kald\u0131k. Kendi kendimize yeten bir halk olmam\u0131zdan kaynakland\u0131 bu. Kendi ya\u011f\u0131nla kavrulabilen halklar\u0131n \u00e7ok esasl\u0131 ve derin k\u00fclt\u00fcr kotlar\u0131 vard\u0131r. Onlar ge\u00e7mi\u015fin sesleri gibidir ve bug\u00fcn\u00fcm\u00fcze ton verir. Bir sedad\u0131rlar desek, yank\u0131n\u0131n eskisi olmaz. Her defas\u0131nda, ya\u011fmurdan sonra nefes etti\u011fimiz ozanl\u0131 hava gibi ferahlat\u0131c\u0131d\u0131r.<\/p>\n<p>Ara\u015ft\u0131rmac\u0131-yazar Salih Baklac\u0131 \u201c<strong>hani bir s\u00f6z var ya<\/strong>\u201d ba\u015fl\u0131\u011f\u0131 alt\u0131nda Bulgaristan T\u00fcrkleri atas\u00f6zlerini toplad\u0131\u011f\u0131nda y\u0131llardan 1984\u2019t\u00fc. O zamanlar Sofya Balkanoloji Enstit\u00fcs\u00fc\u2019nde bilimsel ara\u015ft\u0131rmac\u0131 olarak g\u00f6revliydi. Tan\u0131\u015ft\u0131\u011f\u0131m\u0131zda y\u00fcz\u00fcme bakarak \u201c<strong>ay deli deli, sevdim<\/strong> <strong>seni!<\/strong>\u201d demi\u015fti. \u00a0Bu bir atas\u00f6z\u00fcn\u00fc \u00e7a\u011fr\u0131\u015ft\u0131. O \u015eumnulu, ben K\u0131rcaali\u2019li oldu\u011fumdan olacak \u00e7ocuklu\u011fumda dedemden, anne ve babamdan, yak\u0131nlar\u0131mdan, \u00e7evremdeki insanlardan i\u015fittiklerim beni nedense arad\u0131\u011f\u0131m d\u00fcnyaya g\u00f6t\u00fcrmemi\u015fti. O zaman, zaman zaman de\u011fildi ve Baklac\u0131\u2019n\u0131n eserine de ye\u015fil \u0131\u015f\u0131k yak\u0131lmad\u0131. Bize \u00e7ok k\u00f6t\u00fcl\u00fck edildi de, af dileyen olmad\u0131. 350 sayfal\u0131k bir derleme olarak iki binli y\u0131llarda d\u00fcnya y\u00fcz\u00fc g\u00f6ren eser bir bak\u0131ma bizim aynam\u0131zd\u0131r. \u201c<strong>Ayran \u00fcst\u00fcnde ya\u011f, cibrede posa<\/strong>\u201d derler ya, atas\u00f6zlerimiz de bizim hem ya\u011f\u0131m\u0131z hem de tortumuzdur. \u0130kisinen birini se\u00e7mek bize kalm\u0131\u015f. \u00a0Ne kadar k\u00fc\u00e7\u00fck ya da b\u00fcy\u00fck oldu\u011fumuzu \u015f\u00f6yle anlat\u0131r: \u201c<strong>Ayr\u0131 ayr\u0131 s\u0131\u00e7al\u0131m ki, bokumuz belli olsun.<\/strong>\u201d Bu bir Deliorman atas\u00f6z\u00fcd\u00fcr. Y\u00fczde y\u00fcz T\u00fcrk ve Bulgar ya\u015fayan bir k\u00f6yde do\u011fmu\u015ftur. Bulgarlara hitaben s\u00f6ylenmi\u015f, ayakta oldu\u011fu i\u00e7in kitaba girmi\u015ftir.<\/p>\n<p>Biz cad\u0131 masallar\u0131na var\u0131ncaya kadar her \u015feyiyle birbiriyle yar\u0131\u015f eden bir ortamda yeti\u015ftik. Bizi hi\u00e7bir alanda yenemediler. T\u00fcrk\u00fclerimiz, \u015fark\u0131lar\u0131m\u0131z, sanatlar\u0131m\u0131z, masal ve efsanelerimiz, f\u0131kra ve atas\u00f6zlerimiz i\u00e7imizde k\u0131nalar\u0131 kuzular gibi oyna\u015f\u0131yor, hayat\u0131m\u0131za renk vermek i\u00e7in her g\u00fcn yeniden a\u00e7\u0131yordu. Deliorman\u2019daki bu s\u00fcrekli k\u0131pray\u0131\u015f\u0131n anlam\u0131nda, uyan\u0131k ol, \u00e7evrene yenilme sesi vard\u0131. Bu ses bizi ayakta ve dimdik tutmu\u015ftur.<\/p>\n<p>Bizim Bulgarlarla belki de Orta Asya Bozk\u0131rlar\u0131ndan getirdi\u011fimiz ortak mitolojik simalar\u0131m\u0131z olsa bile, kullanmaya devam etti\u011fimiz atas\u00f6zlerimizin hi\u00e7 birinde \u201c<strong>cad\u0131<\/strong>\u201d, \u201c<strong>karakonjul<\/strong>\u201d ve \u201c<strong>\u00f6c\u00fc<\/strong>\u201d ba\u015frolde de\u011fildir. Biz \u201c<strong>iyi insana k\u00f6pek havlamaz<\/strong>\u201d inanc\u0131n\u0131 ya\u015fat\u0131rken, onlar her sene bahar\u0131 kafalar\u0131na boynuz takarak, ke\u00e7i teke k\u0131l\u0131\u011f\u0131nda ve bellerine b\u00fcy\u00fckl\u00fc k\u00fc\u00e7\u00fckl\u00fc \u00e7anlar takarak,e ellerinde \u00e7oban sopalar\u0131yla \u015feytan kovalayarak kar\u015f\u0131lamaya devam ediyorlar.<\/p><div id=\"bghab-592499135\" class=\"bghab-icerik-icine-10-paragraf bghab-entity-placement\"><script async src=\"\/\/pagead2.googlesyndication.com\/pagead\/js\/adsbygoogle.js?client=ca-pub-6203283170189293\" crossorigin=\"anonymous\"><\/script><ins class=\"adsbygoogle\" style=\"display:block; text-align:center;\" data-ad-client=\"ca-pub-6203283170189293\" \ndata-ad-slot=\"7303146466\" \ndata-ad-layout=\"in-article\"\ndata-ad-format=\"fluid\" data-full-width-responsive=\"true\"><\/ins>\n<script> \n(adsbygoogle = window.adsbygoogle || []).push({}); \n<\/script>\n<\/div>\n<p>Bulgarcaya da terc\u00fcme edilen \u201c<strong>Evliya \u00c7elebi Seyahatnamesi<\/strong>\u201d nde fantastik bir vaka anlat\u0131l\u0131r.<\/p>\n<p>Evliya \u00c7elebi\u2019nin yolu \u015fu anki Bulgaristan Co\u011frafyas\u0131nda bulunan fakat o zamanlar \u00c7erkez ve Abaza ya\u015fayan 300 k\u00fcsur haneli bir k\u00f6ye d\u00fc\u015fer.<\/p>\n<p>Tarihler 1076\u2019in 20. gecesini g\u00f6sterirken seyyah \u00f6yle bir manzaraya rast gelir ki resmen dili tutulur. G\u00f6ky\u00fcz\u00fcnde \u015fim\u015fekler \u00e7akmakta, gece g\u00fcnd\u00fcze d\u00f6nmektedir.<\/p>\n<p>Merak\u0131na yenik d\u00fc\u015fen Evliya \u00c7elebi k\u00f6yl\u00fclere bu olaylar\u0131n ne oldu\u011funu sorar. Ald\u0131\u011f\u0131 cevap hayli ilgin\u00e7tir.<\/p>\n<p>\u201c<strong>Vallah\u0131 y\u0131lda bir defa karakonjol gecesi olur. \u00c7erkez cad\u0131lar\u0131 ile Abaza cad\u0131lar\u0131 g\u00f6klere u\u00e7up sava\u015f\u0131rlar, vuru\u015furlar<\/strong>.\u201d<\/p><div id=\"bghab-53297365\" class=\"bghab-icerik-icine-15-paragraf bghab-entity-placement\"><script async src=\"\/\/pagead2.googlesyndication.com\/pagead\/js\/adsbygoogle.js?client=ca-pub-6203283170189293\" crossorigin=\"anonymous\"><\/script><ins class=\"adsbygoogle\" style=\"display:block; text-align:center;\" data-ad-client=\"ca-pub-6203283170189293\" \ndata-ad-slot=\"7303146466\" \ndata-ad-layout=\"in-article\"\ndata-ad-format=\"fluid\" data-full-width-responsive=\"true\"><\/ins>\n<script> \n(adsbygoogle = window.adsbygoogle || []).push({}); \n<\/script>\n<\/div>\n<p>Ald\u0131\u011f\u0131 cevap kar\u015f\u0131s\u0131nda merak\u0131 daha da artan \u00c7elebi, kalabal\u0131k bir k\u00f6yl\u00fc grubu ile beraber olay\u0131 izlemek i\u00e7in d\u0131\u015far\u0131 \u00e7\u0131kar ve g\u00f6zlerine inanamaz. B\u00fcy\u00fck a\u011fa\u00e7 k\u00fct\u00fckleri, tekerlekler, u\u00e7an tekneler ve kilim has\u0131rlar \u00fczerine binmi\u015f \u00c7erkez cad\u0131lar\u0131 ile \u201c<strong>\u00f6l\u00fc<\/strong>\u201d atlara develere binmi\u015f, ellerinde at, s\u0131\u011f\u0131r ve deve ba\u015flar\u0131 olan Abaza cad\u0131lar\u0131n\u0131n bir ma\u00e7 yapar gibi sava\u015ft\u0131\u011f\u0131n\u0131 g\u00f6ren Evliya \u00c7elebi olay\u0131 hayretler i\u00e7inde izler.<\/p>\n<p>Saatler s\u00fcren sava\u015ftan sonra b\u00fcy\u00fck bir g\u00fcr\u00fclt\u00fc ve parlak bir \u0131\u015f\u0131k huzmesi alt\u0131nda g\u00f6kten yere canl\u0131 uzuvlar\u0131, yukar\u0131da bahsetti\u011fimiz canl\u0131 tekerlekler, has\u0131r kilimler, tahta par\u00e7alar\u0131 d\u00fc\u015fer ve sava\u015f biter. Sava\u015f\u0131 kazanan \u00c7erkez cad\u0131lar\u0131 Abaza cad\u0131lar\u0131n kanlar\u0131n\u0131 emerek \u00f6ld\u00fcr\u00fcr ve ate\u015fe at\u0131p yakarlar.<\/p>\n<p>Seyahatname\u2019de b\u00f6yle olaylar\u0131n inan\u0131lmas\u0131 zor oldu\u011funu fakat etraf\u0131ndaki 100 ki\u015fiye yak\u0131n k\u00f6yl\u00fc grubu ile beraber izlediklerini belirten \u00c7elebi \u201c<strong>Karakoncol Gecesi<\/strong>\u201d denen gecenin g\u00f6rd\u00fc\u011f\u00fc en enteresan \u015feylerden biri oldu\u011funu not d\u00fc\u015fer. Karakoncol kelimesi E\u011firi Dere, Ko\u015fukavak, Dar\u0131 Dere b\u00f6lgesinden baz\u0131 okuyucular\u0131m\u0131za tan\u0131d\u0131k gelecektir. Bizde \u201c<strong>\u00f6c\u00fc<\/strong>\u201d sesi olarak \u0131sl\u0131k kullan\u0131l\u0131r. Atas\u00f6zleri hazinemize girmemi\u015f olsa da \u201c<strong>Kan i\u00e7en \u00f6l\u00fc cad\u0131lar<\/strong>\u201d de\u011fimini siz de i\u015fitmi\u015fsinizdir.<\/p>\n<p>De\u011fi\u015fen her \u015fey gibi peri-cin \u00f6yk\u00fclerinin de zaman a\u015f\u0131m\u0131na u\u011frad\u0131\u011f\u0131na inanan insanlar\u0131m\u0131z, boynuzlar\u0131n dazlak kafada uzad\u0131\u011f\u0131n\u0131, kof kafalarda d\u00f6k\u00fclen sa\u00e7 yerini ald\u0131\u011f\u0131n\u0131 bildi\u011finden dolay\u0131 geleneksel cemal (cad\u0131) g\u00f6sterilerini de ciddiye almazlar. Bizim ciddiye almad\u0131\u011f\u0131m\u0131z bir \u015fey daha var. Avrupa Birli\u011fi k\u00fclt\u00fcrel miras\u0131n\u0131 Yunan mitolojisinden ald\u0131\u011f\u0131n\u0131 iddia ediyor. Bulgarlar da AB \u00fcyesi olal\u0131, Antik Yunan\u2019\u0131 kendi mitolojileriymi\u015f gibi kucaklad\u0131lar. Neredeyse Tanr\u0131 Prometheus gibi y\u0131ld\u0131zdan y\u0131ld\u0131za u\u00e7up gelecekler, ba\u015f tanr\u0131 Zeus gibi sava\u015flar\u0131 bir \u00e7\u0131rp\u0131da durdurup yeniden silah satmaya ba\u015flayacaklar. O k\u00fclt\u00fcrde bir de do\u011fum yapan kad\u0131nlar\u0131n bildiklerini \u00e7ocuklar\u0131na anlatmas\u0131nlar diye dillerinin kesilmesi var, fakat onlardan \u015fimdilik s\u00f6z eden yok. Belki onu \u00f6z\u00fcmsemeyiz.<\/p>\n<p>Biz vatan bildi\u011fimiz bu topraklara kendi kodlar\u0131m\u0131zla, rahmetler ya\u011fs\u0131n diye dualar ederek gelmi\u015fiz. Beraberimizde d\u00fcr\u00fcstl\u00fc\u011f\u00fc, mertli\u011fi, boyun e\u011fmezli\u011fi, her zaman \u00fcst\u00fcn geliriz, misafire kap\u0131m\u0131z ve sofram\u0131z a\u00e7\u0131kt\u0131r inanc\u0131n\u0131 getirip g\u00f6n\u00fcl sevgisini eksik etmemi\u015fiz. \u0130lk gelen kafile, ayd\u0131nl\u0131\u011f\u0131 yedi d\u00fcvelde tan\u0131nan Ahmet Yasevi ve Hac\u0131 Bekta\u015f Veli\u2019nin hocan\u0131n m\u00fcridi Sar\u0131 Salt\u0131k 20 bini bulan soyuyla konmu\u015ftur. Tuna boylar\u0131, Deliorman tarikatlar diyar\u0131d\u0131r. \u015eeyh Bedrettin buradan ordu \u00e7\u0131karm\u0131\u015f. Demir Baba ruhu burada efsanele\u015fmi\u015ftir.<\/p><div id=\"bghab-3307893870\" class=\"bghab-icerik-icine-20-paragraf bghab-entity-placement\"><script async src=\"\/\/pagead2.googlesyndication.com\/pagead\/js\/adsbygoogle.js?client=ca-pub-6203283170189293\" crossorigin=\"anonymous\"><\/script><ins class=\"adsbygoogle\" style=\"display:block; text-align:center;\" data-ad-client=\"ca-pub-6203283170189293\" \ndata-ad-slot=\"7303146466\" \ndata-ad-layout=\"in-article\"\ndata-ad-format=\"fluid\" data-full-width-responsive=\"true\"><\/ins>\n<script> \n(adsbygoogle = window.adsbygoogle || []).push({}); \n<\/script>\n<\/div>\n<p>Yukar\u0131daki peri masal\u0131n\u0131n yazar\u0131 olan Evliya \u00c7elebi 1651\u2019der Razgrat ili Mumcular k\u00f6y\u00fc yak\u0131nlar\u0131ndaki Demir Baba Tekkesini ziyaret etmi\u015ftir. Halk\u0131n ya\u015fam\u0131n\u0131n hurafelerle uzak yak\u0131n ili\u015fkisi olmad\u0131\u011f\u0131n\u0131 \u015f\u00f6yle anlat\u0131r:\u00a0 \u201cMustafa Baba Tekkesi: Hac\u0131 Bekta\u015fi Veli Tekkesidir. Rum, Arab ve Acem\u2019de me\u015fhur bir tekkedir. G\u00f6n\u00fclleri yanm\u0131\u015f dervi\u015flerin yeridir. \u0130\u00e7inde g\u00fcr su akan al\u00e7ak bir meydandad\u0131r. G\u00fczelli\u011fi ender bir yerdir. \u015eiddetli k\u0131\u015fta meydan\u0131 muhabbete pelit odunlar\u0131 y\u0131\u011f\u0131p, alev alev yak\u0131p b\u00fct\u00fcn a\u015f\u0131klar d\u00f6rt taraftan can sohbeti edip devletin devam\u0131na, padi\u015fah\u0131n \u015fevkine duaya devam eder ki an\u0131t etraf\u0131nda o kadar sanatl\u0131 gece kandiller ve \u015famdanlar, alem, saz, tambura ve dairelerle ton veren sanatk\u00e2rlar vard\u0131r ki, dillerle anlat\u0131lamaz. G\u00fcnd\u00fcz gece mutfa\u011f\u0131nda yeme\u011fi pi\u015firip gelip ge\u00e7ene sabah ak\u015fam minnetleri boldur. Hay\u0131rseverlerin hediyelerinden ge\u00e7inen bu ibadet ve beraber olma yeri, halk\u0131n kayna\u015ft\u0131\u011f\u0131 paha bi\u00e7ilmez bir mek\u00e2nd\u0131r.\u201d<\/p>\n<p>Demir Baba ya\u015fam\u0131\u015f bir ki\u015fidir. Viyana Sava\u015flar\u0131ndan sonra gelip buray\u0131 mek\u00e2n ve mezar olarak se\u00e7mi\u015f bir halk kahraman\u0131d\u0131r. Hayat\u0131 gizem, mucize ve kahramanl\u0131k dolu bir halk koruyucusu yi\u011fittir. Kay\u0131tlarda Timur Baba, Timur Dede ve Umut Baba diye ge\u00e7en, bu g\u00fcc\u00fcne eri\u015filmez \u015fah\u0131z, b\u00f6lge halk\u0131nda do\u011frulu\u011fa ve adalete dayanan yepyeni bir ruh yaratm\u0131\u015ft\u0131r. Bu, T\u00fcrk\u00fcn di\u011fer soy ve boylardan \u00fcst\u00fcn ve en adaletli d\u00fczen sahibi oldu\u011fu inanc\u0131d\u0131r. Biz himayecilerini kendi yeti\u015ftiren, ya\u015fatan ve ezilene her zaman yard\u0131m eli uzatan bir milletiz. Tekke gecelerinde s\u00f6ylenen \u015fiirlerden biri \u015f\u00f6yle der:<\/p>\n<p>Arzulay\u0131p sana geldim \/Ol m\u00fcbarek y\u00fcz\u00fcn g\u00f6rd\u00fcm \/E\u015fi\u011fine ba\u015f\u0131m koydum \/Timur Baba Hu.<\/p>\n<p>Kubbelerin y\u0131ld\u0131zl\u0131d\u0131r \/Kandilleri dizilidir \/Anda Allah Gizlidir \/Timur Baba Hu.<\/p>\n<p>Mutfa\u011f\u0131nda kaynar a\u015f\u0131 \/O\u2019dur anlar\u0131m hem ba\u015f\u0131 \/H\u00fcseyin Dedem karde\u015fi \/Timur Baba Hu.<\/p><div id=\"bghab-1634894732\" class=\"bghab-icerik-icine-25-paragraf bghab-entity-placement\"><script async src=\"\/\/pagead2.googlesyndication.com\/pagead\/js\/adsbygoogle.js?client=ca-pub-6203283170189293\" crossorigin=\"anonymous\"><\/script><ins class=\"adsbygoogle\" style=\"display:block; text-align:center;\" data-ad-client=\"ca-pub-6203283170189293\" \ndata-ad-slot=\"7303146466\" \ndata-ad-layout=\"in-article\"\ndata-ad-format=\"fluid\" data-full-width-responsive=\"true\"><\/ins>\n<script> \n(adsbygoogle = window.adsbygoogle || []).push({}); \n<\/script>\n<\/div>\n<p>Ba\u015fucunda durur tac\u0131 \/Erenler ona duac\u0131 \/Ona varan olur hac\u0131 \/Timur Baba Hu.<\/p>\n<p>Etraf\u0131nda ye\u015fil ba\u011flar \/Ortas\u0131nda sular \u00e7a\u011flar \/Dertli k\u00e2tip durmaz a\u011flar \/Timur Babam Hu.<\/p>\n<p>Demir Baba yaln\u0131z bilginler bilgini olarak de\u011fil yoksullar\u0131n, zulme u\u011frayanlar\u0131n adil savunucusu olarak da \u00fcn yapm\u0131\u015f bir ki\u015fidir. Bir\u00e7ok haks\u0131zl\u0131\u011fa, \u00e7aresizli\u011fe u\u011frayanlar hemen yard\u0131m ve himaye etmesi i\u00e7in ona ko\u015fmu\u015f, o da mazlumlar\u0131 ezip ge\u00e7iren pa\u015fa, bey tahsildar ve kad\u0131\u00f6\u00e7\u00e7\u00a0\u00a0 lara yeri geldik\u00e7e lay\u0131k olduklar\u0131 cezay\u0131 veriyordu.<\/p>\n<p>Demir Baba efsanelerinin biri \u015f\u00f6yle der:<\/p>\n<p><strong>Azak denizinde yedi ba\u015fl\u0131 ejderi \u00f6ld\u00fcr\u00fcp de geri d\u00f6nen<\/strong><\/p><div id=\"bghab-4274345328\" class=\"bghab-icerik-icine-30-paragraf bghab-entity-placement\"><script async src=\"\/\/pagead2.googlesyndication.com\/pagead\/js\/adsbygoogle.js?client=ca-pub-6203283170189293\" crossorigin=\"anonymous\"><\/script><ins class=\"adsbygoogle\" style=\"display:block; text-align:center;\" data-ad-client=\"ca-pub-6203283170189293\" \ndata-ad-slot=\"7303146466\" \ndata-ad-layout=\"in-article\"\ndata-ad-format=\"fluid\" data-full-width-responsive=\"true\"><\/ins>\n<script> \n(adsbygoogle = window.adsbygoogle || []).push({}); \n<\/script>\n<\/div>\n<p><strong>Demir Baba gibi yi\u011fit d\u00fcnyaya gelmedi<\/strong><\/p>\n<p><strong>Zindan\u0131n demir parmaklar\u0131n\u0131 s\u00f6ken<\/strong><\/p>\n<p><strong>Demir Baba gibi yi\u011fit d\u00fcnyaya gelmedi.<\/strong><\/p>\n<p>Efsaneler uzak ge\u00e7mi\u015fimizin bizlere b\u0131rakt\u0131klar\u0131 birer mirast\u0131r. \u0130lham alaca\u011f\u0131m\u0131z hayat kotlar\u0131m\u0131zd\u0131r. Bu nedenle efsanelerimizi, kadim zamanlar\u0131n tarih kay\u0131tlar\u0131 olarak alg\u0131layabilece\u011fimiz gibi, ayn\u0131 zamanda insano\u011flunun d\u00fcnyaya geli\u015f serencam\u0131 esnas\u0131nda, var olu\u015funun gizini \u00e7\u00f6zmeye y\u00f6nelik bir tepki olarak da ele alabiliriz. Belki de bu nedenden efsaneler tarih\u00e7ilerin, ilahiyat\u00e7\u0131lar\u0131n, psikologlar\u0131n, antropologlar\u0131n ve felsefecilerin ilgisini \u00e7ekmi\u015ftir.<\/p>\n<p>Demir Baba gizeminden \u00f6nce biz vatan bildi\u011fimiz topraklara \u201c<strong>Dede Korkut<\/strong>\u201d ve \u201c<strong>Bin bir Gece<\/strong>\u201d bilgeli\u011fini de getirdik. Osmanl\u0131da kendi efsanelerimizle \u201c<strong>Rumeli T\u00fcrk Masallar\u0131<\/strong>\u201d ile klasikle\u015ftik. \u201c<strong>\u00dc\u00e7 g\u00f6\u00e7 bir yang\u0131n yerini tutar<\/strong>\u201d atas\u00f6z\u00fcm\u00fcz\u00fc akl\u0131m\u0131zdan \u00e7\u0131karmadan bir y\u00fczy\u0131lda 39 g\u00f6\u00e7 ya\u015fad\u0131k ve bu topraklar bizim vatan\u0131m\u0131z ve cennetimizdir inanc\u0131yla her bahar yeniden hayat bulup ye\u015fermeye devam ediyoruz. Sevgi ve bereket dolu ser\u00fcvene ge\u00e7en y\u00fczy\u0131lda devam ederken 100 \u015fair ve onlarca hik\u00e2yeci ve romanc\u0131 yarat\u0131c\u0131 yeti\u015fti. May\u0131s ay\u0131 Demir Baba anma ve sayg\u0131 t\u00f6renlerinde sevgi, sayg\u0131 ve dualar\u0131m\u0131z eksik olmad\u0131. Yaratan kodlar\u0131m\u0131z\u0131 bizden ba\u015fka bilen ve anlayan yoktur. \u201c<strong>Anlayan turp yesin<\/strong>!\u201d<\/p><div id=\"bghab-683741986\" class=\"bghab-icerik-icine-35-paragraf bghab-entity-placement\"><script async src=\"\/\/pagead2.googlesyndication.com\/pagead\/js\/adsbygoogle.js?client=ca-pub-6203283170189293\" crossorigin=\"anonymous\"><\/script><ins class=\"adsbygoogle\" style=\"display:block; text-align:center;\" data-ad-client=\"ca-pub-6203283170189293\" \ndata-ad-slot=\"7303146466\" \ndata-ad-layout=\"in-article\"\ndata-ad-format=\"fluid\" data-full-width-responsive=\"true\"><\/ins>\n<script> \n(adsbygoogle = window.adsbygoogle || []).push({}); \n<\/script>\n<\/div>\n<p>Bu nedenle bu topraklarda T\u00fcrklere her zaman yer olacakt\u0131r.<\/p>\n<div id=\"bghab-1287730145\" class=\"bghab-yazi-altinda bghab-entity-placement\"><div class=\"bghab-adlabel\">Reklamlar<\/div><script async src=\"https:\/\/pagead2.googlesyndication.com\/pagead\/js\/adsbygoogle.js\"><\/script>\r\n<!-- bghaber-yaz\u0131-sonu -->\r\n<ins class=\"adsbygoogle\"\r\n     style=\"display:block\"\r\n     data-ad-client=\"ca-pub-6203283170189293\"\r\n     data-ad-slot=\"4222328180\"\r\n     data-ad-format=\"auto\"\r\n     data-full-width-responsive=\"true\"><\/ins>\r\n<script>\r\n     (adsbygoogle = window.adsbygoogle || []).push({});\r\n<\/script><\/div><br style=\"clear: both; display: block; float: none;\"\/>","protected":false},"excerpt":{"rendered":"<p>BGSAM Tarih: 30 May\u0131s 2017 Konu:\u00a0\u00a0\u00a0 Biz, derin ve \u00f6zg\u00fcn k\u00fclt\u00fcr\u00fc olan bir halk toplulu\u011fuyuz. Bulgaristan T\u00fcrklerine \u201ckof \u201c dendi\u011fini hi\u00e7 i\u015fitmedim. Ho\u015f g\u00f6n\u00fcll\u00fc, ho\u015fg\u00f6r\u00fcl\u00fc,<\/p>\n","protected":false},"author":13,"featured_media":0,"comment_status":"closed","ping_status":"closed","sticky":false,"template":"","format":"standard","meta":{"advanced_seo_description":"","jetpack_seo_html_title":"","jetpack_seo_noindex":false,"_jetpack_memberships_contains_paid_content":false,"footnotes":""},"categories":[6],"tags":[],"class_list":["post-23252","post","type-post","status-publish","format-standard","hentry","category-yorum"],"jetpack_featured_media_url":"","jetpack_sharing_enabled":true,"jetpack_likes_enabled":true,"jetpack-related-posts":[],"jetpack_shortlink":"https:\/\/wp.me\/pc2PfJ-632","_links":{"self":[{"href":"https:\/\/www.bghaber.org\/bghaber\/wp-json\/wp\/v2\/posts\/23252","targetHints":{"allow":["GET"]}}],"collection":[{"href":"https:\/\/www.bghaber.org\/bghaber\/wp-json\/wp\/v2\/posts"}],"about":[{"href":"https:\/\/www.bghaber.org\/bghaber\/wp-json\/wp\/v2\/types\/post"}],"author":[{"embeddable":true,"href":"https:\/\/www.bghaber.org\/bghaber\/wp-json\/wp\/v2\/users\/13"}],"replies":[{"embeddable":true,"href":"https:\/\/www.bghaber.org\/bghaber\/wp-json\/wp\/v2\/comments?post=23252"}],"version-history":[{"count":0,"href":"https:\/\/www.bghaber.org\/bghaber\/wp-json\/wp\/v2\/posts\/23252\/revisions"}],"wp:attachment":[{"href":"https:\/\/www.bghaber.org\/bghaber\/wp-json\/wp\/v2\/media?parent=23252"}],"wp:term":[{"taxonomy":"category","embeddable":true,"href":"https:\/\/www.bghaber.org\/bghaber\/wp-json\/wp\/v2\/categories?post=23252"},{"taxonomy":"post_tag","embeddable":true,"href":"https:\/\/www.bghaber.org\/bghaber\/wp-json\/wp\/v2\/tags?post=23252"}],"curies":[{"name":"wp","href":"https:\/\/api.w.org\/{rel}","templated":true}]}}