{"id":23245,"date":"2017-05-29T01:39:00","date_gmt":"2017-05-28T22:39:00","guid":{"rendered":"http:\/\/www.bghaber.org\/bghaber\/?p=23245"},"modified":"2017-05-29T01:39:00","modified_gmt":"2017-05-28T22:39:00","slug":"xxi-asrin-incileri","status":"publish","type":"post","link":"https:\/\/www.bghaber.org\/bghaber\/xxi-asrin-incileri\/","title":{"rendered":"XXI. Asr\u0131n \u0130ncileri"},"content":{"rendered":"<p>BGSAM<\/p>\n<p>Tarih: 28May\u0131s 2017<\/p>\n<p>Konu:\u00a0 <strong>Bizdeki a\u015f\u0131r\u0131 milliyet\u00e7iler Nazi fa\u015fistlerini arkada b\u0131rak\u0131yor.\u00a0<\/strong><\/p>\n<p>Bu y\u0131l kaybetti\u011fimiz Yahudi as\u0131ll\u0131 b\u00fcy\u00fck Rus yazar \u0130liya Erenburg \u201c<strong>F\u0131rt\u0131na<\/strong>\u201d adl\u0131 roman\u0131nda \u201c<strong>Var olmay\u0131 hak etmeyen d\u00fczende i\u015f ekipleri 3 ya 5 ya da 7 ki\u015fiden olu\u015fur. \u0130\u015ften anlamayan ekip \u015fefidir. \u0130lerleme stop eder. Ba\u015flayan durgunluktur<\/strong>.\u201dder. Nazilerin Almanya\u2019s\u0131nda ekip \u015fefi \u201cGau\u201d idi. 10 ki\u015fiden sorumludur. D\u00fc\u015f\u00fcn\u00fcnce k\u00f6ylerimizdeki Onba\u015f\u0131 Ahmet, Onba\u015f\u0131 Mehmetler sanki Alman Gau\u2019sudur. Hitler kendisi de bir \u201cGau\u201d idi. Almanlar b\u00fcy\u00fck say\u0131da \u00e7arp\u0131\u015fma kazanm\u0131\u015f ama sava\u015f kazanamam\u0131\u015flard\u0131r. \u00c7\u00fcnk\u00fc bir \u201cGau\u201d sava\u015f kazanamaz.<\/p>\n<p><strong>Deneyim bilmek bilgeliktir.<\/strong><\/p><div id=\"bghab-3922486693\" class=\"bghab-icerik-icine bghab-entity-placement\"><script async src=\"\/\/pagead2.googlesyndication.com\/pagead\/js\/adsbygoogle.js?client=ca-pub-6203283170189293\" crossorigin=\"anonymous\"><\/script><ins class=\"adsbygoogle\" style=\"display:block; text-align:center;\" data-ad-client=\"ca-pub-6203283170189293\" \ndata-ad-slot=\"7303146466\" \ndata-ad-layout=\"in-article\"\ndata-ad-format=\"fluid\" data-full-width-responsive=\"true\"><\/ins>\n<script> \n(adsbygoogle = window.adsbygoogle || []).push({}); \n<\/script>\n<\/div>\n<p>Naziler fa\u015fist olduklar\u0131 ve Yahudi soyunu yak\u0131p yok etme niyetlerini gizlemek i\u00e7in, onlar\u0131 aldatmak amac\u0131yla \u00f6nce kendilerine bir teklifte bulunmu\u015flard\u0131. Bu teklifte, \u201c<strong>Siz \u015fimdi b\u00fct\u00fcn birikimlerinizi Alman bankalar\u0131na yat\u0131r\u0131n, depozit bordrosunu bize verin ve Kud\u00fcs\u2019e gidin. Yerle\u015fti\u011finizde ne gibi ara\u00e7 gere\u00e7, makine, trakt\u00f6r, kamyon vb ihtiyac\u0131n\u0131z belirirse bize mektupla bildirin, hemen gemiyle g\u00f6nderelim<\/strong>.\u201ddemi\u015flerdi. Bu \u00f6neri yap\u0131l\u0131rken Almanya ve Polonya\u2019daki toplama kamplar\u0131, gaz kamaralar\u0131 hen\u00fcz kurulmam\u0131\u015f, etraf 3 \u2013 4 metre y\u00fcksek dikenli tel \u00f6rg\u00fcyle \u00e7ep\u00e7evre sar\u0131lmam\u0131\u015ft\u0131. Yahudilerin toplumdan \u00f6tekile\u015ftirmesi, kapal\u0131 gettolarda, \u00f6p\u00fc\u015f\u00fcp evlenmekten \u00e7ocuk yapmaya irili ufakl\u0131 t\u00fcm ad\u0131mlar\u0131 izine tabii ya\u015fatmaya zorlay\u0131\u015f eski k\u0131tada \u00e7ok eski bir uygulamad\u0131r. Onlar\u0131n \u015fehirlere girmeleri, \u00e7ar\u015f\u0131ya pazara panay\u0131rlara gitmeleri yasakt\u0131. Kentlere ak\u0131n ederlerse \u015fehirlerimiz Yahudile\u015fir korkusu vard\u0131. \u00d6yle de oldu. \u015eehirlerini kurtar\u0131rken Yahudileri yakt\u0131lar. Gerek\u00e7esi bir Yahudi olan \u0130sa Peygamberin \u00e7arm\u0131ha gerilmesiydi.<\/p>\n<p>Yar\u0131m as\u0131r sonra i\u015ften, \u00e7\u00f6pten ve do\u011fa kirlili\u011finden korkan Avrupal\u0131lar yine k\u00f6ylerde ya\u015f\u0131yor.<\/p>\n<p>Anakent merkezleri \u00f6nce M\u00fcsl\u00fcman\u2019\u0131m, sonra Alman, Britanyal\u0131 ya da Bel\u00e7ikal\u0131 ve bir de Pakistanl\u0131, Cezayirli ya da T\u00fcrk\u00fcm diyen yeni kimliklerle dolu. Demokrasi ad\u0131na yeni temizlik ba\u015flar m\u0131 dersiniz?!<\/p>\n<p>Biz Bulgaristanl\u0131 T\u00fcrkler derin soluklu uzak u\u00e7an insanlar\u0131z. K\u00f6yden kente g\u00f6\u00e7 ya\u015famad\u0131k. K\u00f6ylerimize kapal\u0131 b\u00fcy\u00fcd\u00fck. Bir u\u00e7tuk mu da, hep s\u0131n\u0131r \u00f6tesi konduk\u2026<\/p>\n<p>Avrupal\u0131lar \u00f6ng\u00f6r\u00fcl\u00fc olduklar\u0131ndan yapacaklar\u0131 k\u00f6t\u00fcl\u00fc\u011f\u00fc albenili pakette sunar. Nazilerin siz gidin, biz arkadan, dedikleri gibi\u2026<\/p><div id=\"bghab-1103015947\" class=\"bghab-icerik-icine-10-paragraf bghab-entity-placement\"><script async src=\"\/\/pagead2.googlesyndication.com\/pagead\/js\/adsbygoogle.js?client=ca-pub-6203283170189293\" crossorigin=\"anonymous\"><\/script><ins class=\"adsbygoogle\" style=\"display:block; text-align:center;\" data-ad-client=\"ca-pub-6203283170189293\" \ndata-ad-slot=\"7303146466\" \ndata-ad-layout=\"in-article\"\ndata-ad-format=\"fluid\" data-full-width-responsive=\"true\"><\/ins>\n<script> \n(adsbygoogle = window.adsbygoogle || []).push({}); \n<\/script>\n<\/div>\n<p><strong>Karakterimizde yok edilemez \u00f6zellikler var.<\/strong><\/p>\n<p>Bulgarlar\u0131n hepsi y\u00fcksek \u00f6\u011frenimini Almanya\u2019da bitirse ve \u00f6\u011frendiklerini uygulama alanlar\u0131 Bulgaristan\u2019daki az\u0131nl\u0131k ortamlar\u0131 olsa, \u00f6nce kendilerinin de\u011fi\u015fece\u011finden eminim.\u00a0 Az\u0131nl\u0131klar\u0131 eritme i\u015fi ince i\u015ftir ve yaln\u0131z ele\u015ftirmekle, hor g\u00f6rmekle hi\u00e7bir hedefe ula\u015f\u0131lamaz, bir de \u00e7\u00f6z\u00fcm getirmek gerekir. Bir az\u0131nl\u0131\u011f\u0131 eritip asimile etmek isteyen bir toplum kendisinin de de\u011fi\u015fti\u011finin bilincine vard\u0131\u011f\u0131nda, kendinden tiksinir ve \u00f6z\u00fcmsemek istedi\u011fini \u00f6tekile\u015ftirmeye, kendinden uzakla\u015ft\u0131rmaya ba\u015flar. Bu sorun ola\u011fan\u00fcst\u00fc derin ve \u00f6nemlidir. Zann\u0131mca biz Bulgaristan\u2019da b\u00f6yle bir s\u00fcrece girdik ve yeni \u00f6zelliklerle y\u00fcz y\u00fcze gelmeye ba\u015flad\u0131k.<\/p>\n<p><strong>S\u00fcrpriz\u00a0 oldu.<\/strong><\/p>\n<p>26 May\u0131s 2017\u2019 g\u00fcn\u00fc Bulgaristan Bakanlar Kurulu toplant\u0131s\u0131nda\u00a0 \u201c<strong>Bulgaristan\u2019\u0131 Kurtarmak \u0130\u00e7in Milli Cephe<\/strong>\u201d partisi lideri Valeri Simyonov \u201c<strong>Etnik ve Entegre Etme Sorunlar\u0131 Ulusal Konseyi<\/strong>\u201d ba\u015fkan\u0131 atand\u0131. Bu kodaman fa\u015fistin bu g\u00f6reve atand\u0131\u011f\u0131 i\u015fitilince akan sular durdu. Simyonov\u2019un partisi Avrupa Konseyi taraf\u0131ndan a\u015f\u0131r\u0131 sa\u011fc\u0131, az\u0131nl\u0131k ve yabanc\u0131 d\u00fc\u015fman\u0131, \u201c<strong>fa\u015fist<\/strong>\u201d parti olarak nitelenmi\u015fti. Karar, Sofya\u2019ya geldi ama fa\u015fist parti yasaklanmad\u0131, iktidar ortakl\u0131\u011f\u0131na t\u0131rmanmas\u0131na engel olunmad\u0131.<\/p>\n<p>Geli\u015fmeler \u00fclkede ciddi tepkilere vesile oldu. Siyasi muhalefet, Simyonov\u2019un Ba\u015fbakan Yard\u0131mc\u0131l\u0131\u011f\u0131ndan at\u0131lmas\u0131 i\u00e7in direnirken yeni \u00f6nemli devlet g\u00f6revleri de almas\u0131 s\u00fcrpriz oldu.\u00a0 Eski Bulgaristan Cumhurba\u015fkanlar\u0131ndan (1990 -1997) Jelyu Jelev\u2019in etnik az\u0131nl\u0131k sorunlar\u0131 ba\u015f dan\u0131\u015fman\u0131 olan Profes\u00f6r Mihail \u0130vanov\u2019un g\u00f6r\u00fc\u015f\u00fc kamuoyunun dikkatini \u00e7ekti:<\/p><div id=\"bghab-1156528912\" class=\"bghab-icerik-icine-15-paragraf bghab-entity-placement\"><script async src=\"\/\/pagead2.googlesyndication.com\/pagead\/js\/adsbygoogle.js?client=ca-pub-6203283170189293\" crossorigin=\"anonymous\"><\/script><ins class=\"adsbygoogle\" style=\"display:block; text-align:center;\" data-ad-client=\"ca-pub-6203283170189293\" \ndata-ad-slot=\"7303146466\" \ndata-ad-layout=\"in-article\"\ndata-ad-format=\"fluid\" data-full-width-responsive=\"true\"><\/ins>\n<script> \n(adsbygoogle = window.adsbygoogle || []).push({}); \n<\/script>\n<\/div>\n<p>\u201c<strong>Bulgaristan\u2019\u0131n Etnik ve Entegre Etme Sorunlar\u0131 Ulusal Konseyi Ba\u015fkanl\u0131\u011f\u0131na Valeri Simyonov\u2019u atayan Bakanlar Kurulu karar\u0131n\u0131 a\u00e7\u0131klad\u0131.\u00a0 Ben, bu Konseyin Sekreteri g\u00f6revinde bulunmu\u015f ki\u015filerden biriyim. \u0130\u015flerin nereye y\u00f6neldi\u011finin fark\u0131nday\u0131m. Olay, Bulgaristan az\u0131nl\u0131klar\u0131yla alay etmektir. Sofya meclisi k\u00fcrs\u00fcs\u00fcnden, bizde \u00c7ingene kad\u0131nlar\u0131n k\u00f6senmi\u015f k\u00f6pekler gibi do\u011furdu\u011funu hayk\u0131ran, s\u0131n\u0131r kap\u0131s\u0131nda ya\u015fl\u0131 T\u00fcrk kad\u0131nlar\u0131 tartaklayan ki\u015fi, bundan sonra h\u00fck\u00fcmetin etnikler ve entegre etme siyasetinden sorumlu olacakt\u0131r. H\u00fck\u00fcmet koalisyonuna kat\u0131lan partiler i\u00e7in bu bir kepazeliktir. Bu atamay\u0131 \u00f6nlemek i\u00e7in \u00fclkemizde gerekli say\u0131da onurlu siyaset adam\u0131 ve siyasi g\u00fc\u00e7 bulabilecek miyiz? Bekleyi\u015f i\u00e7indeyim. Ayn\u0131 zamanda, Simyonov d\u0131\u015f \u00fclkelerde bulunan Bulgaristan vatanda\u015flar\u0131ndan da sorumludur. Bu, gurbet\u00e7ilerimizle alay etmektir<\/strong>.\u201d<\/p>\n<ol start=\"21\">\n<li>y\u00fczy\u0131lda s\u0131n\u0131fsal d\u00fc\u015fman, ideolojik has\u0131m, iki kamp yok. Ana d\u00fc\u015fman etnik, dil, din az\u0131nl\u0131k topluluklar\u0131 oldu. Toplumdaki s\u0131n\u0131f ayr\u0131\u015f\u0131m\u0131 unutuldu. Allahs\u0131zl\u0131k bile unutuldu. S\u00f6m\u00fcr\u00fc sanki g\u00f6m\u00fcld\u00fc. Sahnede tek ulus devletinin h\u00e2kimiyet h\u0131rs\u0131 ve n\u00fcfusun yar\u0131s\u0131ndan fazlar\u0131n\u0131 olu\u015fturan ezilmeyi kader bilmi\u015f az\u0131nl\u0131klar var. Hi\u00e7bir haklar\u0131 olmayan ve hak hukuk u\u011fruna m\u00fccadele etmeye ve ses y\u00fckseltmeye hakk\u0131 olmayan insanlar\u2026<\/li>\n<\/ol>\n<p><strong>Bulgaristan\u2019da s\u00f6zde demokrasi ko\u015fullar\u0131nda fa\u015fistler ne \u00e7abuk filizlendi.<\/strong><\/p>\n<p>1992\u2019de yeniden kurulan VMRO \u2013 <strong>\u0130\u00e7 Makedon Devrim \u00d6rg\u00fct\u00fc<\/strong> ve sald\u0131rgan a\u015f\u0131r\u0131 solculu\u011fuyla \u00fcnl\u00fc \u201c<strong>Ataka<\/strong>\u201d partisi ile 2014 se\u00e7imlerinde bu ikisiyle \u201c<strong>Birle\u015fik Cephe<\/strong>\u201d ortakl\u0131\u011f\u0131 kuran Simyonov\u2019un \u00a0\u201c<strong>Bulgaristan\u2019\u0131 Kurtarmak \u0130\u00e7in Milli Cephe<\/strong>\u201d partisi\u00a0 fa\u015fist cephe dire\u011fini dikti. Bu, demokrasi i\u00e7in tehlikeler gizleyen olu\u015fumun taban\u0131nda, ge\u00e7en as\u0131r ter\u00f6r uygulanarak az\u0131nl\u0131klar\u0131n isimleri de\u011fi\u015ftirilirken zul\u00fcm uygulayan, yarg\u0131lanmas\u0131 gerekirken cezaya \u00e7arpt\u0131r\u0131lmayan aktif kadrolar bulu\u015ftu. Fa\u015fist cephenin stratejik hedefindeki ba\u015fat \u00f6dev, bin y\u0131ldan beri vatan bildi\u011fi topraklarda ya\u015fayan T\u00fcrkleri sindirip kovmak, M\u00fcsl\u00fcman Pomaklar\u0131n T\u00fcrk kimli\u011fini reddetmek ve yine bin y\u0131ldan beri Bulgaristanl\u0131 olan \u00c7ingeneleri yok etmek \u015feklinde bi\u00e7imlendi. TV yay\u0131nlar\u0131nda ve bas\u0131nda bu niyetlerini gizlemeyen fa\u015fist lideri Simyonov Ba\u015fbakan yard\u0131mc\u0131l\u0131\u011f\u0131na y\u00fckselince rahatlad\u0131. \u00a0Meclis k\u00fcrs\u00fcs\u00fcnden tam Naziler ba\u015f\u0131 Hitler gibi sa\u011f elini kald\u0131r\u0131p \u201c<strong>Bulgaristan her \u015feyin \u00dcst\u00fcnde<\/strong>!\u201d selam\u0131n\u0131 verdi. \u00c7ingenelerin y\u00fcz\u00fcne\u00a0 \u201c<strong>Hepinizden sabun yapaca\u011f\u0131z<\/strong>\u201d demekten \u00e7ekinmedi. Dilleri, dilleri, okul, k\u00fclt\u00fcr ve gelenekleri zaten bin d\u00fc\u011f\u00fcml\u00fc yasalarla yasaklanm\u0131\u015f T\u00fcrklerin siyasi partilerini yasaklama ve temsilcilerini b\u00fct\u00fcn devlet kurumlar\u0131ndan kovduklar\u0131 gibi meclisten de s\u00f6k\u00fcp atmak niyetleri de ortadad\u0131r.<\/p>\n<ol start=\"21\">\n<li><strong> y\u00fczy\u0131l Bulgar fa\u015fizmi 20. y\u00fczy\u0131l fa\u015fizminden farkl\u0131d\u0131r.<\/strong><\/li>\n<\/ol>\n<p>Ge\u00e7en asr\u0131n 1934 -1945 y\u0131llar\u0131 aras\u0131nda k\u00fckreyen Bulgar fa\u015fizmi i\u015f\u00e7i ve kom\u00fcnist hareketle, bar\u0131\u015f m\u00fccadelesine kat\u0131lan demokratlarla, Yahudilerle ba\u015f etmeye \u00e7al\u0131\u015ft\u0131. \u00c7arl\u0131k d\u00fczeninde bir askeri darbeyle iktidar oldu. Arkas\u0131nda Alman Nazileri vard\u0131. Demokratik edinimleri yok ederken T\u00fcrklerin \u201cTuran\u201d, \u201cAlt\u0131n Ordu\u201d, Jimnastik ve Sanat derneklerini, \u00f6\u011fretmen birlikleri ve cami enc\u00fcmenliklerini da\u011f\u0131t\u0131p yasaklad\u0131. Bir\u00e7ok T\u00fcrk tutukland\u0131 ya da yurt d\u0131\u015f\u0131na ka\u00e7t\u0131.<\/p>\n<p>Askeri alanda, Sovyetler Birli\u011fi\u2019ne sald\u0131r\u0131 sava\u015f\u0131na Alman, \u0130talyan ve Japon \u201c<strong>Mihver<\/strong>\u201d g\u00fc\u00e7leri ile birlikte olmay\u0131 se\u00e7en Bulgar \u00c7ar\u0131 III. Boris Stalingrad Cephesi\u2019ne ordu g\u00f6nderemeyince hayat\u0131ndan oldu. O sava\u015fta Bulgar Ordular\u0131 Yunanistan\u2019a ve Makedonya\u2019ya girdi. Birinci D\u00fcnya Sava\u015f\u0131\u2019nda kaybetti\u011fi G\u00fcney Dobruca\u2019y\u0131 1940\u2019ta geri ald\u0131. T\u00fcrkler\u2019in anavatana g\u00f6\u00e7\u00fc B\u00fcy\u00fck Sava\u015f \u00f6ncesi ve Sava\u015f y\u0131llar\u0131nda durmad\u0131.<\/p><div id=\"bghab-670022200\" class=\"bghab-icerik-icine-20-paragraf bghab-entity-placement\"><script async src=\"\/\/pagead2.googlesyndication.com\/pagead\/js\/adsbygoogle.js?client=ca-pub-6203283170189293\" crossorigin=\"anonymous\"><\/script><ins class=\"adsbygoogle\" style=\"display:block; text-align:center;\" data-ad-client=\"ca-pub-6203283170189293\" \ndata-ad-slot=\"7303146466\" \ndata-ad-layout=\"in-article\"\ndata-ad-format=\"fluid\" data-full-width-responsive=\"true\"><\/ins>\n<script> \n(adsbygoogle = window.adsbygoogle || []).push({}); \n<\/script>\n<\/div>\n<p>1912\u2019de de\u011fi\u015ftirilen isim ve yasaklanan \u0130slam dininde ibadet haklar\u0131n\u0131 1913\u2019te geri alan Pomaklar\u0131n kimli\u011fine sald\u0131r\u0131 daha yo\u011fun bir \u015fiddetle 1936\u2019da ve 1942\u2019de tekrar etti.<\/p>\n<p><strong>Zehirli hap \u2013 Bulgar Etnik Modeli.<\/strong><\/p>\n<p>1944\u2019te de\u011fi\u015fen Bulgar rejimi etnik, din ve dil az\u0131nl\u0131klar\u0131yla ilgili devlet siyasetine (1950 -1957 d\u00f6nemi gibi k\u0131sa bir istisna hari\u00e7) eski fa\u015fist uygulamalara sad\u0131k kalm\u0131\u015ft\u0131r. 1950, 1976 kitle g\u00f6\u00e7leri, 1972\u2019de Pomaklar\u0131n Bulgarla\u015ft\u0131r\u0131lmas\u0131, \u00c7ingene kimli\u011fine \u00f6d\u00fcns\u00fcz sald\u0131r\u0131lar, 1984 \u2013 1989 g\u00fcya \u201c<strong>soya d\u00f6n\u00fc\u015f<\/strong>\u201d s\u00fcreci ve 1 milyon 253 bin T\u00fcrk\u00fcn isimlerinin zorla de\u011fi\u015ftirilmesi ve devlet ter\u00f6r\u00fc \u015feklindeki zul\u00fcmle yar\u0131m milyon T\u00fcrk\u00fcn s\u0131n\u0131r d\u0131\u015f\u0131 edilmesi ayn\u0131 asimile etme siyasetinin kesintisiz uyguland\u0131\u011f\u0131na kan\u0131tt\u0131r. Bir\u00e7oklar\u0131m\u0131z, 1989 May\u0131s Ayaklanmam\u0131zdan ve 1990\u2019da hapiscilerin sal\u0131verilmesinden ve s\u00fcrg\u00fcnlerin eve d\u00f6nmesinden sonra durumun sakinle\u015fece\u011fini, t\u00fcm haklar\u0131 budanm\u0131\u015f az\u0131nl\u0131klar\u0131 eritip asimile etme siyasetinin zaman\u0131n\u0131 doldurdu\u011funu sanm\u0131\u015ft\u0131k ve aldanm\u0131\u015f\u0131z. Aldand\u0131\u011f\u0131m\u0131z\u0131 da y\u0131llar sonra anlayabildik. Hak ve \u00f6zg\u00fcrl\u00fck m\u00fccadelemizden s\u00fcz\u00fclen, fakat daha kuruldu\u011fu g\u00fcn gizli polis ajanlar\u0131n\u0131n ve davam\u0131za ihanet eden hainlerin eline ge\u00e7en Hak ve \u00d6zg\u00fcrl\u00fckler Partisi, \u201c<strong>Bulgar Etnik Modeli<\/strong>\u201d paketinde halk\u0131m\u0131za yeni bir zehirli hap sundu. Bu g\u00fc\u00e7, insan haklar\u0131 ve e\u015fit hakl\u0131 vatanda\u015f davam\u0131z\u0131n ate\u015fini s\u00f6nd\u00fcrd\u00fc. Ayd\u0131n T\u00fcrk kadrolar\u0131 memlekette kovdu. Hareketin taban\u0131n\u0131 neredeyse art\u0131k \u00e7eyrek y\u00fczy\u0131l semele\u015ftirip uyutabildi<\/p>\n<p>1934 askeri darbesini ger\u00e7ekle\u015ftirip Bulgaristan\u2019da fa\u015fizm ufku arayanlar 1944\u2019te kom\u00fcnistler taraf\u0131ndan ezilmi\u015flerdi. 10 Kas\u0131m 1989\u2019da kom\u00fcnizmin devrilmesinden hemen sonra 1992\u2019de de\u011fi\u015fik yay\u0131nlar yapmaya ba\u015flayarak dernek, kul\u00fcp, hareket ve parti \u015feklinde ye\u015fermeye ba\u015flad\u0131lar. Ge\u00e7en y\u00fczy\u0131l\u0131n ilk \u00e7eyre\u011finde bir\u00e7ok suikast, tuzak ve yarg\u0131s\u0131z infazda parma\u011f\u0131 olan, Moskova\u2019ya, sonrada da Komintern\u2019e ba\u011fl\u0131 oldu\u011fu bilinen \u0130\u00e7 Makedon Devrim \u00d6rg\u00fct\u00fc &#8211; VMRO ilk \u00f6nce dirildi. Demokrasi kalesi olan meclise yerle\u015fmek i\u00e7in a\u015f\u0131r\u0131 muhalif g\u00fc\u00e7lerle ortakl\u0131k arad\u0131. 2014\u2019te Avrupa Konseyi bu \u00f6rg\u00fcte \u201c<strong>fa\u015fist<\/strong>\u201d damgas\u0131 vurdu. Fa\u015fizmin t\u00fcm bi\u00e7im ve belirtilerinin en \u015fiddetli ve kesin bi\u00e7imde yasaklanm\u0131\u015f oldu\u011fu Avrupa\u2019da, bir AB \u00fcyesi olan Bulgaristan\u2019da bu kararlar\u0131n havada kalmas\u0131 fa\u015fizmin t\u0131rmanmas\u0131na adeta yol a\u00e7t\u0131. \u00a0Bu olay d\u00fc\u015f\u00fcnd\u00fcr\u00fcc\u00fc ve endi\u015fe vericidir.<\/p>\n<p>G\u00fcn\u00fcm\u00fczde Bulgar fa\u015fizmi 3 partili bir bile\u015fim oldu. Birinci kalesini VMRO olu\u015ftururken, \u00a0ikinci kanad\u0131, 2005\u2019te a\u015f\u0131r\u0131 solu temsil eden \u201c<strong>Ataka<\/strong>\u201d partisi siyasi sahneye \u00e7\u0131kt\u0131. 24 saat yay\u0131n yapan \u201c<strong>Alfa<\/strong>\u201d TV kanal\u0131, \u201c<strong>Ataka<\/strong>\u201d gazetesi, gen\u00e7lik \u00f6rg\u00fct\u00fc, bir\u00e7ok ba\u015fka yay\u0131n\u0131 ve Sofya ve Br\u00fcksel meclislerinde temsilcileri olan bu a\u015f\u0131r\u0131 g\u00f6r\u00fc\u015fl\u00fc parti, 1989 g\u00fcz\u00fcnde kurulan Demokratik G\u00fc\u00e7ler Birli\u011fi (CDC) i\u00e7inden \u00e7\u0131kt\u0131. M\u00fcsl\u00fcman T\u00fcrk se\u00e7menin sa\u011f kaymas\u0131n\u0131 \u00f6nlemek amac\u0131yla evini ve yolunu kaybetmi\u015f bir k\u00f6pek gibi ans\u0131z\u0131n havlamaya ba\u015flad\u0131. Lideri Siderov ilk beyanlar\u0131nda T\u00fcrklere \u201c<strong>\u0130simlerinizi yeniden de\u011fi\u015ftirece\u011fiz<\/strong>!\u201d dedi. Bir \u201c<strong>\u00fcst ak\u0131l<\/strong>\u201d i\u015fi olan ve totalitarizmin zul\u00fcm renkleriyle a\u00e7an bu partinin \u00f6devleri aras\u0131nda 2005\u2019lerde art\u0131k \u00e7\u00f6ken \u201c<strong>Bulgar Etnik Modeli<\/strong>\u201d tuza\u011f\u0131ndan kurtulmak isteyenlerin yolunu kesmek, onlar\u0131 \u00fcrk\u00fct\u00fcp etnik gettoya geri s\u0131k\u0131\u015ft\u0131rmak vard\u0131. K\u0131sa bir s\u00fcrede \u201c<strong>Ataka<\/strong>\u201d partisinin Moskova emriyle, Halk ve \u00d6zg\u00fcrl\u00fckler Partisi (DPS) lideri Ahmet Do\u011fan\u2019\u0131n kurucu lider Volen Siderov\u2019un eline sayd\u0131\u011f\u0131 1 milyon 600 bin levayla tescil edildi\u011fi belgelerle a\u00e7\u0131kland\u0131. Ana hedef T\u00fcrklerin toplumda d\u00f6nen dolaplar\u0131n fark\u0131na varmas\u0131n\u0131 engellemek olarak da bi\u00e7imlendi. Bu tip, a\u015f\u0131r\u0131 sol partiler genelde <strong>ter\u00f6r \u00f6rg\u00fct\u00fcd\u00fcr<\/strong>. Bulgaristan\u2019daki emsallerinde \u00f6rt\u00fc\u015fme olmad\u0131\u011f\u0131 dikkati \u00e7ekiyor. \u00d6rneklemek m\u00fcmk\u00fcnd\u00fcr. 1867\u2019de Sofya\u2019da kurulan ve 16 Nisan 1925\u2019te bir matem t\u00f6reni esnas\u0131nda kubbesi havaya u\u00e7urulan, Bulgaristan tarihinin en kanl\u0131 ter\u00f6r eylemi olan ve \u00c7ar III. Boris ile birlikte \u00fclkenin askeri politik g\u00f6zde temsilcilerinin t\u00fcm\u00fc birden yok edilmek isteyen bir bombal\u0131 sald\u0131r\u0131 a\u015f\u0131r\u0131 sol g\u00fc\u00e7ler taraf\u0131ndan Moskova\u2019n\u0131n emriyle yap\u0131lm\u0131\u015ft\u0131. 134 ki\u015fi \u00f6l\u00fcrken 500 ki\u015fi de yaralanm\u0131\u015ft\u0131r. G\u00fcn\u00fcm\u00fczde Bakanlar Kuruluna al\u0131nan \u201c<strong>Ataka<\/strong>\u201d temsilcileri T\u00fcrklere kar\u015f\u0131 havlayan k\u00f6pek s\u00fcr\u00fcs\u00fcnde yer al\u0131yor. Hen\u00fcz imha sald\u0131r\u0131lar\u0131 havas\u0131 esmiyor. Ayn\u0131 zamanda Rusya\u2019n\u0131n \u00fclkemizdeki ekonomik \u00e7\u0131karlar\u0131n\u0131 koruma ve Balkanlara daha a\u011f\u0131r basma emellerine yard\u0131mc\u0131 olma \u00f6devi de \u201cAtaka\u201d partisinin s\u0131rt\u0131nda gibi.<\/p><div id=\"bghab-3358448416\" class=\"bghab-icerik-icine-25-paragraf bghab-entity-placement\"><script async src=\"\/\/pagead2.googlesyndication.com\/pagead\/js\/adsbygoogle.js?client=ca-pub-6203283170189293\" crossorigin=\"anonymous\"><\/script><ins class=\"adsbygoogle\" style=\"display:block; text-align:center;\" data-ad-client=\"ca-pub-6203283170189293\" \ndata-ad-slot=\"7303146466\" \ndata-ad-layout=\"in-article\"\ndata-ad-format=\"fluid\" data-full-width-responsive=\"true\"><\/ins>\n<script> \n(adsbygoogle = window.adsbygoogle || []).push({}); \n<\/script>\n<\/div>\n<p>Bulgaristan\u2019\u0131n 2017 ufkunu karartan \u00fc\u00e7\u00fcnc\u00fc fa\u015fist parti \u2013 \u201c<strong>Bulgaristan\u2019\u0131 Kurtarmak \u0130\u00e7in Milli Cephe<\/strong>\u201d partisidir. Bu hareketin \u00a0k\u00f6kleri nemi, fa\u015fist Bulgar bilim ve sanat \u00e7evrelerinde, T\u00fcrklerin isimlerinin de\u011fi\u015ftirilmesi zulm\u00fcne kat\u0131lm\u0131\u015f ordulu, gardiyan, milis, s\u0131n\u0131r subay\u0131 ve jandarma \u00e7evrelerinde, sava\u015flardan sonra Bulgaristan\u2019a gelen g\u00f6\u00e7men \u00e7evrelerinde ve onlar\u0131n bar\u0131nd\u0131\u011f\u0131 d\u00fc\u015fmanl\u0131k kokan batakl\u0131kta buldu. Rusya ve Bat\u0131ya ters bakan bu siyasi \u00e7evre 1990\u2019dan sonra \u201c<strong>Bulgaristan \u00fclk\u00fcs\u00fc<\/strong>\u201d etraf\u0131nda dernekle\u015fti. A\u011f\u0131rl\u0131kl\u0131 olarak T\u00fcrklere ve T\u00fcrkiye\u2019ye kar\u015f\u0131 a\u015f\u0131r\u0131 sald\u0131rgan yay\u0131nlar\u0131n\u0131 Burgaz\u2019dan yapan \u201c<strong>Skat<\/strong>\u201d TV\u2019nin sahibi bug\u00fcnk\u00fc Ba\u015fbakan yard\u0131mc\u0131s\u0131 Simyonov\u2019 tur. 2014\u2019te say\u0131lar\u0131 37\u2019yi bulan bu a\u015f\u0131r\u0131 \u00f6rg\u00fctleri \u00a0\u201c<strong>Bulgaristan\u2019\u0131 Kurtarmak \u0130\u00e7in Milli Cephesi<\/strong>\u201d \u00e7at\u0131s\u0131 alt\u0131nda toplayan \u201cSkat\u201d TV yay\u0131nlar\u0131d\u0131r. Bu \u00f6rg\u00fct bug\u00fcn sol ve sa\u011f a\u015f\u0131r\u0131 milliyet\u00e7ileri \u201c<strong>Ataka<\/strong>\u201d, VMRO ve \u201c<strong>Bulgaristan\u2019\u0131 Kurtarmak \u0130\u00e7in Milli Cephe<\/strong>\u201dyi s\u00f6z\u00fcm ona \u201c<strong>Birle\u015fik Yurtsever<\/strong>\u201d \u00f6rg\u00fct\u00fc bayra\u011f\u0131 alt\u0131nda toplad\u0131lar. 2017 se\u00e7imlerinde 27 milletvekili \u00e7\u0131kar\u0131p \u00fc\u00e7\u00fcnc\u00fc siyasi g\u00fc\u00e7 oldular.<\/p>\n<p>Art\u0131k Bulgaristan\u2019\u0131 4 y\u0131l y\u00f6netmeye heveslendiler. Yukar\u0131da anlatmaya \u00e7al\u0131\u015ft\u0131\u011f\u0131m\u0131z yeni geli\u015fmelerin kayna\u011f\u0131nda bu 3 partili olu\u015fum vard\u0131r.<\/p>\n<p><strong>\u0130lgin\u00e7tir.<\/strong><\/p>\n<p>1970 \u2013 1990 d\u00f6neminde kom\u00fcnist totalitarizmin bask\u0131 ve ter\u00f6rle, tutuklama, dayak, s\u00fcrg\u00fcn, zindan ve toplama kamp\u0131 zulm\u00fcyle yapamad\u0131\u011f\u0131n\u0131 30 y\u0131l gecikmeyle tamamlamay\u0131 miras alm\u0131\u015f gibi hareket eden yeni g\u00fc\u00e7ler siyasi sahnededir. S\u00f6zde \u201c<strong>her \u015feyden sorumluyum<\/strong>\u201d havas\u0131 yaratan GERB partisi ve ba\u015fbakan ise, bir yandan bask\u0131n zorlama siyasetini de\u011fi\u015fik bi\u00e7imlerde me\u015frula\u015ft\u0131r\u0131rken, yasalla\u015fan sald\u0131r\u0131lar sertle\u015ftiriyor. Bu yasalar\u0131n sivri ucundaki hedefte, T\u00fcrkiye Cumhuriyeti\u2019ne s\u0131\u011f\u0131nan ve say\u0131lar\u0131 art\u0131k 1 milyon olan Bulgaristanl\u0131 T\u00fcrklerin se\u00e7ime kat\u0131l\u0131p oy kullanma, se\u00e7me ve se\u00e7ilme hakk\u0131n\u0131n kald\u0131r\u0131lmas\u0131 ve git gide t\u00fcm\u00fcn\u00fcn Bulgar ve Avrupa Birli\u011fi vatanda\u015fl\u0131\u011f\u0131ndan at\u0131lmas\u0131 da yer al\u0131yor. Bulgar fa\u015fistler bizim AB vatanda\u015f\u0131 olmam\u0131za g\u00f6z diktiler.<\/p>\n<p><strong>Kafalar bunald\u0131.<\/strong><\/p><div id=\"bghab-1875657490\" class=\"bghab-icerik-icine-30-paragraf bghab-entity-placement\"><script async src=\"\/\/pagead2.googlesyndication.com\/pagead\/js\/adsbygoogle.js?client=ca-pub-6203283170189293\" crossorigin=\"anonymous\"><\/script><ins class=\"adsbygoogle\" style=\"display:block; text-align:center;\" data-ad-client=\"ca-pub-6203283170189293\" \ndata-ad-slot=\"7303146466\" \ndata-ad-layout=\"in-article\"\ndata-ad-format=\"fluid\" data-full-width-responsive=\"true\"><\/ins>\n<script> \n(adsbygoogle = window.adsbygoogle || []).push({}); \n<\/script>\n<\/div>\n<p>Topyek\u00fbn ink\u00e2ra, b\u00fcy\u00fck vaatlere ve k\u0131r\u0131nt\u0131larla avutmaya dayanarak 10 y\u0131ldan beri t\u0131rmanan yeni fa\u015fist politika s\u00fcrekli tekrarlad\u0131\u011f\u0131 yalanlarla vatanda\u015flar\u0131n kafas\u0131n\u0131 iyice bunaltt\u0131. \u00d6rne\u011fin, sahtek\u00e2rlar\u0131n atas\u0131 durumunda olan \u201c<strong>Ataka<\/strong>\u201d lideri Siderov, her g\u00fcn yumurtlayan tavuk h\u00fcneriyle yazd\u0131\u011f\u0131 ve paras\u0131z da\u011f\u0131tt\u0131\u011f\u0131 kitaplar\u0131nda, Hitler Almanya\u2019s\u0131nda toplama kamp\u0131 olmad\u0131\u011f\u0131n\u0131, 6.5 milyon Yahudi ve 800 bin \u00c7ingene\u2019nin bu kamplardaki gaz ocaklar\u0131nda yak\u0131l\u0131p imha edilmedi\u011fini iddia ediyor. \u0130kinci D\u00fcnya Sava\u015f\u0131\u2019ndan sonra ele ge\u00e7irilen 30 bin ton Hitler evrak\u0131nda b\u00f6yle bir kan\u0131t bulunamad\u0131\u011f\u0131n\u0131 yazarak iyice k\u00fcstahla\u015f\u0131yor. Bu yalan makinesiyle memleketimizde son 10 y\u0131lda iyice k\u00f6k salan illegal fa\u015fist \u00f6rg\u00fctlenme gizleniyor. Bunal\u0131mdan \u00e7\u0131kamayan eski k\u0131ta halklar\u0131 i\u00e7in fa\u015fizm bir ufuk olarak g\u00f6sterilirken, T\u00fcrklere, az\u0131nl\u0131klara, M\u00fcsl\u00fcmanlara ve s\u0131\u011f\u0131nmac\u0131lara kar\u015f\u0131 sald\u0131r\u0131 cephesi alevleniyor. \u00c7abalar\u0131n\u0131n \u00f6z\u00fcnde benzer uluslar aras\u0131 olu\u015fumlarla ba\u011flan\u0131p me\u015fru b\u00fct\u00fcnle\u015ferek 21. y\u00fczy\u0131l\u0131n Bulgar fa\u015fizmine Avrupa \u00e7ap\u0131nda me\u015fruluk kazand\u0131rmaya \u00e7al\u0131\u015f\u0131l\u0131yor. Son \u00f6rneklerini VMRO ba\u015fkan\u0131, ba\u015fbakan yard\u0131mc\u0131s\u0131 ve BG Savunma Bakan\u0131 Kr. Karaka\u00e7anov\u2019u NATO zirvesinde g\u00f6rebiliyoruz.<\/p>\n<p>T\u00fcrklerin ve di\u011fer az\u0131nl\u0131klar\u0131n Bulgaristan\u2019\u0131n \u00f6z\u00fcnden bir par\u00e7a oldu\u011funu kabul etmeyen ve zaman\u0131n\u0131 doldurmu\u015f bir kabuk gibi onlar\u0131 Bulgar b\u00fcnyesinden kopmaya zorlayan bizdeki yeni fa\u015fist zihniyet 2007\u2019de \u00fclkenin Avrupa Birli\u011fi\u2019ne al\u0131nmas\u0131yla \u00f6tekile\u015ftirmeyi ve ayr\u0131mc\u0131l\u0131\u011f\u0131 devlet siyaseti \u015feklinde uygulayarak sertle\u015ftirdi\u011fini g\u00f6rebiliyoruz. Bizim bu g\u00fc\u00e7lerle bar\u0131\u015f\u0131k oldu\u011fumuz nokta kalmad\u0131.<\/p>\n<p>Bu arada GERB parti s\u00f6ylevinin T\u00fcrk d\u00fc\u015fmanl\u0131\u011f\u0131na ton vermesi gerginli\u011fi artt\u0131r\u0131yor. Halka yak\u0131n az\u0131nl\u0131k siyaseti i\u00e7in Ba\u015fbakan Borisov\u2019un\u00a0 \u015eumnu\u2019ya ba\u011fl\u0131 Karalar (\u00c7erna) k\u00f6y\u00fcne y\u0131lda bir u\u011fray\u0131p Yusuf Pehlivan and\u0131na \u00e7elenk koymas\u0131 yereli olamaz. 139 y\u0131ldan beri ilk kez Bulgar devletinin hi\u00e7bir kat\u0131nda hi\u00e7bir T\u00fcrk\u00fcn g\u00f6rev almad\u0131\u011f\u0131 yeni ve d\u00fc\u015f\u00fcnd\u00fcr\u00fcc\u00fc bir ortamda ya\u015f\u0131yoruz. GERB partisinin G\u00fcney H\u00fcsmen\u2019i Razgrat Valisi atamas\u0131 da sorunlar\u0131 kendili\u011finden hal etmi\u015f olmuyor. Bu olaylar yeni siyasetin g\u00f6r\u00fclen y\u00fcz\u00fcd\u00fcr. Tehlikeli olan g\u00f6r\u00fclmeyen y\u00fcz\u00fcd\u00fcr.<\/p>\n<p>Bulgar devletinin kurdu\u011fu t\u00fcm yollar\u0131nda, binalar\u0131nda, baraj ve fabrikalar\u0131nda al\u0131n terimiz var. T\u00fcrkleri devletten s\u00f6kt\u00fck deyip kadeh kald\u0131r\u0131p kutlama yap\u0131lmas\u0131 hayra alamet de\u011fildir. Son on y\u0131l\u0131n sekizinde iktidar olan GERB \u2013 Bulgaristan\u2019\u0131n Avrupal\u0131 Vatanda\u015flar\u0131 Partisi olarak kutlad\u0131\u011f\u0131 ba\u015far\u0131larda 22 Mart 2017 erken genel se\u00e7im sonu\u00e7lar\u0131nda 170 bin T\u00fcrk oyu oldu\u011funu unutmamal\u0131d\u0131r. Fa\u015fistlerle birlikte y\u00f6netmeyi se\u00e7en GERB partisi \u0131l\u0131ml\u0131 d\u00fc\u015fmanl\u0131k siyasetini art\u0131k sert d\u00fc\u015fmanl\u0131k vitesine takt\u0131.\u00a0 Kaza yak\u0131nd\u0131r. \u00dclkemizde 73 y\u0131ldan beri olmayan bir \u015fey oldu. \u00dc\u00e7 fa\u015fist siyasi partiye birden bakan koltu\u011fu verildi. Ne yaz\u0131k ki, Avrupa Birli\u011fi y\u00f6netim organlar\u0131n\u0131n yeni Bulgar h\u00fck\u00fcmetini kabul etmemesi bo\u015fa beklendi. Biz, de\u011fi\u015fim s\u00fcrecine giren 21. asr\u0131n incilerini saymaya ba\u015flad\u0131k\u2026<\/p>\n<p>Devam edecek.<\/p><div id=\"bghab-3972241487\" class=\"bghab-icerik-icine-35-paragraf bghab-entity-placement\"><script async src=\"\/\/pagead2.googlesyndication.com\/pagead\/js\/adsbygoogle.js?client=ca-pub-6203283170189293\" crossorigin=\"anonymous\"><\/script><ins class=\"adsbygoogle\" style=\"display:block; text-align:center;\" data-ad-client=\"ca-pub-6203283170189293\" \ndata-ad-slot=\"7303146466\" \ndata-ad-layout=\"in-article\"\ndata-ad-format=\"fluid\" data-full-width-responsive=\"true\"><\/ins>\n<script> \n(adsbygoogle = window.adsbygoogle || []).push({}); \n<\/script>\n<\/div>\n<div id=\"bghab-2607468892\" class=\"bghab-yazi-altinda bghab-entity-placement\"><div class=\"bghab-adlabel\">Reklamlar<\/div><script async src=\"https:\/\/pagead2.googlesyndication.com\/pagead\/js\/adsbygoogle.js\"><\/script>\r\n<!-- bghaber-yaz\u0131-sonu -->\r\n<ins class=\"adsbygoogle\"\r\n     style=\"display:block\"\r\n     data-ad-client=\"ca-pub-6203283170189293\"\r\n     data-ad-slot=\"4222328180\"\r\n     data-ad-format=\"auto\"\r\n     data-full-width-responsive=\"true\"><\/ins>\r\n<script>\r\n     (adsbygoogle = window.adsbygoogle || []).push({});\r\n<\/script><\/div><br style=\"clear: both; display: block; float: none;\"\/>","protected":false},"excerpt":{"rendered":"<p>BGSAM Tarih: 28May\u0131s 2017 Konu:\u00a0 Bizdeki a\u015f\u0131r\u0131 milliyet\u00e7iler Nazi fa\u015fistlerini arkada b\u0131rak\u0131yor.\u00a0 Bu y\u0131l kaybetti\u011fimiz Yahudi as\u0131ll\u0131 b\u00fcy\u00fck Rus yazar \u0130liya Erenburg \u201cF\u0131rt\u0131na\u201d adl\u0131 roman\u0131nda<\/p>\n","protected":false},"author":13,"featured_media":6093,"comment_status":"closed","ping_status":"closed","sticky":false,"template":"","format":"standard","meta":{"advanced_seo_description":"","jetpack_seo_html_title":"","jetpack_seo_noindex":false,"_jetpack_memberships_contains_paid_content":false,"footnotes":""},"categories":[6],"tags":[],"class_list":["post-23245","post","type-post","status-publish","format-standard","has-post-thumbnail","hentry","category-yorum"],"jetpack_featured_media_url":"https:\/\/i0.wp.com\/www.bghaber.org\/bghaber\/wp-content\/uploads\/2013\/09\/1-logo-yk.jpg?fit=552%2C531&ssl=1","jetpack_sharing_enabled":true,"jetpack_likes_enabled":true,"jetpack-related-posts":[],"jetpack_shortlink":"https:\/\/wp.me\/pc2PfJ-62V","_links":{"self":[{"href":"https:\/\/www.bghaber.org\/bghaber\/wp-json\/wp\/v2\/posts\/23245","targetHints":{"allow":["GET"]}}],"collection":[{"href":"https:\/\/www.bghaber.org\/bghaber\/wp-json\/wp\/v2\/posts"}],"about":[{"href":"https:\/\/www.bghaber.org\/bghaber\/wp-json\/wp\/v2\/types\/post"}],"author":[{"embeddable":true,"href":"https:\/\/www.bghaber.org\/bghaber\/wp-json\/wp\/v2\/users\/13"}],"replies":[{"embeddable":true,"href":"https:\/\/www.bghaber.org\/bghaber\/wp-json\/wp\/v2\/comments?post=23245"}],"version-history":[{"count":0,"href":"https:\/\/www.bghaber.org\/bghaber\/wp-json\/wp\/v2\/posts\/23245\/revisions"}],"wp:featuredmedia":[{"embeddable":true,"href":"https:\/\/www.bghaber.org\/bghaber\/wp-json\/wp\/v2\/media\/6093"}],"wp:attachment":[{"href":"https:\/\/www.bghaber.org\/bghaber\/wp-json\/wp\/v2\/media?parent=23245"}],"wp:term":[{"taxonomy":"category","embeddable":true,"href":"https:\/\/www.bghaber.org\/bghaber\/wp-json\/wp\/v2\/categories?post=23245"},{"taxonomy":"post_tag","embeddable":true,"href":"https:\/\/www.bghaber.org\/bghaber\/wp-json\/wp\/v2\/tags?post=23245"}],"curies":[{"name":"wp","href":"https:\/\/api.w.org\/{rel}","templated":true}]}}