{"id":23243,"date":"2017-05-28T00:31:44","date_gmt":"2017-05-27T21:31:44","guid":{"rendered":"http:\/\/www.bghaber.org\/bghaber\/?p=23243"},"modified":"2017-05-28T00:31:44","modified_gmt":"2017-05-27T21:31:44","slug":"kendimizi-tanimaliyiz","status":"publish","type":"post","link":"https:\/\/www.bghaber.org\/bghaber\/kendimizi-tanimaliyiz\/","title":{"rendered":"Kendimizi Tan\u0131mal\u0131y\u0131z"},"content":{"rendered":"<p>Rafet ULUT\u00dcRK<\/p>\n<p>Tarih: 27 May\u0131s 2017<\/p>\n<p>Konu: <strong>Kendisini tan\u0131mayan bir toplum d\u00fc\u015fmanlar\u0131yla ba\u015fa \u00e7\u0131kmas\u0131 m\u00fcmk\u00fcn de\u011fil.<\/strong><\/p>\n<p>Baz\u0131 halklar\u0131n Kitab\u0131, Bulgaristanl\u0131 T\u00fcrker\u2019in Pehlivanlar\u0131m\u0131z var. 139 y\u0131ldan beri Bulgaristan\u2019da bir T\u00fcrk az\u0131nl\u0131\u011f\u0131y\u0131z. \u015eimdilik \u00e7o\u011funluk olma \u015fans\u0131m\u0131z yok. Bir halk toplulu\u011fu olarak, 139 y\u0131ll\u0131k zaman kesimi i\u00e7inde, \u00e7ok \u00f6nemli de\u011fi\u015fiklikler kaydettik. Bunlar\u0131n ileri mi geri mi oldu\u011funu s\u00f6ylemek olduk\u00e7a zor, \u00e7\u00fcnk\u00fc Bat\u0131 ile Do\u011fu, M\u00fcsl\u00fcmanl\u0131k ile Hristiyanl\u0131k aras\u0131nda s\u0131k\u0131\u015fm\u0131\u015f kalm\u0131\u015f\u0131z. De\u011fi\u015f-imlerimizi etkileyen temel fakt\u00f6r\u00a0 <strong>\u201c93 Harbi\u201d<\/strong> (1877\u201378 Plevne Sava\u015f\u0131) oldu. Bunun i\u00e7 mi d\u0131\u015f m\u0131 fakt\u00f6r oldu\u011funu s\u00f6ylemek m\u00fcmk\u00fcn de\u011fil, \u00e7\u00fcnk\u00fc olaylar topraklar\u0131m\u0131zda ve bizi hedef alarak geli\u015fti, etkileri de halen devam ediyor. Bulgar devleti s\u0131n\u0131rlar\u0131nda kalmam\u0131z ve Bulgar Hristiyan ulusal toplumu i\u00e7inde ya\u015famam\u0131z, bir\u00e7ok y\u00f6n\u00fcm\u00fcz i\u00e7in belirleyici oldu.<\/p>\n<p><strong>Bulgarlar Tuna\u2019y\u0131 7. y\u00fczy\u0131lda ge\u00e7ti ve bug\u00fcnk\u00fc Bulgaristan topraklar\u0131nda devlet kurdular.<\/strong><\/p><div id=\"bghab-2402867779\" class=\"bghab-icerik-icine bghab-entity-placement\"><script async src=\"\/\/pagead2.googlesyndication.com\/pagead\/js\/adsbygoogle.js?client=ca-pub-6203283170189293\" crossorigin=\"anonymous\"><\/script><ins class=\"adsbygoogle\" style=\"display:block; text-align:center;\" data-ad-client=\"ca-pub-6203283170189293\" \ndata-ad-slot=\"7303146466\" \ndata-ad-layout=\"in-article\"\ndata-ad-format=\"fluid\" data-full-width-responsive=\"true\"><\/ins>\n<script> \n(adsbygoogle = window.adsbygoogle || []).push({}); \n<\/script>\n<\/div>\n<p>O zamanlar bu topraklarda hakim olan Bizans\u2019la bar\u0131\u015fa gidip 864\u2019te Hristiyanl\u0131\u011f\u0131 devlet dini olarak kabul ettiler. Birinci Boris (852 \u2013 889) Bizans\u2019tan dinle birlikte Kiril ve Metodiy karde\u015flerin geli\u015ftirdi\u011fi Kiril Alfabesini de (893) resmi yaz\u0131lar\u0131 olarak ald\u0131lar ve halk\u0131na mal etti.<\/p>\n<p>Bu iki edinim, Bulgar halk\u0131 i\u00e7in oldu\u011fu kadar, bug\u00fcn Bulgar devlet s\u0131n\u0131rlar\u0131 i\u00e7inde ya\u015fayan az\u0131nl\u0131k topluluklar\u0131 i\u00e7in de \u00e7ok b\u00fcy\u00fck \u00f6nemi ta\u015f\u0131r. Bulgarlar Tuna \u00fczerinden gelirken tek tanr\u0131l\u0131 bir toplumdu. G\u00f6n\u00fcllerinde Tengi (Tangra) Tanr\u0131s\u0131 vard\u0131. Tek tanr\u0131ya inand\u0131klar\u0131ndan dolay\u0131 biz uygar\u0131z onuruyla gururlan\u0131rken \u00c7ar Birinci Boris\u2019\u0131n din de\u011fi\u015ftirmesi kanl\u0131 b\u0131\u00e7akl\u0131 oldu.<\/p>\n<p><strong>Kiril alfabe ve yaz\u0131s\u0131yla gelen \u00f6zellikse \u015fudur:<\/strong><\/p>\n<p>O zaman, kitap yazma, okuma ve ibadet etmeye yaln\u0131z 3 dilde\u2013\u0130frit, Yunanca ve Latince\u2013 izin vard\u0131. Yeni bir alfabeye, yazma ve dua diline hayat hakk\u0131 kazand\u0131rmak zordan zor bir i\u015fti. G\u00fcn\u00fcm\u00fczde 300 milyon insan\u0131n kulland\u0131\u011f\u0131, \u00fcstelik Avrupa Birli\u011findeki dil ve yaz\u0131mlardan biri olarak kabul edilen Kiril Alfabesi ve Bulgar dili, d\u00fcnya k\u00fclt\u00fcr\u00fcn\u00fcn \u00f6nemli kalelerinden biri olan \u0130slav k\u00fclt\u00fcr\u00fcn\u00fcn temellerinde yer al\u0131r. Hazar k\u0131y\u0131s\u0131nda, Volga boylar\u0131nda ve Bulgaristan&#8217;a gelmezden \u00f6nce kurduklar\u0131 devletlerde tek Tanr\u0131l\u0131 medeniyete t\u0131rmanabilen Bulgar kavmi, Hristiyanl\u0131\u011f\u0131 ve Kiril yaz\u0131s\u0131n\u0131n k\u00fclt\u00fcr\u00fcn\u00fc benimseyerek Bat\u0131 uygarl\u0131\u011f\u0131 kap\u0131s\u0131n\u0131 aralam\u0131\u015f ve kendini k\u00fclt\u00fcrel geli\u015fiminde \u201c<strong>bir alt\u0131n \u00e7a\u011f ya\u015fad\u0131\u011f\u0131na<\/strong>\u201d inand\u0131rm\u0131\u015ft\u0131r. Ku\u015fkusuz tarihte, din ve k\u00fclt\u00fcr de\u011fi\u015ftirirken yok olan soylar, boylar ve milletler de vard\u0131r. Bir de, zaman i\u00e7inde s\u00fcrekli de\u011fi\u015fiklik g\u00f6ren devlet s\u0131n\u0131rlar\u0131ndan farkl\u0131 olarak, geri \u00e7evrilip yeniden ayarlanamayan zaman ve i\u00e7inde gizledi\u011fi s\u00f6nmeyen \u00e7eli\u015fkiler, g\u00fcncel, sosyal ve siyasi hayatta yeni yeni patlamalara neden olagelmi\u015ftir.<\/p>\n<p>\u00d6rneklememiz gerekirse, Bulgar uygarl\u0131k bayram\u0131 olarak kutlanan 24 May\u0131s Kiril ve Metodiy an\u0131p sayma g\u00fcn\u00fc bu sene ciddi \u00e7eli\u015fki uyand\u0131rd\u0131. Ruslar taraf\u0131ndan da kullan\u0131lan Kiril Alfabesi i\u00e7in, Rusya Devlet Ba\u015fkan\u0131 Vladimir Putin\u2019in Moskova\u2019da konu\u011fu olan Makedonya Cumhurba\u015fkan\u0131 George \u0130vanov\u2019va \u201c<strong>Makedon topra\u011f\u0131ndan<\/strong>\u201d gelen \u201c<strong>bu s\u00f6nmez \u0131\u015f\u0131k<\/strong>\u201d ifadesini kullanmas\u0131 diplomatik skandal oldu. \u0130slav d\u00fcnyas\u0131nda \u201c<strong>alfabe, k\u00fclt\u00fcr ve Ortodokslu\u011fu<\/strong>\u201d kapsayan t\u00fcm k\u00fclt\u00fcrel edinimlerin kendilerinden kaynakland\u0131\u011f\u0131n\u0131 savunan Bulgarlar, Putin\u2019e \u201c<strong>ters bakt\u0131<\/strong>.\u201d<\/p><div id=\"bghab-1242734040\" class=\"bghab-icerik-icine-10-paragraf bghab-entity-placement\"><script async src=\"\/\/pagead2.googlesyndication.com\/pagead\/js\/adsbygoogle.js?client=ca-pub-6203283170189293\" crossorigin=\"anonymous\"><\/script><ins class=\"adsbygoogle\" style=\"display:block; text-align:center;\" data-ad-client=\"ca-pub-6203283170189293\" \ndata-ad-slot=\"7303146466\" \ndata-ad-layout=\"in-article\"\ndata-ad-format=\"fluid\" data-full-width-responsive=\"true\"><\/ins>\n<script> \n(adsbygoogle = window.adsbygoogle || []).push({}); \n<\/script>\n<\/div>\n<p>Yaz\u0131m\u0131z\u0131n ba\u015f\u0131nda \u201c<strong>Kendimizi Tan\u0131mal\u0131y\u0131z<\/strong>\u201d aras\u0131nda ya\u015fad\u0131\u011f\u0131m\u0131z insanlar\u0131 da iyi tan\u0131mal\u0131y\u0131z, demek istedim. \u015eimdi burada Bulgarlar hakk\u0131nda \u00e7ok kibirli ve ola\u011fan\u00fcst\u00fc k\u0131skan\u00e7 bir millettir demeden \u00f6nce, bu konuda b\u00fcy\u00fck Napolyon\u2019un bir fikrine yer vermek istiyorum.<\/p>\n<p>Napolyon bir g\u00fcn \u201c<strong>bana bir \u00fclkenin co\u011frafyas\u0131n\u0131 anlat\u0131n, ben de size orada ya\u015fayan halk\u0131n tarihini anlatay\u0131m demi\u015f<\/strong>.\u201d Bulgaristan co\u011frafyas\u0131n\u0131 anlatmak \u00e7ok zordur. \u00c7\u00fcnk\u00fc \u00f6yk\u00fc hep \u00fc\u00e7 denize \u00e7\u0131kan bir devletle ba\u015flar ama bu \u00fc\u00e7 denizin hangileri oldu\u011funu bilen pek yoktur. \u201c<strong>Alt\u0131n \u00c7a\u011f<\/strong>\u201ddan s\u00f6z edilir, fakat hi\u00e7bir Bulgar \u00e7ar\u0131 \u015fimdiye kadar alt\u0131n para kesmemi\u015ftir. T\u00fcrklere kar\u015f\u0131 konu\u015furken k\u00f6p\u00fcr\u00fcrler, fakat milli giysileri aba potur, ayakkab\u0131lar\u0131 \u00e7ar\u0131kt\u0131r. Ho\u015fg\u00f6r\u00fcl\u00fc olduklar\u0131ndan dem vururlar, ama kendilerinden ba\u015fka kimsenin iyi olmas\u0131n\u0131 istemezler. \u201c<strong>Uygar\u0131z<\/strong>\u201d demeyi severler, ne var ki kulland\u0131klar\u0131 \u201c<strong>sabuna<\/strong>\u201d kendi dillerinde bir ad bulamam\u0131\u015flard\u0131r.<\/p>\n<p>Bulgarlar\u0131n aras\u0131nda, onlar\u0131n devletinde, toplumlar\u0131 i\u00e7inde az\u0131nl\u0131k olarak kal\u0131p da, T\u00fcrk M\u00fcsl\u00fcman kimli\u011fimizi koruma kavgam\u0131z\u0131 anla\u015f\u0131l\u0131r bi\u00e7imde a\u00e7abilmek amac\u0131yla bize y\u00f6nelik iki ate\u015f aras\u0131na yukar\u0131da i\u015faret etmeye \u00e7al\u0131\u015ft\u0131k. Fakat bu ate\u015f noktalar\u0131 ta 19. y\u00fczy\u0131l ortalar\u0131na kadar s\u00fcz\u00fclmu\u015ftur. Bulgaristan topraklar\u0131 1396\u2019da Osmanl\u0131 \u0130mparatorlu\u011funa kat\u0131ld\u0131ktan sonra as\u0131rlarca huzur i\u00e7inde ya\u015fam\u0131\u015f, inki\u015faf etmi\u015f, hatta reformcu Rus\u00e7uk Valisi Mithat Pa\u015fa y\u0131llar\u0131nda d\u00fcnyan\u0131n en b\u00fcy\u00fck imparatorlu\u011funun en geli\u015fmi\u015f durumuna y\u00fckselmi\u015ftir.<\/p>\n<p><strong>M\u00fcsl\u00fcman evlad\u0131 M\u00fcsl\u00fcman\u2019d\u0131r. Dine sadakat sonsuzdur.<\/strong><\/p>\n<p>\u00c7ok etnikli toplumlarda kom\u015fu kap\u0131lar\u0131 medeniyet kap\u0131s\u0131d\u0131r gibi uzun d\u00f6nemler ya\u015fanm\u0131\u015ft\u0131r. Bug\u00fcn Bulgaristan\u2019da k\u0131r\u0131lm\u0131\u015f mezar ta\u015flar\u0131 g\u00f6rd\u00fck\u00e7e, Aral\u0131k ve May\u0131s g\u00fcnlerinde hak ve \u00f6zg\u00fcrl\u00fck davam\u0131z\u0131n \u015fehit kabirleri \u00f6n\u00fcnde konu\u015fmalar\u0131m\u0131z\u0131 Bulgarca yapmak zorunda kald\u0131\u011f\u0131m\u0131z i\u00e7in y\u00fcre\u011fim s\u0131zlarken, her defas\u0131nda \u0130stanbul&#8217;daki Bulgar mezarl\u0131\u011f\u0131n\u0131 hat\u0131rlam\u0131\u015f\u0131md\u0131r. Bulgar Ansiklopedisinde Osmanl\u0131 Ba\u015fkentinde Bulgar dilinde \u00e7\u0131kan \u201cTsarigratski Vestnik\u201d (Ba\u015fkent Gazetesi\u201d tan\u0131t\u0131l\u0131rken, \u201c<strong>Bulgar ulusal bilincinin geli\u015fmesine ve Bulgar ruhunun \u015fahlanmas\u0131na kanat a\u00e7m\u0131\u015ft\u0131r<\/strong>\u201d deniyor. Bug\u00fcn Bulgaristan\u2019da T\u00fcrk\u00e7e dilinde bir tek gazete ve dergi \u00e7\u0131karmam\u0131za, radyo ve TV yay\u0131n\u0131 a\u00e7mam\u0131za izin verilmemesi, Bulgarlar\u0131 insan y\u00fcz\u00fcne bakamayacak duruma getirece\u011fine, i\u00e7lerinde kaynayan T\u00fcrk d\u00fc\u015fmanl\u0131\u011f\u0131na gaz veriyor, co\u015fturup ta\u015f\u0131r\u0131yor.<\/p><div id=\"bghab-1804268199\" class=\"bghab-icerik-icine-15-paragraf bghab-entity-placement\"><script async src=\"\/\/pagead2.googlesyndication.com\/pagead\/js\/adsbygoogle.js?client=ca-pub-6203283170189293\" crossorigin=\"anonymous\"><\/script><ins class=\"adsbygoogle\" style=\"display:block; text-align:center;\" data-ad-client=\"ca-pub-6203283170189293\" \ndata-ad-slot=\"7303146466\" \ndata-ad-layout=\"in-article\"\ndata-ad-format=\"fluid\" data-full-width-responsive=\"true\"><\/ins>\n<script> \n(adsbygoogle = window.adsbygoogle || []).push({}); \n<\/script>\n<\/div>\n<p>Birinci Bulgar \u00c7arl\u0131\u011f\u0131nda Tengricilikten (Tangra) Hristiyanl\u0131\u011fa ge\u00e7meye zorlanan Bulgarlar\u0131n 1908\u2019de \u00dc\u00e7\u00fcnc\u00fc Bulgar devletini kurunca M\u00fcsl\u00fcman T\u00fcrk kimli\u011fini Bulgar-Hristiyan kimli\u011fine d\u00f6n\u00fc\u015ft\u00fcrme zulm\u00fc ba\u015flatmas\u0131 b\u00fct\u00fcn d\u00fcnyay\u0131 \u015fa\u015f\u0131rtm\u0131\u015ft\u0131r.<\/p>\n<p><strong>Bu amans\u0131z zalim zorlamay\u0131 biz bundan 28 y\u0131l \u00f6nce 1989 May\u0131s isyan\u0131m\u0131zla durdurabildik.<\/strong><\/p>\n<p>Fakat e\u011fer T\u00fcrk isimlerimiz bizim kimli\u011fimizin \u015fekli, dilimiz, yaz\u0131m\u0131z, halk sanat, edebiyat\u0131m\u0131z, k\u00fclt\u00fcr\u00fcm\u00fcz, gelenek ve ya\u015fam tarz\u0131m\u0131z \u00f6z\u00fcm\u00fcz ise, yaln\u0131zca birincisini geri alabildik. \u00d6z\u00fcm\u00fcz k\u0131rk kilitli \u00e7elik sand\u0131kta esirdir. Bulgar devletinin dil, alfabe, yaz\u0131n ve k\u00fclt\u00fcr dayatma sald\u0131rgan aras\u0131z zulm\u00fc bug\u00fcn de devam ediyor. Bulgar devleti 1978\u2019ten beri 1014\u2019te Bizans Kral\u0131 II. Valiliy ile Belasitsa sava\u015f\u0131nda yenilen, 15 bin askerinin g\u00f6zleri oyulan ve faciay\u0131 g\u00f6r\u00fcnce yerinde kalan Bulgar \u00c7ar\u0131 Samuil\u2019in \u00f6c\u00fcn\u00fc bizden al\u0131yor sanki. 1957\u2019de ba\u015flayan T\u00fcrklerin irfan ocaklar\u0131n\u0131, okullar\u0131n\u0131, k\u00fct\u00fcphanelerini, medreselerini, okuma evlerini ve anadillerinde bas\u0131n yay\u0131n\u0131 yasaklama siyaseti has\u0131r-alt\u0131ndan \u00e7\u0131kt\u0131 ve me\u015frula\u015ft\u0131, gagas\u0131nda sar\u0131 lira alsa bile T\u00fcrk\u00e7e u\u00e7ma kesin yasakland\u0131.<\/p>\n<p>Geli\u015fmeleri teker teker analiz eden, Bizans\u2019tan sonra halklar\u0131 Hristiyanla\u015fma ya zorlamay\u0131 Bulgar devleti \u00fcslenmi\u015f sanacak. her \u015feyleri tam tak\u0131r art\u0131k ana \u00f6devleri \u0130slam dinine s\u0131n\u0131r \u00e7izmeye koyuldular. Allah ile kul aras\u0131ndaki ili\u015fkide a\u015f\u0131r\u0131l\u0131k (k\u00f6ktencilik) arama komisyonu kuran Bulgar dinsizlerinden en i\u011fren\u00e7leri olan ve kendilerini \u201cyurtsever\u201d olarak tan\u0131tanlar, Sofya meclisinden ge\u00e7irdikleri son yasada, \u201cA\u015f\u0131r\u0131 M\u00fcsl\u00fcmanlar\u201d i\u00e7in \u00f6ng\u00f6r\u00fclen 5 bin leva cezay\u0131 hapis cezas\u0131 ile de\u011fi\u015ftirdiler. Ceza kanununda \u201c<strong>a\u015f\u0131r\u0131l\u0131k<\/strong>\u201d gerek\u00e7eli de\u011fi\u015fiklik yapanlara Bulgar partilerine Avrupa Konseyi \u201c<strong>fa\u015fist<\/strong>\u201d dedi.<\/p>\n<p>K\u00fcstahl\u0131klar\u0131n\u0131n ba\u015f\u0131 sonu olmayan bu fa\u015fistler \u201c<strong>\u0130slam\u2019da a\u015f\u0131r\u0131l\u0131k<\/strong>\u201d konusunda \u015f\u00f6yle bir tan\u0131m da getirdiler: \u201c<strong>\u0130slam devleti\u201d, \u201cHalifelik\u201d, laiklik yasalar\u0131 \u00f6n\u00fcnde \u015eeriata \u00fcst\u00fcnl\u00fck tan\u0131yan, \u201cKutsal Sava\u015f\u201d \u015feklinde zorbal\u0131k dayatan, \u0130slam dini i\u00e7in karakteristik olan davran\u0131\u015f ilke ve normlar\u0131na zorlayan bir ideolojiyi propagandas\u0131 etmek.<\/strong>\u201d Bulgaristan toplumunda \u0130slam\u2019\u0131n yap\u0131c\u0131l\u0131k, huzur ve ho\u015fg\u00f6r\u00fc kayna\u011f\u0131 oldu\u011fu bir d\u00f6nemde b\u00f6yle bir yasa \u00e7\u0131kar\u0131lmas\u0131 k\u0131\u015fk\u0131rt\u0131c\u0131l\u0131k ve k\u00fcstahl\u0131kt\u0131r. B\u00f6yle bir ortamda s\u00fcrekli ku\u015fkulanarak ya\u015farken modern d\u00fcnyaya s\u00fcrekli zenginle\u015fen bir bak\u0131\u015f a\u00e7\u0131s\u0131yla bakmam\u0131z ka\u00e7\u0131n\u0131lmaz olmu\u015ftur. \u00a0 \u00a0 \u00a0 \u00a0 \u00a0 \u00a0 \u00a0 \u00a0 \u00a0 \u00a0 \u00a0 \u00a0 \u00a0 \u00a0 \u00a0 \u00a0 \u00a0 \u00a0 \u00a0 \u00a0 \u00a0 \u00a0 Bulgarlar, anadillerinde kendi alfabesini kullanamayan, okullar\u0131, kitab\u0131 olmayan, tarihi unutturulan az\u0131nl\u0131k halk toplulu\u011funun \u00f6z belle\u011fini ve zek\u00e2s\u0131n\u0131 kaybedece\u011fini bildi\u011finden dolay\u0131 bu konularda asla \u00f6d\u00fcn vermiyorlar.<\/p><div id=\"bghab-49726679\" class=\"bghab-icerik-icine-20-paragraf bghab-entity-placement\"><script async src=\"\/\/pagead2.googlesyndication.com\/pagead\/js\/adsbygoogle.js?client=ca-pub-6203283170189293\" crossorigin=\"anonymous\"><\/script><ins class=\"adsbygoogle\" style=\"display:block; text-align:center;\" data-ad-client=\"ca-pub-6203283170189293\" \ndata-ad-slot=\"7303146466\" \ndata-ad-layout=\"in-article\"\ndata-ad-format=\"fluid\" data-full-width-responsive=\"true\"><\/ins>\n<script> \n(adsbygoogle = window.adsbygoogle || []).push({}); \n<\/script>\n<\/div>\n<p>Nuh deseler Peygamber demiyorlar. G\u00fczel ve zengin anadilimizin son t\u0131n\u0131s\u0131n\u0131 da yasaklamak i\u00e7in akt\u00fcel sald\u0131r\u0131lar\u0131n\u0131 s\u00fcrekli yo\u011funla\u015ft\u0131r\u0131yorlar. Bu konuda halk\u0131m\u0131za ihanet eden Hak ve \u00d6zg\u00fcrl\u00fckler Partisi (DPS) ve Demokrasi i\u00e7in Sorumluluk Ho\u015fg\u00f6r\u00fc ve \u00d6zg\u00fcrl\u00fck Partisi (DOST) ellerindeki ola\u011fan\u00fcst\u00fc g\u00fc\u00e7l\u00fc kaynaklara ra\u011fmen, p\u0131s\u0131r\u0131k davranmaya devam ederken mazlumlar\u0131m\u0131z taraf\u0131ndan k\u0131nan\u0131yor ve lanetleniyor.<\/p>\n<p>Kafam\u0131za \u00e7uval gibi ge\u00e7irilen \u201c<strong>Bulgar Etnik Modeli<\/strong>\u201d ni \u00e7\u0131kar\u0131p atsak da yeni ufkumuza a\u00e7\u0131lamad\u0131k. Gettola\u015ft\u0131r\u0131lmaya \u00e7al\u0131\u015f\u0131lan insanlar\u0131m\u0131z bu modeli vaktiyle \u00c7ar Samuil askerlerinin k\u00f6rle\u015ftirilmesine benzetti. Ufkumuzun tamamen k\u00f6reltilmesi denendi. O kadar s\u0131k\u0131\u015ft\u0131r\u0131ld\u0131k ki, \u015fimdi art\u0131k evde \u00e7ocuklar\u0131m\u0131zla T\u00fcrk\u00e7e konu\u015fmam\u0131z yasakland\u0131. Yeni ku\u015fak anneler aras\u0131nda ninni, \u015fark\u0131, t\u00fcrk\u00fc, masal bilenler bir elimizin parmaklar\u0131 kadar azald\u0131. T\u00fcrkl\u00fc\u011f\u00fcm\u00fcz\u00fc ancak TRT\u2019den \u015farj edebiliyoruz\u2026<\/p>\n<p><strong>Halk\u0131m\u0131z teslim olmay\u0131 kader olarak kabul etmek istemiyor.<\/strong><\/p>\n<p>Dikkat \u00e7ekmek istedi\u011fim \u015fu nokta ilgin\u00e7tir. \u00a0T\u00fcrk kavmi \u0130slam dinini kaybetse bile T\u00fcrk devleti, T\u00fcrkiye Cumhuriyeti ayakta kal\u0131r. \u00c7\u00fcnk\u00fc \u0130slam\u2019dan \u00f6nce de devletimiz ve kurdu\u011fumuz devlet d\u00fczenimiz vard\u0131. K\u00fc\u00e7\u00fck Asya\u2019ya devlet uygarl\u0131\u011f\u0131m\u0131zla geldik, ya\u015fad\u0131\u011f\u0131m\u0131z topraklar\u0131m\u0131zda bizden \u00f6nce var olan 33 uygarl\u0131ktan medet ummadan ayakta kald\u0131k.<\/p>\n<p>16. devletimizi kurduk ard\u0131ndan 17.T\u00fcrkiye Cumhuriyetini de biz T\u00fcrkler kurudk. 16 Nisan halk oylamas\u0131yla devlet y\u00f6netim, yasama ve yarg\u0131 sistemimizi daha y\u00fcksek bir boyuta ta\u015f\u0131d\u0131k. Ne var ki, anlatt\u0131\u011f\u0131m form\u00fcl \u00f6z devleti olmayan ve ya\u015fad\u0131klar\u0131 devlet taraf\u0131ndan \u00f6tekile\u015ftirilen bir az\u0131nl\u0131k olarak biz, 28 y\u0131l \u00f6nce kimlik haklar\u0131m\u0131z u\u011fruna isyan etmi\u015f olsak dahi, ancak isimlerinden ve bir yere kadar din haklar\u0131ndan ba\u015fka bir \u015fey elde edemeyen azalma e\u011filimli bir kitle i\u00e7in ge\u00e7erli olamaz.<\/p><div id=\"bghab-2181451057\" class=\"bghab-icerik-icine-25-paragraf bghab-entity-placement\"><script async src=\"\/\/pagead2.googlesyndication.com\/pagead\/js\/adsbygoogle.js?client=ca-pub-6203283170189293\" crossorigin=\"anonymous\"><\/script><ins class=\"adsbygoogle\" style=\"display:block; text-align:center;\" data-ad-client=\"ca-pub-6203283170189293\" \ndata-ad-slot=\"7303146466\" \ndata-ad-layout=\"in-article\"\ndata-ad-format=\"fluid\" data-full-width-responsive=\"true\"><\/ins>\n<script> \n(adsbygoogle = window.adsbygoogle || []).push({}); \n<\/script>\n<\/div>\n<p><strong>\u00c7ok kan kaybetmi\u015f olan bir etnik topluluk olarak, son y\u0131llarda n\u00fcfusumuzun \u00fc\u00e7te ikisinin yurt d\u0131\u015f\u0131nda ve yaln\u0131zca \u00fc\u00e7te birinin ata oca\u011f\u0131nda kald\u0131\u011f\u0131n\u0131 belirtmek zorunday\u0131m.<\/strong><\/p>\n<p>1878\u2019de T\u00fcrkler n\u00fcfusun % 52\u2019siydik. Elektronik istatistiklere inanmad\u0131\u011f\u0131mdan dolay\u0131 3\u20134 milyon olarak kabul etti\u011fim toplam Bulgar n\u00fcfusunda 1 Ocak 2017\u2019de 585 bin T\u00fcrk oldu\u011fumuza inan\u0131yorum. Bu bak\u0131ma \u015fiddeti azalmayan bask\u0131 alt\u0131nda, Avrupa Birli\u011fi \u00fcyeli\u011fi ko\u015fullar\u0131nda dahi, devletten \u00f6tekile\u015ftirilen bir etnik ve k\u00fclt\u00fcrel az\u0131nl\u0131\u011f\u0131n kendi ba\u015f\u0131na var olmas\u0131n\u0131n zorluklar\u0131na ili\u015fkin yukar\u0131da \u00f6ne att\u0131\u011f\u0131m tez son d\u00f6nemde bizim i\u00e7in ge\u00e7erlidir. Denize d\u00fc\u015fen y\u0131lana sar\u0131l\u0131r durumunday\u0131z.<\/p>\n<p><strong>Devletsiz topluluklar kovans\u0131z ve beysiz ar\u0131lar gibidir.<\/strong><\/p>\n<p>Son hesapta da\u011f\u0131l\u0131p yok olmay\u0131 kabul etmek zorundad\u0131r. T\u00fcrk kimli\u011fimizi ya\u015fatabilmemiz i\u00e7in yaln\u0131z T\u00fcrk isimlerimiz ve bask\u0131 alt\u0131nda uygulanan dinimiz yeterli say\u0131lamaz. Stat\u00fc de\u011fi\u015fikli\u011fi \u00e7an \u00e7al\u0131yor. T\u00fcrkl\u00fc\u011f\u00fcm\u00fcz\u00fc ne pahas\u0131na olursa olsun koruyup ya\u015fatmak zorunday\u0131z.<\/p>\n<p>Olay\u0131n can al\u0131c\u0131l\u0131\u011f\u0131n\u0131 \u00f6rnekliyorum: G\u00fcnlerden Cuma. 26 May\u0131s 2017. Sofya \u201c<strong>Banya Ba\u015f\u0131 Cami<\/strong>\u201dnde Cuma k\u0131l\u0131n\u0131rken kap\u0131c\u0131n\u0131n ba\u015f\u0131na dikilen bir \u00fcniformal\u0131 polis, \u201c<strong>cemaat ba\u015fkan\u0131na haber et, saat 14\u2019te namaz\u0131 bitirsin<\/strong>,\u201d emrini verdi. Daha \u00f6nce ayn\u0131 polis gelmi\u015f minare hoparl\u00f6rlerin kapat\u0131lmas\u0131n\u0131 istemi\u015fti. Ku\u015fkusuz bunlar \u00dc\u00e7\u00fcnc\u00fc Bulgar Devleti\u2019nin (1908) kuruldu\u011fu tarihte ba\u015flayan ve sonu olmayan bask\u0131lar zincirinden yeni bir zul\u00fcm bi\u00e7imidir. \u00a0Biz, bug\u00fcn burada ya\u015fayanlar, k\u00f6p\u00fcrd\u00fck\u00e7e k\u00f6p\u00fcren bu zulm\u00fcn dayanak temellerini <strong>\u201cyapma iyilik bulursun k\u00f6t\u00fcl\u00fck\u201d<\/strong> atas\u00f6z\u00fcm\u00fczde g\u00f6r\u00fcyoruz. As\u0131rlarca kitap ve kilise dili olamayan Bulgarca ve Kiril Alfabesinin 1836 Ferman\u0131yla Osmanl\u0131 devlerinde canlanma, hayat hakk\u0131 ve me\u015frula\u015fma yolu bulmas\u0131n\u0131 lanetlemiyor-um, fakat hat\u0131rlamak da istemiyorum.<\/p><div id=\"bghab-530894199\" class=\"bghab-icerik-icine-30-paragraf bghab-entity-placement\"><script async src=\"\/\/pagead2.googlesyndication.com\/pagead\/js\/adsbygoogle.js?client=ca-pub-6203283170189293\" crossorigin=\"anonymous\"><\/script><ins class=\"adsbygoogle\" style=\"display:block; text-align:center;\" data-ad-client=\"ca-pub-6203283170189293\" \ndata-ad-slot=\"7303146466\" \ndata-ad-layout=\"in-article\"\ndata-ad-format=\"fluid\" data-full-width-responsive=\"true\"><\/ins>\n<script> \n(adsbygoogle = window.adsbygoogle || []).push({}); \n<\/script>\n<\/div>\n<p><strong>1872\u2019de, Bulgarlar\u0131n ya\u015fad\u0131\u011f\u0131 her yerde kilisede ayin ve e\u011fitim dili olarak Bulgarca ge\u00e7erlidir fermanla duyurulmu\u015ftur.<\/strong><\/p>\n<p>Birinci Boris ayin dili olarak halk\u0131n anlamad\u0131\u011f\u0131 Rumcay\u0131 kabul etmi\u015fti. Osmanl\u0131 Padi\u015fah\u0131 \u201c<strong>Bulgarca dua etsinler okuyup yazs\u0131nlar<\/strong>,\u201d dedi\u011finde Bulgarlara tarihinin en b\u00fcy\u00fck hayr\u0131n\u0131 yapm\u0131\u015f, uyanma ve ulus olma, ayn\u0131 dil ve k\u00fclt\u00fcrde birbirleriyle kayna\u015fmalar\u0131na kap\u0131 a\u00e7m\u0131\u015ft\u0131. Onlar\u0131n, Osmanl\u0131 Saray\u0131ndan kopard\u0131klar\u0131 bir edinim ge\u00e7en y\u00fcz y\u0131l boyunca ve g\u00fcn\u00fcm\u00fczde T\u00fcrk \u0131rk\u0131na kar\u015f\u0131 kazan\u0131lm\u0131\u015f en b\u00fcy\u00fck zafer olarak alg\u0131lanmakta ve kulelerde suni r\u00fczg\u00e2rla bayrak dalgaland\u0131r\u0131lmakt\u0131r. Bu konudaki hassasiyet her bak\u0131ma hat safhadad\u0131r. Topraklar\u0131nda ya\u015fayan az\u0131nl\u0131klara tek bir ilkokul a\u00e7ma hakk\u0131 tan\u0131mayan Bulgar devleti, d\u0131\u015f \u00fclkelerde 300 Bulgar okulu a\u00e7t\u0131. \u00dclke d\u0131\u015f\u0131nda bulunan Bulgar \u00e7ocuklar\u0131n\u0131n Kiril Alfabesinde ve Bulgar dilinde e\u011fitim g\u00f6rmesi i\u00e7in her y\u0131l 286 milyon leva harcamakta, \u00f6\u011fretmen, ara\u00e7 gerek g\u00f6ndermekte, okul binalar\u0131 ve okuma evleri \u00e7al\u0131\u015ft\u0131rmaktad\u0131r.<\/p>\n<p>Bu y\u0131lki 24 May\u0131s Kiril ve Metodiy kutlamalar\u0131nda Bulgarlar\u0131n kendilerini ba\u015fkalar\u0131ndan \u00fcst\u00fcn tutma huyu b\u00fct\u00fcn \u00e7\u0131plakl\u0131yla yeniden parlad\u0131. \u201c<strong>Biz, Ruslara alfabe, yazd\u0131k ve k\u00fclt\u00fcr verdik<\/strong>\u201d diye b\u00f6b\u00fcrlenen Bulgarlar\u0131n balonu patlatt\u0131. \u201c<strong>\u0130slav dili diye bir dil var m\u0131<\/strong>?\u201d, \u201c<strong>Tarihte Makedon devleti var m\u0131yd\u0131<\/strong>?\u201d gibi bir s\u00fcr\u00fc sorunu kamuoyu g\u00fcndemine ta\u015f\u0131nd\u0131.<\/p>\n<p>Bulgar devleti Kiril Alfabesini 880\u2019lerde kabul etmi\u015fken, o y\u0131llarda \u201cNaum\u201d manast\u0131r\u0131 papazlar\u0131 Kiril ve Metodiy 50\u201360 ya\u015flar\u0131nda oldu\u011funa g\u00f6re, yaratt\u0131klar\u0131 alfabeyi K\u0131r\u0131m\u2019dan Ohri\u2019ye yaymaya \u00e7al\u0131\u015ft\u0131klar\u0131n\u0131n bilindi\u011fi \u00fczere, bu ayd\u0131nlar nereden nereye Bulgar oluyorlar?<\/p>\n<p><strong>Kiril Alfabesi Bulgar \u00c7ar\u0131n\u0131n sipari\u015fi \u00fczerine ve yaln\u0131z Bulgarlar i\u00e7in icat edildi.<\/strong><\/p><div id=\"bghab-1061579760\" class=\"bghab-icerik-icine-35-paragraf bghab-entity-placement\"><script async src=\"\/\/pagead2.googlesyndication.com\/pagead\/js\/adsbygoogle.js?client=ca-pub-6203283170189293\" crossorigin=\"anonymous\"><\/script><ins class=\"adsbygoogle\" style=\"display:block; text-align:center;\" data-ad-client=\"ca-pub-6203283170189293\" \ndata-ad-slot=\"7303146466\" \ndata-ad-layout=\"in-article\"\ndata-ad-format=\"fluid\" data-full-width-responsive=\"true\"><\/ins>\n<script> \n(adsbygoogle = window.adsbygoogle || []).push({}); \n<\/script>\n<\/div>\n<p>1121 y\u0131ldan sonra bu soruyu sormam\u0131z yerinde de\u011fil mi? \u00d6yleyse, son d\u00f6nemde, \u00a0\u0130slav olduklar\u0131n\u0131 kabul etmeyen, bir \u0130slav ulusu ve bir \u0130slav dili oldu\u011funu kabul etmeyen Bulgarlar\u0131n \u0130slav k\u00fclt\u00fcr\u00fcne katk\u0131s\u0131 nedir? Burada kendisine te\u015fekk\u00fcr edilecek biri varsa o da Sultan II. Abd\u00fclhamid\u2019dir.<\/p>\n<p><strong>\u00c7\u00fcnk\u00fc Fener Ferman\u0131yla Bulgar kilisesini Rum kilisesinden ay\u0131r\u0131p Do\u011fu Ortodokslu\u011fu tan\u0131d\u0131.<\/strong><\/p>\n<p>Bulgar dilinin kilise dili olmas\u0131na ve Bulgarlar\u0131n ayd\u0131nlanmas\u0131na \u00e7ok geni\u015f olanaklar tan\u0131d\u0131. Bulgar esnaf ve t\u00fcccar-k\u00fc\u00e7\u00fck burjuva tabakas\u0131 Osmanl\u0131 \u00fcretim ili\u015fkileri i\u00e7inde geli\u015fti. Bulgar ulusu Osmanl\u0131 ba\u011fr\u0131nda dal budak salarken kendi ba\u011f\u0131ms\u0131z devletine uzand\u0131.<\/p>\n<p>Biz, Bulgaristan T\u00fcrkleri, Osmanl\u0131\u2019n\u0131n Bulgarlara tan\u0131d\u0131\u011f\u0131 ayr\u0131cal\u0131klardan kabar\u0131p bi\u00e7imlendi. \u00c7ok bask\u0131n ortam yaratt\u0131lar. Orada kalan T\u00fcrkler var olabilme kavgas\u0131 verirken, Bulgar devleti onlar\u0131n hak ve \u00f6zg\u00fcrl\u00fcklerini tan\u0131mamakta direndi, kimliklerini yok etmeye sald\u0131rd\u0131.<\/p>\n<p>Bu ortada \u00a0bizden ancak Pehlivan ve Halterci yeti\u015fti.<\/p><div id=\"bghab-3218228258\" class=\"bghab-icerik-icine-40-paragraf bghab-entity-placement\"><script async src=\"\/\/pagead2.googlesyndication.com\/pagead\/js\/adsbygoogle.js?client=ca-pub-6203283170189293\" crossorigin=\"anonymous\"><\/script><ins class=\"adsbygoogle\" style=\"display:block; text-align:center;\" data-ad-client=\"ca-pub-6203283170189293\" \ndata-ad-slot=\"7303146466\" \ndata-ad-layout=\"in-article\"\ndata-ad-format=\"fluid\" data-full-width-responsive=\"true\"><\/ins>\n<script> \n(adsbygoogle = window.adsbygoogle || []).push({}); \n<\/script>\n<\/div>\n<p>Devam edecek.<\/p>\n<p>&nbsp;<\/p>\n<div id=\"bghab-1903788225\" class=\"bghab-yazi-altinda bghab-entity-placement\"><div class=\"bghab-adlabel\">Reklamlar<\/div><script async src=\"https:\/\/pagead2.googlesyndication.com\/pagead\/js\/adsbygoogle.js\"><\/script>\r\n<!-- bghaber-yaz\u0131-sonu -->\r\n<ins class=\"adsbygoogle\"\r\n     style=\"display:block\"\r\n     data-ad-client=\"ca-pub-6203283170189293\"\r\n     data-ad-slot=\"4222328180\"\r\n     data-ad-format=\"auto\"\r\n     data-full-width-responsive=\"true\"><\/ins>\r\n<script>\r\n     (adsbygoogle = window.adsbygoogle || []).push({});\r\n<\/script><\/div><br style=\"clear: both; display: block; float: none;\"\/>","protected":false},"excerpt":{"rendered":"<p>Rafet ULUT\u00dcRK Tarih: 27 May\u0131s 2017 Konu: Kendisini tan\u0131mayan bir toplum d\u00fc\u015fmanlar\u0131yla ba\u015fa \u00e7\u0131kmas\u0131 m\u00fcmk\u00fcn de\u011fil. Baz\u0131 halklar\u0131n Kitab\u0131, Bulgaristanl\u0131 T\u00fcrker\u2019in Pehlivanlar\u0131m\u0131z var. 139 y\u0131ldan<\/p>\n","protected":false},"author":13,"featured_media":15193,"comment_status":"closed","ping_status":"closed","sticky":false,"template":"","format":"standard","meta":{"advanced_seo_description":"","jetpack_seo_html_title":"","jetpack_seo_noindex":false,"_jetpack_memberships_contains_paid_content":false,"footnotes":""},"categories":[6],"tags":[],"class_list":["post-23243","post","type-post","status-publish","format-standard","has-post-thumbnail","hentry","category-yorum"],"jetpack_featured_media_url":"https:\/\/i0.wp.com\/www.bghaber.org\/bghaber\/wp-content\/uploads\/2015\/06\/Rafet0010.jpg?fit=777%2C813&ssl=1","jetpack_sharing_enabled":true,"jetpack_likes_enabled":true,"jetpack-related-posts":[],"jetpack_shortlink":"https:\/\/wp.me\/pc2PfJ-62T","_links":{"self":[{"href":"https:\/\/www.bghaber.org\/bghaber\/wp-json\/wp\/v2\/posts\/23243","targetHints":{"allow":["GET"]}}],"collection":[{"href":"https:\/\/www.bghaber.org\/bghaber\/wp-json\/wp\/v2\/posts"}],"about":[{"href":"https:\/\/www.bghaber.org\/bghaber\/wp-json\/wp\/v2\/types\/post"}],"author":[{"embeddable":true,"href":"https:\/\/www.bghaber.org\/bghaber\/wp-json\/wp\/v2\/users\/13"}],"replies":[{"embeddable":true,"href":"https:\/\/www.bghaber.org\/bghaber\/wp-json\/wp\/v2\/comments?post=23243"}],"version-history":[{"count":0,"href":"https:\/\/www.bghaber.org\/bghaber\/wp-json\/wp\/v2\/posts\/23243\/revisions"}],"wp:featuredmedia":[{"embeddable":true,"href":"https:\/\/www.bghaber.org\/bghaber\/wp-json\/wp\/v2\/media\/15193"}],"wp:attachment":[{"href":"https:\/\/www.bghaber.org\/bghaber\/wp-json\/wp\/v2\/media?parent=23243"}],"wp:term":[{"taxonomy":"category","embeddable":true,"href":"https:\/\/www.bghaber.org\/bghaber\/wp-json\/wp\/v2\/categories?post=23243"},{"taxonomy":"post_tag","embeddable":true,"href":"https:\/\/www.bghaber.org\/bghaber\/wp-json\/wp\/v2\/tags?post=23243"}],"curies":[{"name":"wp","href":"https:\/\/api.w.org\/{rel}","templated":true}]}}