{"id":23239,"date":"2017-05-27T15:33:15","date_gmt":"2017-05-27T12:33:15","guid":{"rendered":"http:\/\/www.bghaber.org\/bghaber\/?p=23239"},"modified":"2017-05-27T15:33:15","modified_gmt":"2017-05-27T12:33:15","slug":"28-yilinda-bulgaristan-turklerinin-cektigi-acilar","status":"publish","type":"post","link":"https:\/\/www.bghaber.org\/bghaber\/28-yilinda-bulgaristan-turklerinin-cektigi-acilar\/","title":{"rendered":"28.Y\u0131l\u0131nda Bulgaristan T\u00fcrklerinin \u00e7ekti\u011fi ac\u0131lar.."},"content":{"rendered":"<p><img data-recalc-dims=\"1\" loading=\"lazy\" decoding=\"async\" class=\"alignleft\" src=\"https:\/\/i0.wp.com\/imgz.star.com.tr\/star_yerelhaber\/data\/resim\/b\/20161114_2_20127534_16012665_High.jpg?resize=392%2C261\" alt=\"\u0130nsan Haklar\u0131n\u0131 \u0130nceleme Komisyonu Ba\u015fkan\u0131 Mustafa Yenero\u011flu ile ilgili g\u00f6rsel sonucu\" width=\"392\" height=\"261\" \/>TBMM \u0130nsan Haklar\u0131n<strong>\u0131 \u0130nceleme Komisyonu Ba\u015fkan\u0131 Mustafa Yenero\u011flu, &#8220;Maalesef ki aradan 28 y\u0131l ge\u00e7mesine ra\u011fmen, Bulgaristan T\u00fcrklerinin \u00e7ekti\u011fi ac\u0131lar hala tazedir. T\u00fcrkiye bu yaralar\u0131 sarmak i\u00e7in elinden geleni yapm\u0131\u015ft\u0131<\/strong>r. \u015eimdi ise bizlere d\u00fc\u015fen g\u00f6rev, bu ac\u0131 olaylar\u0131 haf\u0131zalara kaz\u0131mak ve gelecek nesillere \u00f6\u011fretmektir.&#8221; ifadesini kulland\u0131.<\/p>\n<p>Yenero\u011flu, yapt\u0131\u011f\u0131 yaz\u0131l\u0131 a\u00e7\u0131klamada, Bulgaristan T\u00fcrklerinin bundan tam 28 y\u0131l \u00f6nce k\u00f6klerinden ve ait olduklar\u0131 topraklardan kopar\u0131ld\u0131\u011f\u0131n\u0131 belirterek, \u00fclkedeki T\u00fcrk-M\u00fcsl\u00fcman n\u00fcfusunun g\u00fc\u00e7lenmesinden endi\u015fe duyan d\u00f6nemin fa\u015fist y\u00f6netiminin, etnik az\u0131nl\u0131klar\u0131 eritmek i\u00e7in insan haklar\u0131n\u0131 hi\u00e7e sayan asimilasyon politikalar\u0131na ba\u015fvurdu\u011funu aktard\u0131.<\/p>\n<p>O zorlu s\u00fcre\u00e7te, T\u00fcrk\u00e7e konu\u015fman\u0131n ve e\u011fitimin yasakland\u0131\u011f\u0131n\u0131, M\u00fcsl\u00fcman-T\u00fcrk isimlerinin de\u011fi\u015ftirildi\u011fini anlatan Yenero\u011flu, \u0130slam geleneklerine g\u00f6re yap\u0131lan cenaze ve defin i\u015flemlerinin \u00f6n\u00fcn\u00fcn kapat\u0131ld\u0131\u011f\u0131n\u0131, k\u0131yafetlere yasak getirildi\u011fini ve s\u00fcnnetin yasakland\u0131\u011f\u0131n\u0131 an\u0131msatt\u0131.<\/p>\n<p>&#8220;Soyda\u015flar\u0131m\u0131z anadilin kaybedilmesi, camilere y\u00f6nelik sald\u0131r\u0131lar gibi sorunlarla kar\u015f\u0131 kar\u015f\u0131yad\u0131r&#8221;<\/p>\n<p>Bug\u00fcn resmi kay\u0131tlara g\u00f6re Bulgaristan&#8217;da 585 binden fazla T\u00fcrk\u00fcn ya\u015fad\u0131\u011f\u0131na dikkati \u00e7eken Yenero\u011flu, \u015f\u00f6yle devam etti:<\/p><div id=\"bghab-835074292\" class=\"bghab-icerik-icine bghab-entity-placement\"><script async src=\"\/\/pagead2.googlesyndication.com\/pagead\/js\/adsbygoogle.js?client=ca-pub-6203283170189293\" crossorigin=\"anonymous\"><\/script><ins class=\"adsbygoogle\" style=\"display:block; text-align:center;\" data-ad-client=\"ca-pub-6203283170189293\" \ndata-ad-slot=\"7303146466\" \ndata-ad-layout=\"in-article\"\ndata-ad-format=\"fluid\" data-full-width-responsive=\"true\"><\/ins>\n<script> \n(adsbygoogle = window.adsbygoogle || []).push({}); \n<\/script>\n<\/div>\n<p>&#8220;Kay\u0131t alt\u0131na al\u0131nmayanlar da bu gruba dahil edildi\u011finde, say\u0131n\u0131n bir milyonu a\u015ft\u0131\u011f\u0131 d\u00fc\u015f\u00fcn\u00fclmektedir. Soyda\u015flar\u0131m\u0131z anadilin kaybedilmesi, camilere y\u00f6nelik sald\u0131r\u0131lar ve ayr\u0131mc\u0131l\u0131k gibi sorunlarla kar\u015f\u0131 kar\u015f\u0131yad\u0131r. Okullarda T\u00fcrk\u00e7e dersleri se\u00e7meli ders olarak verilmekte, ders saatleri kat\u0131l\u0131m\u0131 engelleyici ge\u00e7 vakitlere koyulmaktad\u0131r. Bu durum anadile olan ilgiyi azaltmaktad\u0131r. \u00d6te yandan devlet taraf\u0131ndan T\u00fcrk\u00e7e yay\u0131n imkan\u0131n\u0131n verilmemesi ve T\u00fcrk\u00e7e radyo kanal\u0131 kurulmas\u0131n\u0131n dolayl\u0131 olarak engellenmesi Bulgaristan&#8217;da asimilasyon politikas\u0131 kal\u0131nt\u0131lar\u0131n\u0131n hala devam etti\u011fini g\u00f6stermektedir. G\u00fcnl\u00fck hayatta camilere ve imamlara y\u00f6nelik sald\u0131r\u0131lar\u0131n s\u00fcrmesiyse kar\u015f\u0131la\u015f\u0131lan bir di\u011fer sorundur. \u00dclkede sahip olduklar\u0131 n\u00fcfus yo\u011funlu\u011funa g\u00f6re devlet dairelerinde yeterli d\u00fczeyde temsilin olmamas\u0131, d\u0131\u015flaman\u0131n bir ba\u015fka g\u00f6stergesidir.&#8221;<\/p>\n<p>A\u015f\u0131r\u0131 sa\u011f partilerin h\u00fck\u00fcmette yer almas\u0131n\u0131n da T\u00fcrk ve M\u00fcsl\u00fcmanlar i\u00e7in yeni sorunlar\u0131n habercisi oldu\u011funu belirten Yenero\u011flu, Bulgaristan&#8217;\u0131n, Avrupa&#8217;n\u0131n nor<strong>matif iddialar\u0131ndan \u00e7ok uzak oldu\u011funu vurgulad\u0131.<\/strong><\/p>\n<p><strong>Yenero\u011flu, &#8220;Maalesef ki arada<\/strong>n 28 y\u0131l ge\u00e7mesine ra\u011fmen, Bulgaristan T\u00fcrklerinin \u00e7ekti\u011fi ac\u0131lar hala tazedir. T\u00fcrkiye bu yaralar\u0131 sarmak i\u00e7in elinden geleni yapm\u0131\u015ft\u0131r. \u015eimdi ise bizlere d\u00fc\u015fen g\u00f6rev, bu ac\u0131 olaylar\u0131 haf\u0131zalara kaz\u0131mak ve gelecek nesillere \u00f6\u011fretmektir. Yak\u0131n ge\u00e7mi\u015fte Bulgaristan&#8217;da yarat\u0131lan bu toplumsal gerilimi ve \u00f6ncesinde ya\u015fananlar\u0131 bilmek asimilasyon politikalar\u0131n\u0131n sonu\u00e7lar\u0131n\u0131 g\u00f6rebilmemize yard\u0131mc\u0131 olacakt\u0131r.&#8221; a\u00e7\u0131klamas\u0131nda bulundu.<\/p>\n<div id=\"bghab-3505034554\" class=\"bghab-yazi-altinda bghab-entity-placement\"><div class=\"bghab-adlabel\">Reklamlar<\/div><script async src=\"https:\/\/pagead2.googlesyndication.com\/pagead\/js\/adsbygoogle.js\"><\/script>\r\n<!-- bghaber-yaz\u0131-sonu -->\r\n<ins class=\"adsbygoogle\"\r\n     style=\"display:block\"\r\n     data-ad-client=\"ca-pub-6203283170189293\"\r\n     data-ad-slot=\"4222328180\"\r\n     data-ad-format=\"auto\"\r\n     data-full-width-responsive=\"true\"><\/ins>\r\n<script>\r\n     (adsbygoogle = window.adsbygoogle || []).push({});\r\n<\/script><\/div><br style=\"clear: both; display: block; float: none;\"\/>","protected":false},"excerpt":{"rendered":"<p>TBMM \u0130nsan Haklar\u0131n\u0131 \u0130nceleme Komisyonu Ba\u015fkan\u0131 Mustafa Yenero\u011flu, &#8220;Maalesef ki aradan 28 y\u0131l ge\u00e7mesine ra\u011fmen, Bulgaristan T\u00fcrklerinin \u00e7ekti\u011fi ac\u0131lar hala tazedir. T\u00fcrkiye bu yaralar\u0131 sarmak<\/p>\n","protected":false},"author":13,"featured_media":23240,"comment_status":"closed","ping_status":"closed","sticky":false,"template":"","format":"standard","meta":{"advanced_seo_description":"","jetpack_seo_html_title":"","jetpack_seo_noindex":false,"_jetpack_memberships_contains_paid_content":false,"footnotes":""},"categories":[5],"tags":[],"class_list":["post-23239","post","type-post","status-publish","format-standard","has-post-thumbnail","hentry","category-yasam"],"jetpack_featured_media_url":"https:\/\/i0.wp.com\/www.bghaber.org\/bghaber\/wp-content\/uploads\/2017\/05\/tbmm-insan-haklarin.png?fit=640%2C360&ssl=1","jetpack_sharing_enabled":true,"jetpack_likes_enabled":true,"jetpack-related-posts":[],"jetpack_shortlink":"https:\/\/wp.me\/pc2PfJ-62P","_links":{"self":[{"href":"https:\/\/www.bghaber.org\/bghaber\/wp-json\/wp\/v2\/posts\/23239","targetHints":{"allow":["GET"]}}],"collection":[{"href":"https:\/\/www.bghaber.org\/bghaber\/wp-json\/wp\/v2\/posts"}],"about":[{"href":"https:\/\/www.bghaber.org\/bghaber\/wp-json\/wp\/v2\/types\/post"}],"author":[{"embeddable":true,"href":"https:\/\/www.bghaber.org\/bghaber\/wp-json\/wp\/v2\/users\/13"}],"replies":[{"embeddable":true,"href":"https:\/\/www.bghaber.org\/bghaber\/wp-json\/wp\/v2\/comments?post=23239"}],"version-history":[{"count":0,"href":"https:\/\/www.bghaber.org\/bghaber\/wp-json\/wp\/v2\/posts\/23239\/revisions"}],"wp:featuredmedia":[{"embeddable":true,"href":"https:\/\/www.bghaber.org\/bghaber\/wp-json\/wp\/v2\/media\/23240"}],"wp:attachment":[{"href":"https:\/\/www.bghaber.org\/bghaber\/wp-json\/wp\/v2\/media?parent=23239"}],"wp:term":[{"taxonomy":"category","embeddable":true,"href":"https:\/\/www.bghaber.org\/bghaber\/wp-json\/wp\/v2\/categories?post=23239"},{"taxonomy":"post_tag","embeddable":true,"href":"https:\/\/www.bghaber.org\/bghaber\/wp-json\/wp\/v2\/tags?post=23239"}],"curies":[{"name":"wp","href":"https:\/\/api.w.org\/{rel}","templated":true}]}}