{"id":23236,"date":"2017-05-27T15:29:53","date_gmt":"2017-05-27T12:29:53","guid":{"rendered":"http:\/\/www.bghaber.org\/bghaber\/?p=23236"},"modified":"2017-05-27T15:29:53","modified_gmt":"2017-05-27T12:29:53","slug":"turk-karikaturistlerin-eserleri-bulgaristanda-sergilendi","status":"publish","type":"post","link":"https:\/\/www.bghaber.org\/bghaber\/turk-karikaturistlerin-eserleri-bulgaristanda-sergilendi\/","title":{"rendered":"T\u00fcrk Karikat\u00fcristlerin Eserleri Bulgaristan&#8217;da Sergilendi"},"content":{"rendered":"<p><img data-recalc-dims=\"1\" decoding=\"async\" class=\"alignleft\" src=\"https:\/\/i0.wp.com\/www.bghaber.org\/bghaber\/wp-content\/uploads\/2017\/05\/ressam-bg.jpg?w=640\" \/>Bulgaristan&#8217;\u0131n g\u00fcneydo\u011fusundaki Filibe kentinde <strong>&#8220;8. Balkan Karikat\u00fcr Forumu&#8221;<\/strong> kapsam\u0131nda T\u00fcrk karikat\u00fcr ustalar\u0131n\u0131n eserleri sergilendi.<\/p>\n<p>\u015eehir Sanat Galerisi&#8217;nde T\u00fcrkiye&#8217;den gelen karikat\u00fcristler Murat \u00d6zmenek, Muhittin K\u00f6ro\u011flu ve \u0130brahim Tuncay&#8217;\u0131n da kat\u0131ld\u0131\u011f\u0131 etkinlikte, 1900 y\u0131l\u0131ndan bu yana 117 senelik d\u00f6nemin mizah anlay\u0131\u015f\u0131n\u0131 yans\u0131tan 117 esere yer verildi.<\/p>\n<p>A\u00e7\u0131l\u0131\u015fta haz\u0131r bulunan T\u00fcrkiye&#8217;nin Filibe Ba\u015fkonsolos Yard\u0131mc\u0131s\u0131 Mehmet Ufuk Sa\u011flam, AA muhabirine yapt\u0131\u011f\u0131 a\u00e7\u0131klamada, T\u00fcrk karikat\u00fcr\u00fcn\u00fcn Bulgaristan&#8217;da b\u00fcy\u00fck ilgi g\u00f6rmesinden duydu\u011fu mutlulu\u011fu dile getirdi.<\/p>\n<p>Sergiyi organize eden \u0130meon Balkani Vakf\u0131n\u0131n Ba\u015fkan\u0131 Yulian Stankulov da T\u00fcrk insan\u0131n\u0131n sahip oldu\u011fu ince mizah anlay\u0131\u015f\u0131n\u0131n karikat\u00fcristler taraf\u0131ndan t\u00fcm d\u00fcnyaya yay\u0131ld\u0131\u011f\u0131n\u0131 s\u00f6yledi.<\/p>\n<p>Stankulov, karikat\u00fcristlerin espri diliyle sava\u015f, bar\u0131\u015f, \u00e7evre gibi sorunlar\u0131 bir bak\u0131\u015fla anla\u015f\u0131labilecek \u015fekilde aktard\u0131\u011f\u0131n\u0131 ifade etti.<\/p><div id=\"bghab-2208452299\" class=\"bghab-icerik-icine bghab-entity-placement\"><script async src=\"\/\/pagead2.googlesyndication.com\/pagead\/js\/adsbygoogle.js?client=ca-pub-6203283170189293\" crossorigin=\"anonymous\"><\/script><ins class=\"adsbygoogle\" style=\"display:block; text-align:center;\" data-ad-client=\"ca-pub-6203283170189293\" \ndata-ad-slot=\"7303146466\" \ndata-ad-layout=\"in-article\"\ndata-ad-format=\"fluid\" data-full-width-responsive=\"true\"><\/ins>\n<script> \n(adsbygoogle = window.adsbygoogle || []).push({}); \n<\/script>\n<\/div>\n<p>T\u00fcrkiye Karikat\u00fcrc\u00fcler Derne\u011fi Ba\u015fkan\u0131 Metin Peker ise bu sergide \u00e7ok \u00f6nemli isimlerin eserlerinin yer ald\u0131\u011f\u0131na de\u011findi.<\/p>\n<p>T\u00fcrk karikat\u00fcr\u00fcn\u00fc yurt d\u0131\u015f\u0131nda temsil etmekten b\u00fcy\u00fck mutluluk duyduklar\u0131n\u0131 vurgulayan Peker, <strong>&#8220;Bu tip \u00e7al\u0131\u015fmalar\u0131 Avrupa&#8217;n\u0131n ve d\u00fcnyan\u0131n di\u011fer \u00fclkelerine de ta\u015f\u0131yaca\u011f\u0131z. T\u00fcrk karikat\u00fcr\u00fc d\u00fcnyada \u00e7ok iyi tan\u0131nan bir sanat dal\u0131d\u0131r.&#8221;<\/strong> diye konu\u015ftu.<\/p>\n<div id=\"bghab-2269036064\" class=\"bghab-yazi-altinda bghab-entity-placement\"><div class=\"bghab-adlabel\">Reklamlar<\/div><script async src=\"https:\/\/pagead2.googlesyndication.com\/pagead\/js\/adsbygoogle.js\"><\/script>\r\n<!-- bghaber-yaz\u0131-sonu -->\r\n<ins class=\"adsbygoogle\"\r\n     style=\"display:block\"\r\n     data-ad-client=\"ca-pub-6203283170189293\"\r\n     data-ad-slot=\"4222328180\"\r\n     data-ad-format=\"auto\"\r\n     data-full-width-responsive=\"true\"><\/ins>\r\n<script>\r\n     (adsbygoogle = window.adsbygoogle || []).push({});\r\n<\/script><\/div><br style=\"clear: both; display: block; float: none;\"\/>","protected":false},"excerpt":{"rendered":"<p>Bulgaristan&#8217;\u0131n g\u00fcneydo\u011fusundaki Filibe kentinde &#8220;8. Balkan Karikat\u00fcr Forumu&#8221; kapsam\u0131nda T\u00fcrk karikat\u00fcr ustalar\u0131n\u0131n eserleri sergilendi. \u015eehir Sanat Galerisi&#8217;nde T\u00fcrkiye&#8217;den gelen karikat\u00fcristler Murat \u00d6zmenek, Muhittin K\u00f6ro\u011flu ve<\/p>\n","protected":false},"author":13,"featured_media":23237,"comment_status":"closed","ping_status":"closed","sticky":false,"template":"","format":"standard","meta":{"advanced_seo_description":"","jetpack_seo_html_title":"","jetpack_seo_noindex":false,"_jetpack_memberships_contains_paid_content":false,"footnotes":""},"categories":[8],"tags":[],"class_list":["post-23236","post","type-post","status-publish","format-standard","has-post-thumbnail","hentry","category-egitim"],"jetpack_featured_media_url":"https:\/\/i0.wp.com\/www.bghaber.org\/bghaber\/wp-content\/uploads\/2017\/05\/ressam-bg.jpg?fit=336%2C224&ssl=1","jetpack_sharing_enabled":true,"jetpack_likes_enabled":true,"jetpack-related-posts":[],"jetpack_shortlink":"https:\/\/wp.me\/pc2PfJ-62M","_links":{"self":[{"href":"https:\/\/www.bghaber.org\/bghaber\/wp-json\/wp\/v2\/posts\/23236","targetHints":{"allow":["GET"]}}],"collection":[{"href":"https:\/\/www.bghaber.org\/bghaber\/wp-json\/wp\/v2\/posts"}],"about":[{"href":"https:\/\/www.bghaber.org\/bghaber\/wp-json\/wp\/v2\/types\/post"}],"author":[{"embeddable":true,"href":"https:\/\/www.bghaber.org\/bghaber\/wp-json\/wp\/v2\/users\/13"}],"replies":[{"embeddable":true,"href":"https:\/\/www.bghaber.org\/bghaber\/wp-json\/wp\/v2\/comments?post=23236"}],"version-history":[{"count":0,"href":"https:\/\/www.bghaber.org\/bghaber\/wp-json\/wp\/v2\/posts\/23236\/revisions"}],"wp:featuredmedia":[{"embeddable":true,"href":"https:\/\/www.bghaber.org\/bghaber\/wp-json\/wp\/v2\/media\/23237"}],"wp:attachment":[{"href":"https:\/\/www.bghaber.org\/bghaber\/wp-json\/wp\/v2\/media?parent=23236"}],"wp:term":[{"taxonomy":"category","embeddable":true,"href":"https:\/\/www.bghaber.org\/bghaber\/wp-json\/wp\/v2\/categories?post=23236"},{"taxonomy":"post_tag","embeddable":true,"href":"https:\/\/www.bghaber.org\/bghaber\/wp-json\/wp\/v2\/tags?post=23236"}],"curies":[{"name":"wp","href":"https:\/\/api.w.org\/{rel}","templated":true}]}}