{"id":23234,"date":"2017-05-27T15:24:47","date_gmt":"2017-05-27T12:24:47","guid":{"rendered":"http:\/\/www.bghaber.org\/bghaber\/?p=23234"},"modified":"2017-05-27T15:24:47","modified_gmt":"2017-05-27T12:24:47","slug":"bulgar-hukumetinden-turklerin-tepkisini-ceken-karar","status":"publish","type":"post","link":"https:\/\/www.bghaber.org\/bghaber\/bulgar-hukumetinden-turklerin-tepkisini-ceken-karar\/","title":{"rendered":"Bulgar h\u00fck\u00fcmetinden T\u00fcrklerin tepkisini \u00e7eken karar"},"content":{"rendered":"<p>Bulgaristan\u2019da h\u00fck\u00fcmetin az\u0131nl\u0131klarla ilgili kurulun ba\u015f\u0131na g\u00f6\u00e7men ve Roman kar\u015f\u0131t\u0131 s\u00f6ylemleriyle tan\u0131nan milliyet\u00e7i bir siyasi parti liderini getirmesi, bu \u00fclkedeki T\u00fcrklerin tepkisine neden oldu.<\/p>\n<p>Bulgaristan\u2019da Ba\u015fbakan Yard\u0131mc\u0131s\u0131 Valeri Simeonov\u2019un Etnik Az\u0131nl\u0131klar Entegrasyon Konseyi ba\u015fkanl\u0131\u011f\u0131na atanmas\u0131 infial uyand\u0131rd\u0131. Az\u0131nl\u0131k temsilcileri karar\u0131 \u201cskandal\u201d olarak nitelendirdi.<\/p>\n<p>T\u00fcrk ve Roman az\u0131nl\u0131\u011fa kar\u015f\u0131 \u201csert\u201d davran\u0131lmas\u0131n\u0131 savunan g\u00f6\u00e7men kar\u015f\u0131t\u0131 Simeonov ba\u015fkanl\u0131\u011f\u0131ndaki entegrasyon kurulunda h\u00fck\u00fcmet \u00fcyeleriyle 50 sivil toplum kurulu\u015funun temsilcileri yer alacak.<\/p>\n<p>Muhafazak\u00e2r Ba\u015fbakan Boyko Borisov liderli\u011findeki koalisyon h\u00fck\u00fcmetinin ortaklar\u0131ndan Bulgaristan Ulusal Kurtulu\u015f Cephesi\u2019nin (UP) genel ba\u015fkan\u0131 olan Simeonov, Bulgaristan\u2019daki en b\u00fcy\u00fck az\u0131nl\u0131klardan Romanlar\u0131 a\u015fa\u011f\u0131lay\u0131c\u0131 s\u00f6zlerinden dolay\u0131 tepki g\u00f6rm\u00fc\u015ft\u00fc. Bulgar milliyet\u00e7isi politikac\u0131, Aral\u0131k 2014\u2019te parlamentoda yapt\u0131\u011f\u0131 konu\u015fmada, \u201cRoman \u00e7ocuklar\u0131n domuzlarla oynad\u0131klar\u0131n\u0131\u201d s\u00f6ylemi\u015f ve Roman kad\u0131nlar\u0131 \u201csokak k\u00f6peklerine\u2019 benzetmi\u015fti. Bulgaristan\u2019da n\u00fcfusun y\u00fczde 10\u2019unu olu\u015fturan Romanlar\u0131n say\u0131s\u0131 700 bini buluyor.<\/p>\n<p>T\u00fcrk parti liderinden tepki<\/p><div id=\"bghab-286865930\" class=\"bghab-icerik-icine bghab-entity-placement\"><script async src=\"\/\/pagead2.googlesyndication.com\/pagead\/js\/adsbygoogle.js?client=ca-pub-6203283170189293\" crossorigin=\"anonymous\"><\/script><ins class=\"adsbygoogle\" style=\"display:block; text-align:center;\" data-ad-client=\"ca-pub-6203283170189293\" \ndata-ad-slot=\"7303146466\" \ndata-ad-layout=\"in-article\"\ndata-ad-format=\"fluid\" data-full-width-responsive=\"true\"><\/ins>\n<script> \n(adsbygoogle = window.adsbygoogle || []).push({}); \n<\/script>\n<\/div>\n<p>Bulgaristan\u2019daki T\u00fcrk az\u0131nl\u0131\u011f\u0131n kurdu\u011fu partilerden Hak ve \u00d6zg\u00fcrl\u00fckler Hareketi\u2019nin (H\u00d6H) genel ba\u015fkan\u0131 Mustafa Karaday\u0131, atama karar\u0131n\u0131n \u201csinizmin vahim bir \u00f6rne\u011fi\u201d oldu\u011funu s\u00f6yledi. Bulgaristan\u2019daki T\u00fcrklerin say\u0131s\u0131 ise 800 bin civar\u0131nda.<\/p>\n<p>Etnik Az\u0131nl\u0131klar Entegrasyon Konseyi\u2019nin eski ba\u015fkan\u0131 ve etnik konular uzman\u0131 Mihail \u0130vanov, milliyet\u00e7i Ba\u015fbakan Yard\u0131mc\u0131s\u0131\u2019n\u0131n kurulun ba\u015f\u0131na getirilmesinin \u201caz\u0131nl\u0131klara indirilmi\u015f bir darbe\u201d oldu\u011funu s\u00f6yledi.<\/p>\n<div id=\"bghab-3611833140\" class=\"bghab-yazi-altinda bghab-entity-placement\"><div class=\"bghab-adlabel\">Reklamlar<\/div><script async src=\"https:\/\/pagead2.googlesyndication.com\/pagead\/js\/adsbygoogle.js\"><\/script>\r\n<!-- bghaber-yaz\u0131-sonu -->\r\n<ins class=\"adsbygoogle\"\r\n     style=\"display:block\"\r\n     data-ad-client=\"ca-pub-6203283170189293\"\r\n     data-ad-slot=\"4222328180\"\r\n     data-ad-format=\"auto\"\r\n     data-full-width-responsive=\"true\"><\/ins>\r\n<script>\r\n     (adsbygoogle = window.adsbygoogle || []).push({});\r\n<\/script><\/div><br style=\"clear: both; display: block; float: none;\"\/>","protected":false},"excerpt":{"rendered":"<p>Bulgaristan\u2019da h\u00fck\u00fcmetin az\u0131nl\u0131klarla ilgili kurulun ba\u015f\u0131na g\u00f6\u00e7men ve Roman kar\u015f\u0131t\u0131 s\u00f6ylemleriyle tan\u0131nan milliyet\u00e7i bir siyasi parti liderini getirmesi, bu \u00fclkedeki T\u00fcrklerin tepkisine neden oldu. Bulgaristan\u2019da<\/p>\n","protected":false},"author":13,"featured_media":10168,"comment_status":"closed","ping_status":"closed","sticky":false,"template":"","format":"standard","meta":{"advanced_seo_description":"","jetpack_seo_html_title":"","jetpack_seo_noindex":false,"_jetpack_memberships_contains_paid_content":false,"footnotes":""},"categories":[5],"tags":[],"class_list":["post-23234","post","type-post","status-publish","format-standard","has-post-thumbnail","hentry","category-yasam"],"jetpack_featured_media_url":"https:\/\/i0.wp.com\/www.bghaber.org\/bghaber\/wp-content\/uploads\/2014\/05\/bulgaria_map.jpg?fit=514%2C344&ssl=1","jetpack_sharing_enabled":true,"jetpack_likes_enabled":true,"jetpack-related-posts":[],"jetpack_shortlink":"https:\/\/wp.me\/pc2PfJ-62K","_links":{"self":[{"href":"https:\/\/www.bghaber.org\/bghaber\/wp-json\/wp\/v2\/posts\/23234","targetHints":{"allow":["GET"]}}],"collection":[{"href":"https:\/\/www.bghaber.org\/bghaber\/wp-json\/wp\/v2\/posts"}],"about":[{"href":"https:\/\/www.bghaber.org\/bghaber\/wp-json\/wp\/v2\/types\/post"}],"author":[{"embeddable":true,"href":"https:\/\/www.bghaber.org\/bghaber\/wp-json\/wp\/v2\/users\/13"}],"replies":[{"embeddable":true,"href":"https:\/\/www.bghaber.org\/bghaber\/wp-json\/wp\/v2\/comments?post=23234"}],"version-history":[{"count":0,"href":"https:\/\/www.bghaber.org\/bghaber\/wp-json\/wp\/v2\/posts\/23234\/revisions"}],"wp:featuredmedia":[{"embeddable":true,"href":"https:\/\/www.bghaber.org\/bghaber\/wp-json\/wp\/v2\/media\/10168"}],"wp:attachment":[{"href":"https:\/\/www.bghaber.org\/bghaber\/wp-json\/wp\/v2\/media?parent=23234"}],"wp:term":[{"taxonomy":"category","embeddable":true,"href":"https:\/\/www.bghaber.org\/bghaber\/wp-json\/wp\/v2\/categories?post=23234"},{"taxonomy":"post_tag","embeddable":true,"href":"https:\/\/www.bghaber.org\/bghaber\/wp-json\/wp\/v2\/tags?post=23234"}],"curies":[{"name":"wp","href":"https:\/\/api.w.org\/{rel}","templated":true}]}}