{"id":23231,"date":"2017-05-27T15:20:14","date_gmt":"2017-05-27T12:20:14","guid":{"rendered":"http:\/\/www.bghaber.org\/bghaber\/?p=23231"},"modified":"2017-05-27T15:20:14","modified_gmt":"2017-05-27T12:20:14","slug":"kasimpasa-popovun-sozlesmesini-1-yil-daha-uzatti","status":"publish","type":"post","link":"https:\/\/www.bghaber.org\/bghaber\/kasimpasa-popovun-sozlesmesini-1-yil-daha-uzatti\/","title":{"rendered":"Kas\u0131mpa\u015fa, Popov&#8217;un s\u00f6zle\u015fmesini 1 y\u0131l daha uzatt\u0131!"},"content":{"rendered":"<h2 class=\"hspot\">Kas\u0131mpa\u015fa, ge\u00e7en sezonun ortas\u0131nda Litex Lovetch\u2019ten kadrosuna katt\u0131\u011f\u0131 Strahil Popov\u2019la nikah tazeleme karar\u0131 ald\u0131.<\/h2>\n<div><img data-recalc-dims=\"1\" loading=\"lazy\" decoding=\"async\" class=\"alignleft\" src=\"https:\/\/i0.wp.com\/www.bghaber.org\/bghaber\/wp-content\/uploads\/2017\/05\/kasimpasa-popov.jpeg?resize=386%2C218\" width=\"386\" height=\"218\" \/>Lacivert-Beyazl\u0131lar, 1 y\u0131l\u0131 opsiyonlu 2.5 y\u0131ll\u0131k s\u00f6zle\u015fme imzalad\u0131\u011f\u0131 ba\u015far\u0131l\u0131 futbolcunun s\u00f6zle\u015fmesinde bulunan opsiyonu kulland\u0131.<\/div>\n<div><\/div>\n<div>Gazete Habert\u00fcrk&#8217;\u00fcn haberine g\u00f6re; Popov ve menajeriyle yap\u0131lan g\u00f6r\u00fc\u015fmeler sonunda taraflar anla\u015fma sa\u011flarken Bulgar oyuncu, 1 sezon daha<a class=\"tag\" title=\"\" href=\"http:\/\/www.gazetevatan.com\/arama\/?Keyword=Kas%C4%B1mpa%C5%9Fa\" target=\"_blank\" rel=\"noopener noreferrer\"> Kas\u0131mpa\u015fa<\/a> formas\u0131 giyecek.<\/div>\n<div><\/div>\n<div>Uzun y\u0131llarda daha bu kul\u00fcpte kalmak istedi\u011fini belirten Popov, \u201cS\u00f6zle\u015fmem sezon sonunda bitecekti. Daha \u00f6nce<\/div>\n<div>kalmak istedi\u011fimi s\u00f6ylemi\u015ftim ve y\u00f6netim de opsiyonu kulland\u0131. Kas\u0131mpa\u015fa\u2019da \u00e7ok mutluyum\u201d dedi.<\/div>\n<div><\/div>\n<div>Tak\u0131m\u0131n durumuyla ilgili olarak da konu\u015fan ba\u015far\u0131l\u0131 futbolcu, \u201cGalatasaray kar\u015f\u0131s\u0131nda \u00e7ok iyi bir futbol ortaya koyduk. Ligin bitmesine az bir zaman var. Ligde kalan ma\u00e7larda maksimum puan toplamak istiyoruz. Ancak \u015fu anda as\u0131l hedefimiz kupa.<a class=\"tag\" title=\"\" href=\"http:\/\/www.gazetevatan.com\/arama\/?Keyword=Konyaspor\" target=\"_blank\" rel=\"noopener noreferrer\"> Konyaspor<\/a> iyi bir tak\u0131m. \u0130yi bir sonu\u00e7 alarak finale y\u00fckselmeyi istiyoruz\u201d dedi.<\/div>\n<div id=\"bghab-2775066577\" class=\"bghab-yazi-altinda bghab-entity-placement\"><div class=\"bghab-adlabel\">Reklamlar<\/div><script async src=\"https:\/\/pagead2.googlesyndication.com\/pagead\/js\/adsbygoogle.js\"><\/script>\r\n<!-- bghaber-yaz\u0131-sonu -->\r\n<ins class=\"adsbygoogle\"\r\n     style=\"display:block\"\r\n     data-ad-client=\"ca-pub-6203283170189293\"\r\n     data-ad-slot=\"4222328180\"\r\n     data-ad-format=\"auto\"\r\n     data-full-width-responsive=\"true\"><\/ins>\r\n<script>\r\n     (adsbygoogle = window.adsbygoogle || []).push({});\r\n<\/script><\/div><br style=\"clear: both; display: block; float: none;\"\/>","protected":false},"excerpt":{"rendered":"<p>Kas\u0131mpa\u015fa, ge\u00e7en sezonun ortas\u0131nda Litex Lovetch\u2019ten kadrosuna katt\u0131\u011f\u0131 Strahil Popov\u2019la nikah tazeleme karar\u0131 ald\u0131. Lacivert-Beyazl\u0131lar, 1 y\u0131l\u0131 opsiyonlu 2.5 y\u0131ll\u0131k s\u00f6zle\u015fme imzalad\u0131\u011f\u0131 ba\u015far\u0131l\u0131 futbolcunun s\u00f6zle\u015fmesinde<\/p>\n","protected":false},"author":13,"featured_media":23232,"comment_status":"closed","ping_status":"closed","sticky":false,"template":"","format":"standard","meta":{"advanced_seo_description":"","jetpack_seo_html_title":"","jetpack_seo_noindex":false,"_jetpack_memberships_contains_paid_content":false,"footnotes":""},"categories":[7],"tags":[],"class_list":["post-23231","post","type-post","status-publish","format-standard","has-post-thumbnail","hentry","category-saglik-spor"],"jetpack_featured_media_url":"https:\/\/i0.wp.com\/www.bghaber.org\/bghaber\/wp-content\/uploads\/2017\/05\/kasimpasa-popov.jpeg?fit=620%2C350&ssl=1","jetpack_sharing_enabled":true,"jetpack_likes_enabled":true,"jetpack-related-posts":[],"jetpack_shortlink":"https:\/\/wp.me\/pc2PfJ-62H","_links":{"self":[{"href":"https:\/\/www.bghaber.org\/bghaber\/wp-json\/wp\/v2\/posts\/23231","targetHints":{"allow":["GET"]}}],"collection":[{"href":"https:\/\/www.bghaber.org\/bghaber\/wp-json\/wp\/v2\/posts"}],"about":[{"href":"https:\/\/www.bghaber.org\/bghaber\/wp-json\/wp\/v2\/types\/post"}],"author":[{"embeddable":true,"href":"https:\/\/www.bghaber.org\/bghaber\/wp-json\/wp\/v2\/users\/13"}],"replies":[{"embeddable":true,"href":"https:\/\/www.bghaber.org\/bghaber\/wp-json\/wp\/v2\/comments?post=23231"}],"version-history":[{"count":0,"href":"https:\/\/www.bghaber.org\/bghaber\/wp-json\/wp\/v2\/posts\/23231\/revisions"}],"wp:featuredmedia":[{"embeddable":true,"href":"https:\/\/www.bghaber.org\/bghaber\/wp-json\/wp\/v2\/media\/23232"}],"wp:attachment":[{"href":"https:\/\/www.bghaber.org\/bghaber\/wp-json\/wp\/v2\/media?parent=23231"}],"wp:term":[{"taxonomy":"category","embeddable":true,"href":"https:\/\/www.bghaber.org\/bghaber\/wp-json\/wp\/v2\/categories?post=23231"},{"taxonomy":"post_tag","embeddable":true,"href":"https:\/\/www.bghaber.org\/bghaber\/wp-json\/wp\/v2\/tags?post=23231"}],"curies":[{"name":"wp","href":"https:\/\/api.w.org\/{rel}","templated":true}]}}