{"id":23222,"date":"2017-05-27T15:09:12","date_gmt":"2017-05-27T12:09:12","guid":{"rendered":"http:\/\/www.bghaber.org\/bghaber\/?p=23222"},"modified":"2017-05-27T15:09:12","modified_gmt":"2017-05-27T12:09:12","slug":"erasmus-ile-bulgar-akademisyenler-alkude","status":"publish","type":"post","link":"https:\/\/www.bghaber.org\/bghaber\/erasmus-ile-bulgar-akademisyenler-alkude\/","title":{"rendered":"Erasmus ile Bulgar Akademisyenler ALKU&#8217;de"},"content":{"rendered":"<p>Erasmus, Farabi ve Mevlana \u00d6\u011frenci ve \u00d6\u011fretim \u00dcyesi de\u011fi\u015fim programlar\u0131 ile d\u00fcnyaya a\u00e7\u0131lmay\u0131 hedefleyen Alanya Alaaddin Keykubat \u00dcniveristesi (ALK\u00dc) ERASMUS De\u011fi\u015fim Program\u0131 Kapsam\u0131nda Bulgar Akademisyenleri a\u011f\u0131rlad\u0131.<\/p>\n<p><img data-recalc-dims=\"1\" loading=\"lazy\" decoding=\"async\" class=\"\" src=\"https:\/\/i0.wp.com\/www.bghaber.org\/bghaber\/wp-content\/uploads\/2017\/05\/erasmus-ile-bulgar-akademisyenler.jpg?resize=640%2C338\" width=\"640\" height=\"338\" \/><\/p>\n<p>Bu kapsamdaki \u00e7al\u0131\u015fmalar\u0131n\u0131n meyvesini almaya ba\u015flayan ALK\u00dc, Polonyal\u0131 Akademisyenlerden sonra bu kez de Erasmus de\u011fi\u015fim program\u0131 kapsam\u0131nda Bulgaristan Sofia Teknik \u00dcniversitesi&#8217;nden gelen 3 akademisyeni 1 hafta s\u00fcre ile Alanya&#8217;da a\u011f\u0131rlayacak. ALK\u00dc Rekt\u00f6r\u00fc Prof. Dr. Ahmet P\u0131narba\u015f\u0131\u2019n\u0131 makam\u0131nda ziyaret eden heyette Bulgaristan Milli E\u011fitim Bakan\u0131 Y\u00fcksek\u00f6\u011fretimden Sorumlu Dan\u0131\u015fman\u0131 Prof. Dr. Ognia Nakov, Sofia Teknik \u00dcniversitesi \u00d6\u011fretim \u00dcyesi Prof. Dr. Dimitar Vergiev ve Prof. Dr. Georgi Naydenov ile ALTAV \u00dcyesi ve ALTSO Meclis \u00dcyesi Kerim Y\u0131lmaz ve ALK\u00dc Rekt\u00f6r Yard\u0131mc\u0131s\u0131 Prof. Dr. Hasan G\u00fcne\u015f de haz\u0131r bulundu. Ziyarette, heyet ile ALK\u00dc aras\u0131nda ge\u00e7ekle\u015ftirilecek i\u015fbirlikleri konular\u0131nda fikir al\u0131\u015fveri\u015fi yap\u0131ld\u0131. Ortak Avrupa Birli\u011fi (AB) Projeleri haz\u0131rlama, ALK\u00dc M\u00fchendislik Fak\u00fcltesi b\u00f6l\u00fcmleri ile Sofia Teknik \u00dcniversitesi b\u00f6l\u00fcmleri aras\u0131nda ortak y\u00fcksek lisans programlar\u0131 a\u00e7\u0131lmas\u0131 gibi konular da gelen akademisyenler ile mutabakata var\u0131lan konular aras\u0131nda yer ald\u0131.<\/p>\n<p>ALK\u00dc&#8217;l\u00fc akademisyenler ve \u00f6\u011frenciler ile ortak ders verme hareketlili\u011fi kapsam\u0131nda ALK\u00dc&#8217;ye gelen Bulgar akademisyenler, M\u00fchendislik Fak\u00fcltesi \u00f6\u011fretim \u00fcyelerine kendi uzmanl\u0131k alanlar\u0131 konular\u0131nda seminerler verdi.<\/p>\n<p>Rekt\u00f6r P\u0131narba\u015f\u0131, \u201cALK\u00dc hedefleri aras\u0131na koydu\u011fu uluslararas\u0131 \u00fcniversite olma yolunda emin ad\u0131mlarla ilerliyor. Bu konudaki \u00e7al\u0131\u015fmalar\u0131m\u0131z d\u00fcnyan\u0131n \u00e7e\u015fitli \u00fclkelerindeki \u00fcniversiteler ile de devam edecektir.\u201d dedi. Sofia Teknik \u00dcniversitesi ile yap\u0131lan Erasmus anla\u015fmas\u0131 ve bir dizi g\u00f6r\u00fc\u015fmelerden \u00e7ok memnun oldu\u011funu ifade eden Rekt\u00f6r P\u0131narba\u015f\u0131, kendisini ziyaret eden heyete \u00e7al\u0131\u015fmalar\u0131nda ba\u015far\u0131lar diledi.<\/p>\n<div id=\"bghab-984499813\" class=\"bghab-yazi-altinda bghab-entity-placement\"><div class=\"bghab-adlabel\">Reklamlar<\/div><script async src=\"https:\/\/pagead2.googlesyndication.com\/pagead\/js\/adsbygoogle.js\"><\/script>\r\n<!-- bghaber-yaz\u0131-sonu -->\r\n<ins class=\"adsbygoogle\"\r\n     style=\"display:block\"\r\n     data-ad-client=\"ca-pub-6203283170189293\"\r\n     data-ad-slot=\"4222328180\"\r\n     data-ad-format=\"auto\"\r\n     data-full-width-responsive=\"true\"><\/ins>\r\n<script>\r\n     (adsbygoogle = window.adsbygoogle || []).push({});\r\n<\/script><\/div><br style=\"clear: both; display: block; float: none;\"\/>","protected":false},"excerpt":{"rendered":"<p>Erasmus, Farabi ve Mevlana \u00d6\u011frenci ve \u00d6\u011fretim \u00dcyesi de\u011fi\u015fim programlar\u0131 ile d\u00fcnyaya a\u00e7\u0131lmay\u0131 hedefleyen Alanya Alaaddin Keykubat \u00dcniveristesi (ALK\u00dc) ERASMUS De\u011fi\u015fim Program\u0131 Kapsam\u0131nda Bulgar Akademisyenleri<\/p>\n","protected":false},"author":13,"featured_media":23223,"comment_status":"closed","ping_status":"closed","sticky":false,"template":"","format":"standard","meta":{"advanced_seo_description":"","jetpack_seo_html_title":"","jetpack_seo_noindex":false,"_jetpack_memberships_contains_paid_content":false,"footnotes":""},"categories":[8],"tags":[],"class_list":["post-23222","post","type-post","status-publish","format-standard","has-post-thumbnail","hentry","category-egitim"],"jetpack_featured_media_url":"https:\/\/i0.wp.com\/www.bghaber.org\/bghaber\/wp-content\/uploads\/2017\/05\/erasmus-ile-bulgar-akademisyenler.jpg?fit=600%2C317&ssl=1","jetpack_sharing_enabled":true,"jetpack_likes_enabled":true,"jetpack-related-posts":[],"jetpack_shortlink":"https:\/\/wp.me\/pc2PfJ-62y","_links":{"self":[{"href":"https:\/\/www.bghaber.org\/bghaber\/wp-json\/wp\/v2\/posts\/23222","targetHints":{"allow":["GET"]}}],"collection":[{"href":"https:\/\/www.bghaber.org\/bghaber\/wp-json\/wp\/v2\/posts"}],"about":[{"href":"https:\/\/www.bghaber.org\/bghaber\/wp-json\/wp\/v2\/types\/post"}],"author":[{"embeddable":true,"href":"https:\/\/www.bghaber.org\/bghaber\/wp-json\/wp\/v2\/users\/13"}],"replies":[{"embeddable":true,"href":"https:\/\/www.bghaber.org\/bghaber\/wp-json\/wp\/v2\/comments?post=23222"}],"version-history":[{"count":0,"href":"https:\/\/www.bghaber.org\/bghaber\/wp-json\/wp\/v2\/posts\/23222\/revisions"}],"wp:featuredmedia":[{"embeddable":true,"href":"https:\/\/www.bghaber.org\/bghaber\/wp-json\/wp\/v2\/media\/23223"}],"wp:attachment":[{"href":"https:\/\/www.bghaber.org\/bghaber\/wp-json\/wp\/v2\/media?parent=23222"}],"wp:term":[{"taxonomy":"category","embeddable":true,"href":"https:\/\/www.bghaber.org\/bghaber\/wp-json\/wp\/v2\/categories?post=23222"},{"taxonomy":"post_tag","embeddable":true,"href":"https:\/\/www.bghaber.org\/bghaber\/wp-json\/wp\/v2\/tags?post=23222"}],"curies":[{"name":"wp","href":"https:\/\/api.w.org\/{rel}","templated":true}]}}