{"id":23218,"date":"2017-05-27T15:02:39","date_gmt":"2017-05-27T12:02:39","guid":{"rendered":"http:\/\/www.bghaber.org\/bghaber\/?p=23218"},"modified":"2017-05-27T15:03:36","modified_gmt":"2017-05-27T12:03:36","slug":"gunumuz-eskisehir-sairleri-ve-siirleri","status":"publish","type":"post","link":"https:\/\/www.bghaber.org\/bghaber\/gunumuz-eskisehir-sairleri-ve-siirleri\/","title":{"rendered":"&#8220;G\u00fcn\u00fcm\u00fcz Eski\u015fehir \u015eairleri ve \u015eiirleri&#8221;"},"content":{"rendered":"<blockquote id=\"yui_3_16_0_ym19_1_1495886247514_12454\">\n<div id=\"yui_3_16_0_ym19_1_1495886247514_12453\">\n<div id=\"yui_3_16_0_ym19_1_1495886247514_12452\">\n<p id=\"yui_3_16_0_ym19_1_1495886247514_14272\"><span id=\"yui_3_16_0_ym19_1_1495886247514_12450\">Edebiyat\u0131n, sanat\u0131n, k\u00fclt\u00fcr\u00fcn, akt\u00fcel konular\u0131n bulu\u015fma noktas\u0131 olan \u0130LESAM Genel Merkezi\u2019nde 20 May\u0131s 2017 tarihinde yeni bir etkinlik daha ger\u00e7ekle\u015ftirildi.<\/span><\/p>\n<blockquote id=\"yui_3_16_0_ym19_1_1495886247514_12454\">\n<div id=\"yui_3_16_0_ym19_1_1495886247514_12453\">\n<div id=\"yui_3_16_0_ym19_1_1495886247514_12452\">\n<p id=\"yui_3_16_0_ym19_1_1495886247514_12478\"><span id=\"yui_3_16_0_ym19_1_1495886247514_12477\">\u0130LESAM Genel Ba\u015fkan\u0131 Mehmet Nuri Parmaks\u0131z\u2019\u0131n yapt\u0131\u011f\u0131 a\u00e7\u0131l\u0131\u015f konu\u015fmas\u0131yla ba\u015flayan program Prof. Dr. Halil Buttanr\u0131\u2019n\u0131n<br \/>\n\u201cG\u00fcn\u00fcm\u00fcz Eski\u015fehir \u015eairleri ve \u015eiirleri\u201dni anlatmas\u0131 ile devam etti.<\/span><\/p>\n<p><img loading=\"lazy\" decoding=\"async\" id=\"yui_3_16_0_ym19_1_1495886247514_12476\" src=\"https:\/\/scontent-vie1-1.xx.fbcdn.net\/v\/t31.0-8\/18671626_10154842973224032_4046658415289806521_o.jpg?oh=39e6682eec8e474fd44b787881b66144&amp;oe=599D98BE\" alt=\"G\u00f6r\u00fcnt\u00fcn\u00fcn olas\u0131 i\u00e7eri\u011fi: 1 ki\u015fi\" width=\"503\" height=\"335\" \/><\/p>\n<p>&nbsp;<\/p>\n<p id=\"yui_3_16_0_ym19_1_1495886247514_12491\"><span id=\"yui_3_16_0_ym19_1_1495886247514_12493\"><strong id=\"yui_3_16_0_ym19_1_1495886247514_12492\">Prof. Dr. Halil Buttanr\u0131\u2019ya konu\u015fma notlar\u0131n\u0131 bizimle payla\u015ft\u0131\u011f\u0131 i\u00e7in te\u015fekk\u00fcr ediyor; notlar\u0131ndan derledi\u011fimiz metni sizlerle payla\u015f\u0131yoruz.<\/strong><\/span><\/p>\n<p id=\"yui_3_16_0_ym19_1_1495886247514_12482\"><span id=\"yui_3_16_0_ym19_1_1495886247514_12481\">\u201c\u015eiir, en eski edebiyat t\u00fcrlerinden birisidir. Her toplumda ilk \u00f6nce \u015fiir meydana \u00e7\u0131km\u0131\u015f, g\u00fcnl\u00fck hayatta kullan\u0131lan d\u00fczyaz\u0131, ancak yaz\u0131n\u0131n bulunmas\u0131ndan sonra sanat alan\u0131na giri\u015f yapm\u0131\u015ft\u0131r. Yani, d\u00fczyaz\u0131dan olu\u015fan edebiyat t\u00fcrleri, \u015fiire g\u00f6re olduk\u00e7a yenidir ve edebiyat \u015fiirle ba\u015flam\u0131\u015ft\u0131r diyebiliriz. Kelime manas\u0131 olarak \u015fiir: \u201cedebi de\u011feri olan naz\u0131ml\u0131 ve kafiyeli s\u00f6z\u201d olarak ge\u00e7er.<\/span><\/p><div id=\"bghab-220709875\" class=\"bghab-icerik-icine bghab-entity-placement\"><script async src=\"\/\/pagead2.googlesyndication.com\/pagead\/js\/adsbygoogle.js?client=ca-pub-6203283170189293\" crossorigin=\"anonymous\"><\/script><ins class=\"adsbygoogle\" style=\"display:block; text-align:center;\" data-ad-client=\"ca-pub-6203283170189293\" \ndata-ad-slot=\"7303146466\" \ndata-ad-layout=\"in-article\"\ndata-ad-format=\"fluid\" data-full-width-responsive=\"true\"><\/ins>\n<script> \n(adsbygoogle = window.adsbygoogle || []).push({}); \n<\/script>\n<\/div>\n<p id=\"yui_3_16_0_ym19_1_1495886247514_12490\"><span id=\"yui_3_16_0_ym19_1_1495886247514_12489\">\u015eiirin herkes\u00e7e kabul edilen belli bir tan\u0131m\u0131 yoktur. \u015eiir kavram\u0131n\u0131n tek bir tan\u0131ma dayanmad\u0131\u011f\u0131, zaman zaman birbiriyle \u00e7eli\u015fen tan\u0131mlar yap\u0131labildi\u011fi g\u00f6r\u00fclm\u00fc\u015ft\u00fcr.<\/span><\/p>\n<p id=\"yui_3_16_0_ym19_1_1495886247514_12488\"><span id=\"yui_3_16_0_ym19_1_1495886247514_12487\">Yahya Kemal Beyatl\u0131, \u015fiir i\u00e7in \u015funu demi\u015ftir: \u201c\u015eiir, nesirden bamba\u015fka bir kimliktedir. Musikiden ba\u015fka t\u00fcrl\u00fc bir musikidir.\u201d<br \/>\n\u201c\u015eiir yaz\u0131lm\u0131\u015f ve okunan de\u011fil, s\u00f6ylenmi\u015f ve dinlenilen \u015feydir\u201d der.<\/span><\/p>\n<p id=\"yui_3_16_0_ym19_1_1495886247514_12485\"><span id=\"yui_3_16_0_ym19_1_1495886247514_12486\">Melih Cevdet Anday ise, \u015fiiri tan\u0131mlamaya \u00e7al\u0131\u015fman\u0131n bo\u015funa bir \u00e7aba oldu\u011funu d\u00fc\u015f\u00fcn\u00fcr. \u00c7\u00fcnk\u00fc \u201cTan\u0131m ak\u0131l i\u015fidir. \u015eiir ise ak\u0131l d\u0131\u015f\u0131d\u0131r.\u201d<\/span><\/p>\n<p id=\"yui_3_16_0_ym19_1_1495886247514_12484\"><span id=\"yui_3_16_0_ym19_1_1495886247514_12483\">Hilmi Yavuz, \u201c\u015eiir dil de\u011fildir, \u2018s\u00f6z\u2019d\u00fcr der. \u015eiirin \u201cs\u00f6z\u201d olmas\u0131, onun dilsel anlamlar\u0131ndan ar\u0131nmas\u0131 demektir. \u015eiir \u015fairin zihnindeyken ki\u015fiseldir, ne\u015fredildi\u011fi andan itibaren yoruma a\u00e7\u0131k hale gelir, okuyanlarca farkl\u0131 anlamlara kavu\u015fturulabilir. Bu da s\u00f6z\u2019\u00fcn bir \u00f6zelli\u011fidir. S\u00f6z, s\u00f6yleyenin zihninin eseridir. \u201c\u015eiirin tarihi \u2018dil\u2019den \u2018s\u00f6z\u2019e do\u011frudur.<\/span><\/p>\n<p>\u015eair, \u201c\u015eiir yap\u0131l\u0131r.\u201d \u00f6nermesiyle \u015fiirin bilgiden yola \u00e7\u0131k\u0131larak yap\u0131lan bir \u201c\u015fey\u201d oldu\u011funu s\u00f6ylemek istemi\u015ftir. (Yavuz: 1999c, s.30).<\/p><div id=\"bghab-4037718261\" class=\"bghab-icerik-icine-10-paragraf bghab-entity-placement\"><script async src=\"\/\/pagead2.googlesyndication.com\/pagead\/js\/adsbygoogle.js?client=ca-pub-6203283170189293\" crossorigin=\"anonymous\"><\/script><ins class=\"adsbygoogle\" style=\"display:block; text-align:center;\" data-ad-client=\"ca-pub-6203283170189293\" \ndata-ad-slot=\"7303146466\" \ndata-ad-layout=\"in-article\"\ndata-ad-format=\"fluid\" data-full-width-responsive=\"true\"><\/ins>\n<script> \n(adsbygoogle = window.adsbygoogle || []).push({}); \n<\/script>\n<\/div>\n<p>Dil \u015fiirin ana maddesi, \u00f6z\u00fcd\u00fcr. Y\u0131llar, y\u00fczy\u0131llar boyunca i\u015flenir. \u015eairin eline bu tecr\u00fcbelerden sonra gelir. \u015eair, y\u0131llar\u0131n \u015fekillendirdi\u011fi \u201cdil\u201di ki\u015fiselle\u015ftirerek kullan\u0131r.<\/p>\n<p>Necip Faz\u0131l&#8217;a g\u00f6re \u015fiir: &#8220;Mutlak hakikati arama i\u015fidir.&#8221;<\/p>\n<p id=\"yui_3_16_0_ym19_1_1495886247514_12572\"><span id=\"yui_3_16_0_ym19_1_1495886247514_12571\">Bu \u00f6rnekleri \u00e7o\u011faltmak m\u00fcmk\u00fcn&#8230; Bu kadar fazla \u015fiir tan\u0131m\u0131n\u0131n olmas\u0131n\u0131 Ahmet Kabakl\u0131 \u015f\u00f6yle izah etmekte: &#8220;Nesirde nas\u0131l yazar\u0131n bir \u00fcslubu olursa, \u015fiirin i\u00e7inde de \u015fairin bir s\u0131rr\u0131 olur. Ve \u015fair adedince s\u0131r vard\u0131r ki bu da \u015fair adedince \u015fiir tan\u0131m\u0131n\u0131n oldu\u011funu g\u00f6sterir.&#8221;<\/span><\/p>\n<p>K\u0131saca, \u015fiir i\u00e7in, \u201cDili kullanarak insan \u00fczerinde en yo\u011fun, en etkili ve en g\u00fc\u00e7l\u00fc izlenimler yaratan sanatt\u0131r.\u201d diyebiliriz.<\/p>\n<p id=\"yui_3_16_0_ym19_1_1495886247514_12495\"><span id=\"yui_3_16_0_ym19_1_1495886247514_12494\">Eski\u015fehir Osmangazi \u00dcniversitesi T\u00fcrk Dili ve Edebiyat\u0131 B\u00f6l\u00fcm\u00fc\u2019nde verilmekte olan \u201cEski\u015fehir Y\u00f6resi \u015eair ve Yazarlar\u0131\u201d isimli derste, \u00f6\u011frencileri ara\u015ft\u0131rma ve inceleme yapmaya al\u0131\u015ft\u0131rmak ve bunu tez olarak yazabilme yetene\u011fi kazand\u0131rabilmek amac\u0131yla \u201cMezuniyet Tezi\u201d olarak \u00e7al\u0131\u015fmalar yapt\u0131rd\u0131k. 2000 y\u0131l\u0131ndan itibaren s\u00fcrd\u00fcrd\u00fc\u011f\u00fcm\u00fcz \u00e7al\u0131\u015fmalarda 131 adet tez \u00e7al\u0131\u015fmas\u0131 yap\u0131lm\u0131\u015ft\u0131r. \u015eairlerimizin yeni kitaplar\u0131 yay\u0131nland\u0131k\u00e7a; \u015fiir, roman, tiyatro gibi farkl\u0131 alanlarda veya \u015fiirin de\u011fi\u015fik t\u00fcrlerinde de\u011fi\u015fik eserler \u00fcretenleri, genellikle 5 y\u0131l aral\u0131klarla tekrar inceledi\u011fimiz olmu\u015ftur. B\u00f6ylece \u00dcniversitemizin, bulundu\u011fu y\u00f6reye, bulundu\u011fu \u015fehre katk\u0131 vermesi ama\u00e7lanm\u0131\u015ft\u0131r.<\/span><\/p><div id=\"bghab-3975633436\" class=\"bghab-icerik-icine-15-paragraf bghab-entity-placement\"><script async src=\"\/\/pagead2.googlesyndication.com\/pagead\/js\/adsbygoogle.js?client=ca-pub-6203283170189293\" crossorigin=\"anonymous\"><\/script><ins class=\"adsbygoogle\" style=\"display:block; text-align:center;\" data-ad-client=\"ca-pub-6203283170189293\" \ndata-ad-slot=\"7303146466\" \ndata-ad-layout=\"in-article\"\ndata-ad-format=\"fluid\" data-full-width-responsive=\"true\"><\/ins>\n<script> \n(adsbygoogle = window.adsbygoogle || []).push({}); \n<\/script>\n<\/div>\n<p id=\"yui_3_16_0_ym19_1_1495886247514_12564\"><span id=\"yui_3_16_0_ym19_1_1495886247514_12563\">Eski\u015fehir bu bak\u0131mdan \u015fansl\u0131 bir \u015fehirdir. Yunus Emre\u2019nin diyar\u0131nda \u015fiiri seven ve emek veren, de\u011fi\u015fik t\u00fcrlerde yazan pek \u00e7ok de\u011ferli \u015fairlere, \u00e2\u015f\u0131klara ve yazarlara ula\u015ft\u0131k. Onlar\u0131 tespit etmemizde, onlar\u0131 tan\u0131mam\u0131zda ve ula\u015fmam\u0131zda ba\u015fta Eski\u015fehir \u015eairler Derne\u011fi olmak \u00fczere Eski\u015fehirli \u015eairler, Ozanlar ve Yazarlar Derne\u011fi, Eski\u015fehir Emirda\u011f K\u00fclt\u00fcr ve Sanat Derne\u011fi, Eski\u015fehir Sanat Derne\u011fi, gibi \u00e7ok de\u011ferli sivil toplum kurulu\u015flar\u0131 y\u00f6neticileri yard\u0131mc\u0131 olmu\u015ftur.<\/span><\/p>\n<p id=\"yui_3_16_0_ym19_1_1495886247514_12562\"><span id=\"yui_3_16_0_ym19_1_1495886247514_12561\">Bu \u00e7al\u0131\u015fmalara ba\u015flad\u0131\u011f\u0131m\u0131zda \u015fairlerimizin pek \u00e7o\u011funun eserleri bas\u0131lmam\u0131\u015f haldeydi. Bunlar\u0131 basmalar\u0131 gerekti\u011finin bu \u00fclkeye bir bor\u00e7lar\u0131 oldu\u011funu her ay d\u00fczenledikleri toplant\u0131larda yapt\u0131\u011f\u0131m\u0131z konu\u015flarla te\u015fvik ettik. \u0130nsanlar\u0131m\u0131z\u0131n bu \u00fclkenin, bu milletin imk\u00e2nlar\u0131yla edindikleri k\u00fclt\u00fcrel birikimi, \u00e7ok de\u011ferli bir miras olarak milletine iade etmeden g\u00f6\u00e7\u00fcp gitmemeleri gerekti\u011fini telkin ettik. Bug\u00fcn \u015fairlerimizin hemen hepsini yay\u0131nlanm\u0131\u015f kitaplar\u0131 vard\u0131r. Baz\u0131lar\u0131n\u0131n birden \u00e7oktur.<\/span><\/p>\n<p id=\"yui_3_16_0_ym19_1_1495886247514_12559\"><span id=\"yui_3_16_0_ym19_1_1495886247514_12560\">\u015eairlerimiz \u015fiirin tad\u0131n\u0131 ve e\u011fitimini Eski\u015fehir \u015eairler Derne\u011fi\u2019nde alm\u0131\u015flard\u0131r. Dernek tan\u0131t\u0131m dosyas\u0131nda \u015f\u00f6yle tan\u0131t\u0131lmaktad\u0131r:<\/span><\/p>\n<p id=\"yui_3_16_0_ym19_1_1495886247514_12558\"><span id=\"yui_3_16_0_ym19_1_1495886247514_12557\">Eski\u015fehir\u2019de minicik bir tabelan\u0131n belirledi\u011fi b\u00fcy\u00fck bir dernek var. Eski\u015fehir \u015eairler Derne\u011fi 1992 y\u0131llar\u0131n\u0131n sonlar\u0131na do\u011fru bir avu\u00e7 \u015fair taraf\u0131ndan kurulmu\u015ftur. \u015eairler aras\u0131ndaki birlik, beraberlik ve karde\u015flik duygular\u0131n\u0131 geli\u015ftirmeyi, \u00e7e\u015fitli etkinliklerle \u015fiiri sevdirmeyi, gen\u00e7 \u015fairleri te\u015fvik edip, T\u00fcrk Edebiyat\u0131\u2019na kazand\u0131rmay\u0131, Eski\u015fehir\u2019in tan\u0131t\u0131m\u0131na katk\u0131da bulunmay\u0131 ama\u00e7 edinmi\u015ftir.<\/span><\/p>\n<p id=\"yui_3_16_0_ym19_1_1495886247514_12497\"><span id=\"yui_3_16_0_ym19_1_1495886247514_12496\">Bu Dernekte sevginin, sayg\u0131n\u0131n en art\u0131s\u0131n\u0131 bulursunuz. Burada a\u015fklar, h\u00fcz\u00fcnler, sevin\u00e7ler, ayr\u0131l\u0131klar, ac\u0131lar k\u0131sacas\u0131 b\u00fct\u00fcn duygular anlat\u0131labilecek en g\u00fczel \u015fekilde anlat\u0131l\u0131r. G\u00f6n\u00fcllere duygular kelimelerle resmedilir. Resimler konuya g\u00f6re renklenir. Bazen ye\u015ferir bazen pembele\u015fir, bazen de sarar\u0131r. Ba\u015fka bir deyi\u015fle duygular \u00f6nce kelimelere,\u00a0 sonra renklere d\u00f6n\u00fc\u015f\u00fcr.\u00a0 \u015eiir i\u015fte bu olmal\u0131d\u0131r.<\/span><\/p><div id=\"bghab-3033883325\" class=\"bghab-icerik-icine-20-paragraf bghab-entity-placement\"><script async src=\"\/\/pagead2.googlesyndication.com\/pagead\/js\/adsbygoogle.js?client=ca-pub-6203283170189293\" crossorigin=\"anonymous\"><\/script><ins class=\"adsbygoogle\" style=\"display:block; text-align:center;\" data-ad-client=\"ca-pub-6203283170189293\" \ndata-ad-slot=\"7303146466\" \ndata-ad-layout=\"in-article\"\ndata-ad-format=\"fluid\" data-full-width-responsive=\"true\"><\/ins>\n<script> \n(adsbygoogle = window.adsbygoogle || []).push({}); \n<\/script>\n<\/div>\n<p><img loading=\"lazy\" decoding=\"async\" id=\"yui_3_16_0_ym19_1_1495886247514_14294\" src=\"https:\/\/scontent-vie1-1.xx.fbcdn.net\/v\/t31.0-8\/18556546_10154842974574032_4700050732059628789_o.jpg?oh=804124590e506cfd010acac20e995188&amp;oe=59B67EBA\" alt=\"G\u00f6r\u00fcnt\u00fcn\u00fcn olas\u0131 i\u00e7eri\u011fi: bir veya daha fazla ki\u015fi, oturan insanlar ve kalabal\u0131k\" width=\"503\" height=\"335\" \/><\/p>\n<p id=\"yui_3_16_0_ym19_1_1495886247514_12499\"><span id=\"yui_3_16_0_ym19_1_1495886247514_12498\">Duygular\u0131n bu denli yo\u011fun oldu\u011fu bu yerde b\u00fcy\u00fckler b\u00fcy\u00fck, k\u00fc\u00e7\u00fckler k\u00fc\u00e7\u00fckt\u00fcr. B\u00fcy\u00fckler sever, korur, yol g\u00f6sterir, \u00f6rnek olur. K\u00fc\u00e7\u00fckler verilen do\u011frular\u0131 al\u0131r sayg\u0131 duyar,\u00a0 sayg\u0131 g\u00f6sterir. Derne\u011fe, derne\u011fin ad\u0131na lay\u0131k olmaya \u00e7al\u0131\u015f\u0131r. B\u00fct\u00fcn bunlar i\u00e7ten gelerek samimi bir ortamda cereyan eder. Buras\u0131 yani Eski\u015fehir \u015eairler Derne\u011fi b\u00fcy\u00fck bir tezg\u00e2ht\u0131r. Ba\u015fkan Say\u0131n \u0130brahim Sa\u011f\u0131r\u2019\u0131n \u201c\u015eairim Kafda\u011f\u0131 S\u0131rt\u0131mda Y\u00fck\u00fcm\u201d m\u0131sra\u0131nda belirtti\u011fi gibi,\u00a0 Kafda\u011f\u0131\u2019n\u0131 s\u0131rt\u0131na y\u00fcklenen herkes gelir oturur bu tezg\u00e2h\u0131n ba\u015f\u0131na. Se\u00e7er iplerini, belirir renklerini \u0130brahim Sa\u011f\u0131r,\u00a0 Muharrem Kubat, \u0130smail \u00c7elik, Nedim U\u00e7ar, Rasim K\u00f6ro\u011flu gibi ustalar\u0131n destek ve katk\u0131lar\u0131yla dokur g\u00f6nl\u00fcndeki desenleri ilmek ilmek, d\u00fc\u011f\u00fcm d\u00fc\u011f\u00fcm. Bir de bakars\u0131n\u0131z \u00f6yle g\u00fczellikler \u00e7\u0131km\u0131\u015f ki ortaya takdir etmemek, be\u011fenmemek m\u00fcmk\u00fcn de\u011fil.<\/span><\/p>\n<p>Bir \u00fcstad\u0131n dedi\u011fi gibi \u015fiir okuludur buras\u0131. Daha do\u011frusu \u015fiir akademisi biraz \u015fiirle ilgisi olan, biraz yetene\u011fi olan o kadar \u00e7ok ki\u015fi \u015fair olmu\u015f ki burada.<\/p>\n<p>Yaz\u0131lan \u015fiirler birbirini takip etmi\u015f, zamanla dernek \u00fcyesi \u015fairler b\u00f6lgesel, ulusal ve uluslararas\u0131 \u015fiir yar\u0131\u015fmalar\u0131na kat\u0131lm\u0131\u015ft\u0131r. Kazand\u0131klar\u0131 \u00f6d\u00fcllerin say\u0131s\u0131 her y\u0131l biraz daha artm\u0131\u015f.<\/p>\n<p>B\u00f6ylesine \u00f6zel ve g\u00fczel olan dernek s\u00f6z konusu etkinliklerin o kadar sessiz ve derinden yapar ki, \u015fiirle \u00e7ok yak\u0131ndan ilgisi olanlar d\u0131\u015f\u0131nda pek fazla ki\u015fiye duyurmaz sesini.<\/p>\n<p>\u015eairler Derne\u011fi her ay\u0131n ilk Cuma g\u00fcn\u00fc \u201cPorsuk \u015eiir Ak\u015famlar\u0131\u201d ad\u0131yla \u015fiir dinletisi d\u00fczenlenmektedir.<\/p><div id=\"bghab-1139632694\" class=\"bghab-icerik-icine-25-paragraf bghab-entity-placement\"><script async src=\"\/\/pagead2.googlesyndication.com\/pagead\/js\/adsbygoogle.js?client=ca-pub-6203283170189293\" crossorigin=\"anonymous\"><\/script><ins class=\"adsbygoogle\" style=\"display:block; text-align:center;\" data-ad-client=\"ca-pub-6203283170189293\" \ndata-ad-slot=\"7303146466\" \ndata-ad-layout=\"in-article\"\ndata-ad-format=\"fluid\" data-full-width-responsive=\"true\"><\/ins>\n<script> \n(adsbygoogle = window.adsbygoogle || []).push({}); \n<\/script>\n<\/div>\n<p>Bu \u00e7al\u0131\u015fmada Eski\u015fehir\u2019in g\u00fcn\u00fcm\u00fcz \u015fairlerinden s\u00f6z etmeyi planlad\u0131k. Bunlar\u0131 s\u0131ralarken dernek ba\u015fkanlar\u0131m\u0131zdan ba\u015flayarak bir s\u0131ra izledik. \u00c7al\u0131\u015fmam\u0131zda a\u011f\u0131rl\u0131kl\u0131 olarak dan\u0131\u015fmanl\u0131\u011f\u0131mda yap\u0131lan tezlerden yararlan\u0131lm\u0131\u015ft\u0131r.\u201d<\/p>\n<p>Prof. Buttanr\u0131, \u015eair Kenan Demirel,\u00a0 \u015eair \u0130brahim Sa\u011f\u0131r, \u015eair ve Yazar Ahmet Urfal\u0131, \u015eair Ertu\u011frul \u015eakar, \u015eair Muharrem Kubat, \u015eair Rasim K\u00f6ro\u011flu, \u015eair Halil G\u00fcrkan, \u015eair L\u00fctf\u00fc K\u0131l\u0131\u00e7, \u015eair Fikret Ak\u0131n, \u00c2\u015f\u0131k Perv\u00e2n\u00ee (\u0130smail \u00c7elik), \u015eair Fikret G\u00f6rg\u00fcn, \u015eair \u015eerife G\u00fcndo\u011fdu, \u015eair Burhanettin \u00c7il, \u015eair Rabia Bar\u0131\u015f, \u015eair Nedim U\u00e7ar, \u015eair Ayd\u0131n \u00c7etinkaya, \u015eair Hilmi Can, \u015eair Mehmet Ali Kalkan, \u015eair ve Ara\u015ft\u0131rmac\u0131 Yazar Erg\u00fcn Veren, Yazar ve \u015eair Ay\u015fe \u00c7eki\u015f Yaman hakk\u0131nda bilgiler sunarak \u015fiirlerinden \u00f6rnekler verdi.<\/p>\n<p id=\"yui_3_16_0_ym19_1_1495886247514_12502\"><span id=\"yui_3_16_0_ym19_1_1495886247514_12501\">Prof. Dr. Halil Buttanr\u0131\u2019ya kat\u0131l\u0131mlar\u0131ndan dolay\u0131 \u0130LESAM Y\u00f6netim Kurulu \u00fcyelerinden Prof. Dr. Nurullah \u00c7etin taraf\u0131ndan bir Te\u015fekk\u00fcr Belgesi takdim edildi.<\/span><\/p>\n<p><img loading=\"lazy\" decoding=\"async\" id=\"yui_3_16_0_ym19_1_1495886247514_12500\" src=\"https:\/\/scontent-vie1-1.xx.fbcdn.net\/v\/t31.0-8\/18623346_10154842976344032_5188502610538003648_o.jpg?oh=f6791e6dc5e0538a0a4f5e006a544335&amp;oe=59A19A2A\" alt=\"G\u00f6r\u00fcnt\u00fcn\u00fcn olas\u0131 i\u00e7eri\u011fi: 2 ki\u015fi, ayakta duran insanlar\" width=\"506\" height=\"337\" \/><\/p>\n<p id=\"yui_3_16_0_ym19_1_1495886247514_12505\"><span id=\"yui_3_16_0_ym19_1_1495886247514_12504\">Program ak\u0131\u015f\u0131 i\u00e7erisinde Eski\u015fehir \u015eairler Derne\u011fi Ba\u015fkan\u0131 Kenan Demirel de s\u00f6z ald\u0131.<\/span><\/p>\n<p><img loading=\"lazy\" decoding=\"async\" id=\"yui_3_16_0_ym19_1_1495886247514_12503\" src=\"https:\/\/scontent-vie1-1.xx.fbcdn.net\/v\/t31.0-8\/18558884_10154842976949032_7612148329056726921_o.jpg?oh=385b141327a88dd3b033b11098ab5680&amp;oe=59A2A594\" alt=\"G\u00f6r\u00fcnt\u00fcn\u00fcn olas\u0131 i\u00e7eri\u011fi: 1 ki\u015fi, tak\u0131m elbise\" width=\"503\" height=\"335\" \/><\/p>\n<p id=\"yui_3_16_0_ym19_1_1495886247514_12508\"><span id=\"yui_3_16_0_ym19_1_1495886247514_12507\">Kenan Demirel \u201cYunus Emre\u2019nin, Nasrettin Hoca\u2019n\u0131n, Battal Gazi\u2019nin diyar\u0131ndan selam getirdim. \u015eehrimiz k\u00fclt\u00fcr ba\u015fkenti. Say\u0131n Parmaks\u0131z ile Porsuk \u015eiir Ak\u015famlar\u0131\u2019nda tan\u0131\u015fm\u0131\u015f, giri\u015fken, \u00e7al\u0131\u015fkan bir insan oldu\u011funu orada hissetmi\u015ftim. Bizleri \u00e7ok g\u00fczel kar\u015f\u0131lad\u0131n\u0131z. Te\u015fekk\u00fcr ediyoruz. Eski\u015fehir \u015eairler Derne\u011fi 1992 y\u0131l\u0131nda kuruldu. Yirmi be\u015f y\u0131ll\u0131k bir ge\u00e7mi\u015fimiz var. Eski\u015fehir\u2019in \u015fiirinin g\u00fc\u00e7l\u00fc olmas\u0131nda akademisyenlerin bizlere yol g\u00f6stermesi \u00e7ok \u00f6nemlidir.\u201d diyerek Battal Gazi Barlas\u2019\u0131n \u201cYunus Emre\u201d temal\u0131 foto\u011fraf\u0131n\u0131 \u0130LESAM Genel Ba\u015fkan\u0131 Mehmet Nuri Parmaks\u0131z\u2019a takdim etti.<\/span><\/p><div id=\"bghab-3765023360\" class=\"bghab-icerik-icine-30-paragraf bghab-entity-placement\"><script async src=\"\/\/pagead2.googlesyndication.com\/pagead\/js\/adsbygoogle.js?client=ca-pub-6203283170189293\" crossorigin=\"anonymous\"><\/script><ins class=\"adsbygoogle\" style=\"display:block; text-align:center;\" data-ad-client=\"ca-pub-6203283170189293\" \ndata-ad-slot=\"7303146466\" \ndata-ad-layout=\"in-article\"\ndata-ad-format=\"fluid\" data-full-width-responsive=\"true\"><\/ins>\n<script> \n(adsbygoogle = window.adsbygoogle || []).push({}); \n<\/script>\n<\/div>\n<p><img loading=\"lazy\" decoding=\"async\" id=\"yui_3_16_0_ym19_1_1495886247514_12506\" src=\"https:\/\/scontent-vie1-1.xx.fbcdn.net\/v\/t31.0-8\/18556556_10154842914134032_3878830681874736472_o.jpg?oh=3261a7e429a9ee74b2c70e1211c5ea90&amp;oe=59BBE74D\" alt=\"G\u00f6r\u00fcnt\u00fcn\u00fcn olas\u0131 i\u00e7eri\u011fi: 3 ki\u015fi\" width=\"504\" height=\"336\" \/><\/p>\n<p id=\"yui_3_16_0_ym19_1_1495886247514_12511\"><span id=\"yui_3_16_0_ym19_1_1495886247514_12510\">Bulgaristan T\u00fcrkleri K\u00fclt\u00fcr ve Hizmet Derne\u011fi BULT\u00dcRK Ankara Temsilcisi Siyaset Bilimi ve Uluslararas\u0131 \u0130li\u015fkiler Uzman\u0131\/Ms.C. \u0130smail C\u0130NG\u00d6Z taraf\u0131ndan BULT\u00dcRK Genel Ba\u015fkan\u0131 Rafet Ulut\u00fcrk&#8217;\u00fcn &#8220;T\u00fcrk D\u00fcnyas\u0131nda Bir Bulgaristan T\u00fcrk\u00fc:Rafet Ulut\u00fcrk&#8221; isimli kitab\u0131\u00a0\u00a0\u00a0 \u0130LESAM Ba\u015fkan\u0131 Mehmet Nuri Parmaks\u0131z\u2019a hediye edildi.<\/span><\/p>\n<p><img loading=\"lazy\" decoding=\"async\" id=\"yui_3_16_0_ym19_1_1495886247514_12509\" src=\"https:\/\/scontent-vie1-1.xx.fbcdn.net\/v\/t31.0-8\/18595337_10154842914804032_1669783703489391270_o.jpg?oh=d26a636f7017adb797ff06b5627b6dbb&amp;oe=59B63444\" alt=\"G\u00f6r\u00fcnt\u00fcn\u00fcn olas\u0131 i\u00e7eri\u011fi: 3 ki\u015fi, tak\u0131m elbise\" width=\"509\" height=\"339\" \/><\/p>\n<p>Prof. Dr. Halil Butttanr\u0131 ve Prof. Dr. M\u00fczeyyen Butttanr\u0131 ise kendilerine ait pek \u00e7ok kitab\u0131 Ba\u015fkan Parmaks\u0131z\u2019a sunarak \u0130LESAM kitapl\u0131\u011f\u0131na arma\u011fan ettiler.<\/p>\n<p id=\"yui_3_16_0_ym19_1_1495886247514_12532\"><span id=\"yui_3_16_0_ym19_1_1495886247514_12531\">\u0130LESAM \u00fcyelerinden Erg\u00fcn Veren\u2019in sunumuyla devam eden\u00a0 \u201c\u015eiir Dinletisi\u201d birbirinden g\u00fczel \u015fiirlere ev sahipli\u011fi yapt\u0131.<br \/>\nEski\u015fehirli \u015fairler g\u00fcne g\u00fczellik katarak kat\u0131l\u0131mc\u0131lar\u0131n \u0130LESAM K\u00fclt\u00fcr Evi\u2019nde Eski\u015fehir havas\u0131 solumas\u0131n\u0131 sa\u011flad\u0131lar.<\/span><\/p>\n<p><img loading=\"lazy\" decoding=\"async\" id=\"yui_3_16_0_ym19_1_1495886247514_12530\" src=\"https:\/\/scontent-vie1-1.xx.fbcdn.net\/v\/t31.0-8\/18588798_10154842973569032_1655845946204362303_o.jpg?oh=1320fbfe920a32d3a196ff001d0f17c4&amp;oe=59BEB607\" alt=\"G\u00f6r\u00fcnt\u00fcn\u00fcn olas\u0131 i\u00e7eri\u011fi: 1 ki\u015fi\" width=\"504\" height=\"336\" \/><\/p>\n<p id=\"yui_3_16_0_ym19_1_1495886247514_12534\"><span id=\"yui_3_16_0_ym19_1_1495886247514_12533\">Kenan Demirel, Fikret G\u00f6rg\u00fcn, Ali Vafi, Ahmet Urfal\u0131, Ahmet Mavilio\u011flu, Sevin\u00e7 Do\u011fancan G\u00fcven, Selahattin \u00c7oban, Necibe \u00c7etinkaya, \u015eerife G\u00fcndo\u011fdu, Ersin G\u00fcndo\u011fdu, A\u015f\u0131k Bayrami, Hilmi Can, Halil Sevindi, Halil Yazanel, Fevzi Da\u015fk\u0131n, Ali Kemal Par\u0131ldar, Sibel Unur \u00d6zdemir, Sadiye Unur, \u00a0Necmi Dal, Fevzi G\u00f6kalp, Bayram Yelen, Arife Aslan, Seyfettin \u00c7oban, Yasemin Do\u011fan, A\u015f\u0131k Dudai, T\u00fclin Hatun \u015eenel, Prof. Dr. M\u00fczeyyen Buttanr\u0131, Prof. Dr. Halil Buttanr\u0131, Reyhan \u00d6z\u00e7ift\u00e7i, Saide Mersin ve Hamdi Mersin etkinli\u011fe kat\u0131lan isimler aras\u0131ndayd\u0131.<\/span><\/p>\n<p id=\"yui_3_16_0_ym19_1_1495886247514_14295\">\u0130stanbul, Eski\u015fehir, evlat, anne,\u00a0 s\u0131r, nasihat, su, Kerbela, Hak, dua temal\u0131 \u015fiirler \u015fairlerinin dilinde can buldu.<\/p><div id=\"bghab-3968759527\" class=\"bghab-icerik-icine-35-paragraf bghab-entity-placement\"><script async src=\"\/\/pagead2.googlesyndication.com\/pagead\/js\/adsbygoogle.js?client=ca-pub-6203283170189293\" crossorigin=\"anonymous\"><\/script><ins class=\"adsbygoogle\" style=\"display:block; text-align:center;\" data-ad-client=\"ca-pub-6203283170189293\" \ndata-ad-slot=\"7303146466\" \ndata-ad-layout=\"in-article\"\ndata-ad-format=\"fluid\" data-full-width-responsive=\"true\"><\/ins>\n<script> \n(adsbygoogle = window.adsbygoogle || []).push({}); \n<\/script>\n<\/div>\n<p>G\u00fczel bir Cumartesi etkinli\u011fi daha y\u00fcreklerdeki yerini ald\u0131.<\/p>\n<p>\u0130LESAM \u015eiir Dinletilerimize \u015fiire, sanata ve k\u00fclt\u00fcre g\u00f6n\u00fcl veren herkesi- \u00fcyemiz olsun veya olmas\u0131n-bekliyoruz. Unutmay\u0131n!<\/p>\n<p>Haber Metni Ve Foto\u011fraflar: Sibel Unur \u00d6zdemir<\/p>\n<\/div>\n<div id=\"yui_3_16_0_ym19_1_1495886247514_14299\">\n<p id=\"yui_3_16_0_ym19_1_1495886247514_14298\"><span id=\"yui_3_16_0_ym19_1_1495886247514_14297\"><img loading=\"lazy\" decoding=\"async\" id=\"yui_3_16_0_ym19_1_1495886247514_14296\" src=\"https:\/\/scontent-frt3-1.xx.fbcdn.net\/v\/t1.0-1\/c3.0.200.200\/p200x200\/12376761_993494474040759_5729285203281159240_n.jpg?oh=d081ff2e66eed857bc8e883f649b2945&amp;oe=593B435D\" alt=\"\" width=\"146\" height=\"146\" \/><\/span><\/p>\n<\/div>\n<\/div>\n<\/blockquote>\n<\/div>\n<\/div>\n<\/blockquote>\n<div id=\"bghab-3300398786\" class=\"bghab-yazi-altinda bghab-entity-placement\"><div class=\"bghab-adlabel\">Reklamlar<\/div><script async src=\"https:\/\/pagead2.googlesyndication.com\/pagead\/js\/adsbygoogle.js\"><\/script>\r\n<!-- bghaber-yaz\u0131-sonu -->\r\n<ins class=\"adsbygoogle\"\r\n     style=\"display:block\"\r\n     data-ad-client=\"ca-pub-6203283170189293\"\r\n     data-ad-slot=\"4222328180\"\r\n     data-ad-format=\"auto\"\r\n     data-full-width-responsive=\"true\"><\/ins>\r\n<script>\r\n     (adsbygoogle = window.adsbygoogle || []).push({});\r\n<\/script><\/div><br style=\"clear: both; display: block; float: none;\"\/>","protected":false},"excerpt":{"rendered":"<p>Edebiyat\u0131n, sanat\u0131n, k\u00fclt\u00fcr\u00fcn, akt\u00fcel konular\u0131n bulu\u015fma noktas\u0131 olan \u0130LESAM Genel Merkezi\u2019nde 20 May\u0131s 2017 tarihinde yeni bir etkinlik daha ger\u00e7ekle\u015ftirildi. \u0130LESAM Genel Ba\u015fkan\u0131 Mehmet Nuri<\/p>\n","protected":false},"author":13,"featured_media":23220,"comment_status":"closed","ping_status":"closed","sticky":false,"template":"","format":"standard","meta":{"advanced_seo_description":"","jetpack_seo_html_title":"","jetpack_seo_noindex":false,"_jetpack_memberships_contains_paid_content":false,"footnotes":""},"categories":[10],"tags":[],"class_list":["post-23218","post","type-post","status-publish","format-standard","has-post-thumbnail","hentry","category-kultur-sanat"],"jetpack_featured_media_url":"https:\/\/i0.wp.com\/www.bghaber.org\/bghaber\/wp-content\/uploads\/2017\/05\/18595337_10154842914804032_1669783703489391270_o.jpg?fit=1080%2C720&ssl=1","jetpack_sharing_enabled":true,"jetpack_likes_enabled":true,"jetpack-related-posts":[],"jetpack_shortlink":"https:\/\/wp.me\/pc2PfJ-62u","_links":{"self":[{"href":"https:\/\/www.bghaber.org\/bghaber\/wp-json\/wp\/v2\/posts\/23218","targetHints":{"allow":["GET"]}}],"collection":[{"href":"https:\/\/www.bghaber.org\/bghaber\/wp-json\/wp\/v2\/posts"}],"about":[{"href":"https:\/\/www.bghaber.org\/bghaber\/wp-json\/wp\/v2\/types\/post"}],"author":[{"embeddable":true,"href":"https:\/\/www.bghaber.org\/bghaber\/wp-json\/wp\/v2\/users\/13"}],"replies":[{"embeddable":true,"href":"https:\/\/www.bghaber.org\/bghaber\/wp-json\/wp\/v2\/comments?post=23218"}],"version-history":[{"count":0,"href":"https:\/\/www.bghaber.org\/bghaber\/wp-json\/wp\/v2\/posts\/23218\/revisions"}],"wp:featuredmedia":[{"embeddable":true,"href":"https:\/\/www.bghaber.org\/bghaber\/wp-json\/wp\/v2\/media\/23220"}],"wp:attachment":[{"href":"https:\/\/www.bghaber.org\/bghaber\/wp-json\/wp\/v2\/media?parent=23218"}],"wp:term":[{"taxonomy":"category","embeddable":true,"href":"https:\/\/www.bghaber.org\/bghaber\/wp-json\/wp\/v2\/categories?post=23218"},{"taxonomy":"post_tag","embeddable":true,"href":"https:\/\/www.bghaber.org\/bghaber\/wp-json\/wp\/v2\/tags?post=23218"}],"curies":[{"name":"wp","href":"https:\/\/api.w.org\/{rel}","templated":true}]}}