{"id":23210,"date":"2017-05-27T01:47:10","date_gmt":"2017-05-26T22:47:10","guid":{"rendered":"http:\/\/www.bghaber.org\/bghaber\/?p=23210"},"modified":"2017-05-27T01:48:05","modified_gmt":"2017-05-26T22:48:05","slug":"bugun-kalbim-daha-yakin-allaha","status":"publish","type":"post","link":"https:\/\/www.bghaber.org\/bghaber\/bugun-kalbim-daha-yakin-allaha\/","title":{"rendered":"Bug\u00fcn Kalbim Daha Yak\u0131n Allah\u2019a"},"content":{"rendered":"<p><img data-recalc-dims=\"1\" decoding=\"async\" class=\"alignleft\" src=\"https:\/\/i0.wp.com\/www.bghaber.org\/bghaber\/wp-content\/uploads\/2017\/03\/osman.jpg?w=640\" \/>Osman B\u00dcLB\u00dcL<\/p>\n<p>Tarih:\u00a0\u00a0\u00a0 26 May\u0131s 2017<\/p>\n<p>Konu: <strong>Ah, o eski Ramazanlar<\/strong><\/p>\n<p>Sahura \u00e7a\u011f\u0131ran ses h\u00fczzam makam\u0131d\u0131r. Recep, \u015eaban derken Ramazan geldi\u011fini haber verir. \u0130lk sahur gecesindeyim. Yaln\u0131z\u0131m. Viyana\u2019day\u0131m. Ruhumu b\u00fcy\u00fck bir \u00f6zlem sard\u0131. Ramazan zaman\u0131n sultan\u0131d\u0131r da, hi\u00e7bir an\u0131 geri getiremez. Ancak zamanlar\u0131n en g\u00fczelidir. \u0130nanc\u0131m\u0131zda, oru\u00e7 tutan cennete davet al\u0131r. Hayat yolumuzda kader \u00fcst\u00fc kader oldu\u011fundan iyi ve k\u00f6t\u00fcy\u00fc sanki kendimiz yarat\u0131r\u0131z. \u00d6yle olmasa bile kendimizi su\u00e7lamay\u0131\u00a0 hatta ba\u015fkas\u0131n\u0131n su\u00e7unu y\u00fcklenip dola\u015fmay\u0131 severiz.<\/p>\n<p>1939 do\u011fumluyum. Ku\u015fa\u011f\u0131m\u0131n cennet anlay\u0131\u015f\u0131 Ali Baba ve G\u00fcl Baba gibi evliya masallar\u0131ndaki g\u00fcl bah\u00e7eleriyle bezenmi\u015ftir. Yery\u00fcz\u00fcndeki en b\u00fcy\u00fck g\u00fcl bah\u00e7eleri cennetinde do\u011fdum da, g\u00fcl denince akl\u0131ma gelen evimizin kap\u0131s\u0131d\u0131r. Kemerinde sarma\u015f\u0131k g\u00fcllerden k\u0131rm\u0131z\u0131 \u00e7elenk a\u00e7ard\u0131. Cilas\u0131 a\u015f\u0131nm\u0131\u015f duvar kiremitlerden, rengi olarak her bahar maviye se\u00e7en s\u00fcmb\u00fcl salk\u0131mlar gelen ge\u00e7ene selam esirgemezdi. 70\u201380 y\u0131l \u00f6ncesinden s\u00f6z esiyorum. \u00a0Bug\u00fcne kadar ne g\u00fcllerin ne s\u00fcmb\u00fcllerin rengi de\u011fi\u015fti, ne de insan sevgisi\u2026 O zamanlar bizim k\u00f6yde her \u015feyimiz herkese yetiyordu. G\u00fczelli\u011fine k\u0131y\u0131p kimseciklerin dokunmad\u0131\u011f\u0131 s\u00fcmb\u00fcller g\u00f6zlerimin \u00f6n\u00fcnde! Ge\u00e7mi\u015fe, gelmi\u015f ge\u00e7mi\u015f diyenler aldan\u0131yorlar. Bug\u00fcn nedir? Ge\u00e7mi\u015ften s\u00fcz\u00fclen ve ruhumuzda ya\u015fayan bir damla, belki de haf\u0131zam\u0131zda bir zar. Bu, \u00f6yle bir damla ki, hi\u00e7bir \u015feyini de\u011fi\u015ftiremezsin, zar desem \u00e7ap canl\u0131 bir g\u00fcl yapra\u011f\u0131. G\u00fczellik alt\u0131n gibi, haf\u0131zaya g\u00f6m\u00fcl\u00fcnce eskimiyor, y\u0131llar\u0131n suyunda y\u0131kand\u0131k\u00e7a parl\u0131yor.<\/p><div id=\"bghab-1936707202\" class=\"bghab-icerik-icine bghab-entity-placement\"><script async src=\"\/\/pagead2.googlesyndication.com\/pagead\/js\/adsbygoogle.js?client=ca-pub-6203283170189293\" crossorigin=\"anonymous\"><\/script><ins class=\"adsbygoogle\" style=\"display:block; text-align:center;\" data-ad-client=\"ca-pub-6203283170189293\" \ndata-ad-slot=\"7303146466\" \ndata-ad-layout=\"in-article\"\ndata-ad-format=\"fluid\" data-full-width-responsive=\"true\"><\/ins>\n<script> \n(adsbygoogle = window.adsbygoogle || []).push({}); \n<\/script>\n<\/div>\n<p>\u015eu da ilgin\u00e7, herkesin hayat damlas\u0131 farkl\u0131! Kimisi b\u00fcy\u00fck, kimisi ufak! Ruhsal zenginli\u011fimiz i\u015fte bu damlan\u0131n \u00f6z\u00fcnde gizli. Bu \u00f6yle sonradan b\u00fcy\u00fct\u00fclebilen ya da k\u00fc\u00e7\u00fclt\u00fclebilen bir \u015fey de\u011fil. \u00d6rne\u011fin g\u00fcl kokusunu b\u00fcy\u00fctebilir misiniz? Rengini de\u011fi\u015ftirebilir misin. Hay\u0131r. Neyse o. Hem de t\u00fcm renk tonlar\u0131 insan\u0131 ayn\u0131 derecede mutlu ediyor. Bunlar\u0131 anlatmam\u0131n nedeni bu sene Ramazan\u2019\u0131n bahar\u0131n b\u00fct\u00fcn renklerde hayat buldu\u011fu g\u00fcnlere rastlamas\u0131ndad\u0131r. Oturmu\u015f, ah \u015fu eski Ramazanlar diyorum.<\/p>\n<p>Dedem, babam ve ben k\u00f6y camisine birlikte giderdik. Namazl\u0131klar\u0131m\u0131z\u0131 sa\u011f omuzlar\u0131m\u0131zda g\u00f6t\u00fcr\u00fcrd\u00fck. Namaza dedemin sa\u011f\u0131nda durur, b\u00fcy\u00fcklerin ayar\u0131nca t\u00fcm kurallara ben de uyard\u0131m. G\u00fcl k\u00f6k\u00fcnden oyulmu\u015f tespihi elinden d\u00fc\u015fmeyen dedemin dizi dibinde dinledi\u011fim ramazan sohbetlerine doyum olmazd\u0131.<\/p>\n<p>T\u00fck k\u00f6y halk\u0131 gibi avlumuzdaki as\u0131rl\u0131k kestane de Ramazan\u2019a haz\u0131rlan\u0131rd\u0131. Dallar\u0131m\u0131n alt\u0131na kurulan sahur ve iftar sofralar\u0131na \u00e7i\u00e7eklerimden d\u00f6k\u00fclmesin diye tedbir al\u0131rd\u0131. \u00c7i\u00e7eklerini birka\u00e7 g\u00fcnde d\u00f6ker, yapraklar\u0131n\u0131 diker ve gururlanma fasl\u0131na ge\u00e7erdi.<\/p>\n<p>G\u00f6rkemli g\u00f6lgesinin yar\u0131s\u0131n\u0131 kapsayan ta\u015f \u00e7evreli s\u0131\u011f\u0131 havuza su vermeye tam da o d\u00f6nem ba\u015flard\u0131k. Su kesilmese de havuz yaz boyu dolmazd\u0131. Bu ayr\u0131nt\u0131y\u0131 anlatmam\u0131n nedeni, ya\u011f\u0131\u015fl\u0131 ve r\u00fczg\u00e2rl\u0131 olmayan Ramazan gecelerinin kestane alt\u0131na ge\u00e7irmi\u015f olmamdand\u0131r. \u00c7ok e\u011flenceli unutamad\u0131\u011f\u0131m gecelerdir. Su i\u00e7meye doymayan dev a\u011fa\u00e7 meyvelerini \u00f6zenle b\u00fcy\u00fctmeye \u00fc\u015fenmezken, onlar\u0131 daha s\u00fct halindeyken kal\u0131n ve dikenli kabuk i\u00e7ine saklar, dikenlerden korkmadan kabu\u011fu \u00e7atlatan kestanelerin pat pat d\u00fc\u015fmesi ve topra\u011fa g\u00f6m\u00fclme arzusu dikkatimi \u00e7ekerdi.<\/p>\n<p>Ramazanda kestane alt\u0131 bizim misafirhanemizdi. Ramazan geldi ho\u015f geldi havas\u0131 b\u00fct\u00fcn kap\u0131lar\u0131 a\u00e7ard\u0131. Yaln\u0131z evlere de\u011fil, avlulara, bah\u00e7elere, asma altlar\u0131na kurulan divanlara ve bizim kestane alt\u0131na serilen has\u0131rlar\u0131n \u00fczerine at\u0131lan d\u00f6\u015fek ve yast\u0131klar\u0131n \u00fczerine kurulan sofralara ne\u015fe gelirdi. Konu\u015fmalar manile\u015firdi. Saz tambura dile gelir. \u201cBu aya h\u00fcrmet gerek, Nimete \u015f\u00fck\u00fcr gerek, \u0130mamdad\u0131r saadet, Bunu b\u00f6yle bildik mi?\u201d diye ba\u015flard\u0131. \u201cDere co\u015fmu\u015f \u00e7a\u011fl\u0131yor. Da\u011f\u0131 duman ba\u011fl\u0131yor. Zengin olsa ne fayda, Fakir karde\u015f a\u011f\u0131l\u0131yor.\u201d\u00a0 Gece boyu d\u00f6nen \u00e7ark kendili\u011finden d\u00f6nmeye ba\u015flard\u0131. Ramazanda k\u00f6y\u00fcm\u00fcze vaadi k\u00f6ylerden ve Balkan ard\u0131ndan \u00e7ok misafir inerdi.<\/p><div id=\"bghab-2881727046\" class=\"bghab-icerik-icine-10-paragraf bghab-entity-placement\"><script async src=\"\/\/pagead2.googlesyndication.com\/pagead\/js\/adsbygoogle.js?client=ca-pub-6203283170189293\" crossorigin=\"anonymous\"><\/script><ins class=\"adsbygoogle\" style=\"display:block; text-align:center;\" data-ad-client=\"ca-pub-6203283170189293\" \ndata-ad-slot=\"7303146466\" \ndata-ad-layout=\"in-article\"\ndata-ad-format=\"fluid\" data-full-width-responsive=\"true\"><\/ins>\n<script> \n(adsbygoogle = window.adsbygoogle || []).push({}); \n<\/script>\n<\/div>\n<p>Ramazan gece sohbetlerinde s\u0131k\u00e7a i\u015fitilen s\u00f6zler rahmet ve bereket olurdu. Olu\u015fan huzurlu havada h\u0131rs ate\u015fi s\u00f6nerdi. Fukaralar fukaral\u0131\u011f\u0131n\u0131 unutur. Gelenler ne kadar kalabal\u0131k olursa olsun, herkesin k\u0131smetiyle geldi\u011fi kabul edilir ve sofralar ve sevgi sayg\u0131 dolup ta\u015fard\u0131.<\/p>\n<p>Bereketli gecelerde herkes ad\u0131m ad\u0131m Bayrama haz\u0131rlan\u0131rd\u0131. Bayram sabah\u0131 unutulmasa gereken unutulur, af edilmesi gereken ba\u011f\u0131\u015flan\u0131r ve k\u00f6y hayat\u0131 sanki yeniden do\u011fard\u0131. Ben Ramazan namaz\u0131na gitmez g\u00fcl kemer \u00f6n\u00fcnde dedemi ve babam\u0131 bekler el \u00f6per ve bah\u015fi\u015f al\u0131rd\u0131m.<\/p>\n<p>O hat\u0131ralar\u0131mda, eski ve zaman\u0131n\u0131 ya\u015fam\u0131\u015f olan\u0131n bir heykel gibi devrildi\u011fini, orucun serin bir r\u00fczg\u00e2r gibi geldi\u011fini ve i\u00e7imde bir ilham da\u011f\u0131n\u0131n do\u011fdu\u011funu hissediyordum.<\/p>\n<p>Savura \u00e7a\u011f\u0131ran davul. Davulcunun kadife sesindeki sayg\u0131! Evlerin bir nurlu ne\u015feyle canlanmas\u0131! Dualarla gelen g\u00f6n\u00fcl rahatl\u0131\u011f\u0131! Ve bug\u00fcn i\u00e7imdeki yurdumdan, k\u00f6y\u00fcmden, akrabalar\u0131mdan, o eski ortamlardan uzak kalman\u0131n gam\u0131. O eski duygular\u0131mla ya\u015fad\u0131\u011f\u0131m i\u00e7in, mutluyum, \u00e7ok \u015f\u00fck\u00fcr.<\/p>\n<p>Asl\u0131nda biz Bulgaristan T\u00fcrkleri i\u00e7in Ramazan ay\u0131, bu defa rastlad\u0131\u011f\u0131 May\u0131s ve Haziran aylar\u0131, g\u00fcl\u00fcp e\u011flenme ay\u0131 olmaktan fazla, g\u00f6zya\u015f\u0131 d\u00f6kme ay\u0131d\u0131r. Benim Viyana\u2019ya \u00e7\u0131kmak zorunda kald\u0131\u011f\u0131m 1989 May\u0131s\u0131nda biz Ramazanlar\u0131m\u0131z\u0131 serbest\u00e7e ya\u015famak, orucumuzu tutmak, ezan sesimizi dinlemek, davulcumuza, \u00e7ocuklar\u0131m\u0131za, sofram\u0131za, g\u00fcl ve s\u00fcmb\u00fcllerimize sevinmek, fitremizi vermek, \u00e7ocuk ve torunlar\u0131m\u0131z\u0131 sevindirmek i\u00e7in bir\u00e7ok \u015fehit verdik. B\u00fcy\u00fck G\u00f6\u00e7le bilinmez ac\u0131lar ya\u015fad\u0131k. Par\u00e7aland\u0131k! 1950\u2019de, 1976\u2019da a\u011flad\u0131 benim neslim, 1989\u2019da bir daha g\u00f6zya\u015f\u0131 d\u00f6kt\u00fc. Yaralar kapanmad\u0131. O g\u00fcn bug\u00fcn ac\u0131lar bitmedi.<\/p><div id=\"bghab-3656641681\" class=\"bghab-icerik-icine-15-paragraf bghab-entity-placement\"><script async src=\"\/\/pagead2.googlesyndication.com\/pagead\/js\/adsbygoogle.js?client=ca-pub-6203283170189293\" crossorigin=\"anonymous\"><\/script><ins class=\"adsbygoogle\" style=\"display:block; text-align:center;\" data-ad-client=\"ca-pub-6203283170189293\" \ndata-ad-slot=\"7303146466\" \ndata-ad-layout=\"in-article\"\ndata-ad-format=\"fluid\" data-full-width-responsive=\"true\"><\/ins>\n<script> \n(adsbygoogle = window.adsbygoogle || []).push({}); \n<\/script>\n<\/div>\n<p>Ve ben bug\u00fcn sizden uzakta sahurumu, orucumu, iftar\u0131m\u0131, g\u00f6nl\u00fcm\u00fc a\u00e7\u0131p doya doya dua etmeyi \u00f6zledim, Ramazanlar\u0131m\u0131z\u0131 \u00f6zledim. G\u00fcnahtan ar\u0131nm\u0131\u015f, ba\u015f\u0131 dik, g\u00f6zlerinde nur, yenilmez ruhlu karde\u015flerimi, hepinizi, halk\u0131m\u0131 \u00f6zledim.<\/p>\n<p>Uzak da olsam sizden! internet d\u00fcnyay\u0131 k\u00f6y\u00fcm\u00fcz yapt\u0131. \u0130zliyorum olup biteni. 19 May\u0131s Cebel \u015fehitleri anma t\u00f6reninden resimleri g\u00f6rd\u00fcm. \u201c<strong>Misyon<\/strong>\u201dda \u00e7\u0131kan yorumlar\u0131 okudum. Neyi payla\u015fam\u0131yoruz anlayamad\u0131m. \u201cBelene\u201d kamp\u0131nda da \u00f6yleydi. Toplama kamp\u0131ndan kazan\u00e7l\u0131, subay \u00e7\u0131kma heveslileri vard\u0131. Orada birlikte m\u0131s\u0131r \u00e7apalarken \u00f6n\u00fcm\u00fcze \u00e7\u0131kan \u00e7ene, di\u015f, kaburga kemiklerini, sa\u011f\u0131mda solumda sar\u0131 ve soluk benizli karde\u015flerimi hat\u0131rlad\u0131k\u00e7a, bug\u00fcn olup bitene anlam veremiyorum. Bizden olmayanlar, davam\u0131zdan su almam\u0131\u015f tipler ba\u015fa ge\u00e7tiler. Kime hizmet ettiklerini bilmeden dan\u0131\u015fl\u0131 d\u00f6v\u00fc\u015ferek hainlik ediyorlar. B\u00f6l\u00fcnmemiz \u00e7ok k\u00f6t\u00fc oldu. \u00d6mr\u00fcnde hafiyelikten ba\u015fka do\u011fru d\u00fcr\u00fcst bir i\u015f yapmam\u0131\u015f, 4 kitap okumam\u0131\u015f, ko\u011fu\u015f kokusu solumam\u0131\u015f ki\u015filerin nas\u0131l olur da hakl\u0131 davam\u0131za ton verebildi\u011fine \u015fa\u015f\u0131yorum.<\/p>\n<p>Ortam tahlili, \u00a0Herkes T\u00fcrk\u00e7emizden korkuyor. T\u00fcrk\u00e7e konu\u015fmaktan korkuyor. Karde\u015flerim k\u00fcrs\u00fcye \u00e7\u0131k\u0131p da T\u00fcrkler \u00f6n\u00fcnde T\u00fcrk\u00e7e konu\u015fmayan bir ki\u015fi, bizim T\u00fcrkl\u00fck davam\u0131z i\u00e7in m\u00fccadele, kavga etmez, ne \u015fehit ne de gazi olur. O mitingde, T\u00fcrk\u00e7e konu\u015fulmad\u0131k\u00e7a hi\u00e7 kimse T\u00fcrkl\u00fck u\u011fruna hislenmez, k\u00fckremez. B\u00fcy\u00fck bir isyan\u0131n y\u0131ld\u00f6n\u00fcm\u00fc bu kadar s\u00f6n\u00fck ve soluk, anlams\u0131z ve durgun an\u0131l\u0131r m\u0131? Domuz k\u00f6ftecileri T\u00fcrkl\u00fck u\u011fruna \u015fahlanmaz\u2026 Mitingkler mide doldurmak i\u00e7in de\u011fil ruh beslemek i\u00e7in yap\u0131l\u0131r. Oru\u00e7 tutan\u0131n M\u00fcsl\u00fcman ruhunu besledi\u011fi gibi\u2026<\/p>\n<p>B\u00fcy\u00fck m\u00fccadeleler sab\u0131r i\u015fidir. Sab\u0131r tohumlar\u0131 g\u00fcn g\u00fcn ekilir. Anma t\u00f6renleri mah\u015fer gibidir. Mah\u015ferde duygular fikre ve meyveye d\u00f6n\u00fcp d\u00f6k\u00fcl\u00fcr. Biz 28 y\u0131l \u00f6nce Cebel gayr\u0131na ne ektik ve bug\u00fcn ne bi\u00e7iyoruz? Nerede o isimlerimiz, dinimiz, dilimiz, adetlerimiz, dedelerimizin kefensiz g\u00f6m\u00fclmesine kar\u015f\u0131 isyan edi\u015fimiz!\u00a0 \u015eeytan ruhunuzu esir mi ald\u0131. Nedir payla\u015f\u0131lamayan, daha fazla yaranma gafletine d\u00fc\u015fm\u00fc\u015f\u00fcz, bu g\u00fcnah af olmaz!<\/p>\n<p>Bir \u00f6m\u00fcr, cennet nerede? G\u00fclde, s\u00fcmb\u00fclde ya da kestane dallar\u0131nda m\u0131 diye d\u00fc\u015f\u00fcnd\u00fcm. Oru\u00e7 bozarken hangi gece cennete mek\u00e2n se\u00e7ilir diye hayal ettim. \u0130\u00e7imde hep g\u00f6kleri arayan bir ses vard\u0131. Cennet sanki \u0131\u015f\u0131ktayd\u0131\u2026<\/p><div id=\"bghab-799299884\" class=\"bghab-icerik-icine-20-paragraf bghab-entity-placement\"><script async src=\"\/\/pagead2.googlesyndication.com\/pagead\/js\/adsbygoogle.js?client=ca-pub-6203283170189293\" crossorigin=\"anonymous\"><\/script><ins class=\"adsbygoogle\" style=\"display:block; text-align:center;\" data-ad-client=\"ca-pub-6203283170189293\" \ndata-ad-slot=\"7303146466\" \ndata-ad-layout=\"in-article\"\ndata-ad-format=\"fluid\" data-full-width-responsive=\"true\"><\/ins>\n<script> \n(adsbygoogle = window.adsbygoogle || []).push({}); \n<\/script>\n<\/div>\n<p>O ses bana cennet insan\u0131n do\u011fup b\u00fcy\u00fcd\u00fc\u011f\u00fc, sevdi\u011fi, \u0131slah etti\u011fi yerdir dedi hep.<\/p>\n<p>\u015eunu da d\u00fc\u015f\u00fcn\u00fcyorum vatandan ve yak\u0131nlar\u0131mdan uzakta. Ba\u015fka birinin hakk\u0131na uzanmakla asla mutlu olunamaz. Ba\u015fkas\u0131n\u0131n vatan\u0131 ve cenneti gasp edilemez. D\u00fcnyada neyin hay\u0131r ve neyin g\u00fcnah oldu\u011fu kitab\u0131 hen\u00fcz tam olarak yaz\u0131lamam\u0131\u015f gibi. Kan\u0131mca, en b\u00fcy\u00fck hainlik yaln\u0131z bir halka ve onun hakl\u0131 davas\u0131na ihanet etmek de\u011fil, bir de onu b\u00f6lmek, geleneklerini ve ya\u015fam tarz\u0131n\u0131, bayramlar\u0131n\u0131 yok etmeye \u00e7al\u0131\u015fmak, ge\u00e7mi\u015fini unutturup gelece\u011fini k\u00f6reltmektir. Bir k\u0131r menek\u015fesi bir saks\u0131da a\u00e7abilir, fakat orman saks\u0131da yeti\u015fmez. A\u011fa\u00e7lar\u0131n boylar\u0131 k\u00f6kleri kadard\u0131r. Tek a\u011fa\u00e7l\u0131 orman olmaz. Burada tekim. Yani hi\u00e7 bir \u015feyim. Kendi kendimle konu\u015fuyor, hat\u0131ratlar\u0131mla ya\u015f\u0131yor ve daha g\u00fczel bir gelecek \u00f6zl\u00fcyorum. E\u011fer bu umut cennetse onun vatan\u0131m oldu\u011funa inan\u0131yorum. Ormandaki a\u011fa\u00e7lar\u0131n birbirini arad\u0131\u011f\u0131 gibi ben de uzakta da olsam sizinle ya\u015famaya \u00e7al\u0131\u015farak, sizin i\u00e7in dua ediyorum. Biz T\u00fcrkler burada ne k\u00f6y\u00fcz ne kasaba. Yaln\u0131zl\u0131k \u00e7ok ac\u0131 bir ger\u00e7ek. \u0130lk sahura b\u00f6yle duygularla haz\u0131rlan\u0131yorum. Allah kabul etsin!<\/p>\n<p>Bug\u00fcn kalbim daha yak\u0131n Allah\u2019a!<\/p>\n<div id=\"bghab-4180598193\" class=\"bghab-yazi-altinda bghab-entity-placement\"><div class=\"bghab-adlabel\">Reklamlar<\/div><script async src=\"https:\/\/pagead2.googlesyndication.com\/pagead\/js\/adsbygoogle.js\"><\/script>\r\n<!-- bghaber-yaz\u0131-sonu -->\r\n<ins class=\"adsbygoogle\"\r\n     style=\"display:block\"\r\n     data-ad-client=\"ca-pub-6203283170189293\"\r\n     data-ad-slot=\"4222328180\"\r\n     data-ad-format=\"auto\"\r\n     data-full-width-responsive=\"true\"><\/ins>\r\n<script>\r\n     (adsbygoogle = window.adsbygoogle || []).push({});\r\n<\/script><\/div><br style=\"clear: both; display: block; float: none;\"\/>","protected":false},"excerpt":{"rendered":"<p>Osman B\u00dcLB\u00dcL Tarih:\u00a0\u00a0\u00a0 26 May\u0131s 2017 Konu: Ah, o eski Ramazanlar Sahura \u00e7a\u011f\u0131ran ses h\u00fczzam makam\u0131d\u0131r. Recep, \u015eaban derken Ramazan geldi\u011fini haber verir. \u0130lk sahur<\/p>\n","protected":false},"author":13,"featured_media":0,"comment_status":"closed","ping_status":"closed","sticky":false,"template":"","format":"standard","meta":{"advanced_seo_description":"","jetpack_seo_html_title":"","jetpack_seo_noindex":false,"_jetpack_memberships_contains_paid_content":false,"footnotes":""},"categories":[6],"tags":[],"class_list":["post-23210","post","type-post","status-publish","format-standard","hentry","category-yorum"],"jetpack_featured_media_url":"","jetpack_sharing_enabled":true,"jetpack_likes_enabled":true,"jetpack-related-posts":[],"jetpack_shortlink":"https:\/\/wp.me\/pc2PfJ-62m","_links":{"self":[{"href":"https:\/\/www.bghaber.org\/bghaber\/wp-json\/wp\/v2\/posts\/23210","targetHints":{"allow":["GET"]}}],"collection":[{"href":"https:\/\/www.bghaber.org\/bghaber\/wp-json\/wp\/v2\/posts"}],"about":[{"href":"https:\/\/www.bghaber.org\/bghaber\/wp-json\/wp\/v2\/types\/post"}],"author":[{"embeddable":true,"href":"https:\/\/www.bghaber.org\/bghaber\/wp-json\/wp\/v2\/users\/13"}],"replies":[{"embeddable":true,"href":"https:\/\/www.bghaber.org\/bghaber\/wp-json\/wp\/v2\/comments?post=23210"}],"version-history":[{"count":0,"href":"https:\/\/www.bghaber.org\/bghaber\/wp-json\/wp\/v2\/posts\/23210\/revisions"}],"wp:attachment":[{"href":"https:\/\/www.bghaber.org\/bghaber\/wp-json\/wp\/v2\/media?parent=23210"}],"wp:term":[{"taxonomy":"category","embeddable":true,"href":"https:\/\/www.bghaber.org\/bghaber\/wp-json\/wp\/v2\/categories?post=23210"},{"taxonomy":"post_tag","embeddable":true,"href":"https:\/\/www.bghaber.org\/bghaber\/wp-json\/wp\/v2\/tags?post=23210"}],"curies":[{"name":"wp","href":"https:\/\/api.w.org\/{rel}","templated":true}]}}