{"id":23194,"date":"2017-05-26T01:08:17","date_gmt":"2017-05-25T22:08:17","guid":{"rendered":"http:\/\/www.bghaber.org\/bghaber\/?p=23194"},"modified":"2020-11-16T20:20:01","modified_gmt":"2020-11-16T17:20:01","slug":"azerbaycan-bagimsizlik-gununde","status":"publish","type":"post","link":"https:\/\/www.bghaber.org\/bghaber\/azerbaycan-bagimsizlik-gununde\/","title":{"rendered":"Azerbaycan Ba\u011f\u0131ms\u0131zl\u0131k G\u00fcn\u00fcnde"},"content":{"rendered":"<p><img data-recalc-dims=\"1\" loading=\"lazy\" decoding=\"async\" class=\"\" src=\"https:\/\/i0.wp.com\/tr.yenicag.az\/files\/uploads\/2017\/05\/tr.yencag.az_2017-05-25_07-08-11-651x369.jpg?resize=640%2C363&#038;ssl=1\" width=\"640\" height=\"363\" \/>T\u00dcRK\u0130YEN\u0130N AZERBAYCAN \u0130STANBUL BA\u015eKONSOLOSLU\u011eUNUN D\u00dcZENLEM\u0130\u015e OLDU\u011eU M\u0130LL\u0130 GECE PRO\u011eRAMINDAN.<\/p>\n<p>26.5.2017<\/p>\n<p>Ba\u011f\u0131ms\u0131zl\u0131k m\u00fccadelesi ve Azerbaycan Cumhuriyet Bayram\u0131<\/p>\n<p>Kafkaslardaki T\u00fcrklerin Osmanl\u0131 devletinden yard\u0131m istemesi \u00fczerine \u0130stanbul&#8217;da kurulan bir askeri birli\u011fin olu\u015fturdu\u011fu &#8220;Kafkas \u0130slam Ordusu&#8221; 28 May\u0131s 1918&#8217;de Mehmet Emin Resulzade liderli\u011finde Tiflis&#8217;te Azerbaycan Halk Cumhuriyeti ilan edildi. Kafkas \u0130slam Ordusu 15 Eyl\u00fcl 1918&#8217;de de Bak\u00fc&#8217;ye girerek i\u015fgal ve soyk\u0131r\u0131m\u0131 t\u00fcm\u00fcyle sona erdirdi. Sovyetler Birli\u011fi&#8217;nin Azerbaycan&#8217;\u0131 i\u015fgaliyle sekteye u\u011frayan ba\u011f\u0131ms\u0131zl\u0131k Sovyetler&#8217;in da\u011f\u0131lmas\u0131n\u0131n ard\u0131ndan 1991 y\u0131l\u0131nda yeniden tesis edildi. 1991 y\u0131l\u0131ndan itibaren de 28 May\u0131s g\u00fcn\u00fc Azerbaycan da Ba\u011f\u0131ms\u0131zl\u0131k ve Cumhuriyet Bayram\u0131 olarak kutlan\u0131yor.<\/p>\n<p><img data-recalc-dims=\"1\" loading=\"lazy\" decoding=\"async\" class=\"\" src=\"https:\/\/i0.wp.com\/pbs.twimg.com\/media\/DAyUyxzWsAEZ77l.jpg?resize=640%2C480&#038;ssl=1\" width=\"640\" height=\"480\" \/>Azerbaycan Ba\u015fkonsolosu Sn.Mesim HAC\u0130YEV&#8217;e kitab\u0131m\u0131 taktim ettim<\/p><div id=\"bghab-1852516191\" class=\"bghab-icerik-icine bghab-entity-placement\"><script async src=\"\/\/pagead2.googlesyndication.com\/pagead\/js\/adsbygoogle.js?client=ca-pub-6203283170189293\" crossorigin=\"anonymous\"><\/script><ins class=\"adsbygoogle\" style=\"display:block; text-align:center;\" data-ad-client=\"ca-pub-6203283170189293\" \ndata-ad-slot=\"7303146466\" \ndata-ad-layout=\"in-article\"\ndata-ad-format=\"fluid\" data-full-width-responsive=\"true\"><\/ins>\n<script> \n(adsbygoogle = window.adsbygoogle || []).push({}); \n<\/script>\n<\/div>\n<p><img data-recalc-dims=\"1\" decoding=\"async\" src=\"https:\/\/i0.wp.com\/www.bghaber.org\/bghaber\/wp-content\/uploads\/2017\/05\/az4.jpg?w=640\" \/><\/p>\n<p><img data-recalc-dims=\"1\" loading=\"lazy\" decoding=\"async\" class=\"\" src=\"https:\/\/i0.wp.com\/pbs.twimg.com\/media\/DAtGNhBWAAMPKNA.jpg?resize=640%2C1136&#038;ssl=1\" width=\"640\" height=\"1136\" \/><\/p>\n<div id=\"bghab-2688670910\" class=\"bghab-yazi-altinda bghab-entity-placement\"><div class=\"bghab-adlabel\">Reklamlar<\/div><script async src=\"https:\/\/pagead2.googlesyndication.com\/pagead\/js\/adsbygoogle.js\"><\/script>\r\n<!-- bghaber-yaz\u0131-sonu -->\r\n<ins class=\"adsbygoogle\"\r\n     style=\"display:block\"\r\n     data-ad-client=\"ca-pub-6203283170189293\"\r\n     data-ad-slot=\"4222328180\"\r\n     data-ad-format=\"auto\"\r\n     data-full-width-responsive=\"true\"><\/ins>\r\n<script>\r\n     (adsbygoogle = window.adsbygoogle || []).push({});\r\n<\/script><\/div><br style=\"clear: both; display: block; float: none;\"\/>","protected":false},"excerpt":{"rendered":"<p>T\u00dcRK\u0130YEN\u0130N AZERBAYCAN \u0130STANBUL BA\u015eKONSOLOSLU\u011eUNUN D\u00dcZENLEM\u0130\u015e OLDU\u011eU M\u0130LL\u0130 GECE PRO\u011eRAMINDAN. 26.5.2017 Ba\u011f\u0131ms\u0131zl\u0131k m\u00fccadelesi ve Azerbaycan Cumhuriyet Bayram\u0131 Kafkaslardaki T\u00fcrklerin Osmanl\u0131 devletinden yard\u0131m istemesi \u00fczerine \u0130stanbul&#8217;da kurulan<\/p>\n","protected":false},"author":13,"featured_media":23195,"comment_status":"closed","ping_status":"closed","sticky":false,"template":"","format":"standard","meta":{"advanced_seo_description":"","jetpack_seo_html_title":"","jetpack_seo_noindex":false,"_jetpack_memberships_contains_paid_content":false,"footnotes":""},"categories":[4],"tags":[],"class_list":["post-23194","post","type-post","status-publish","format-standard","has-post-thumbnail","hentry","category-siyaset"],"jetpack_featured_media_url":"https:\/\/i0.wp.com\/www.bghaber.org\/bghaber\/wp-content\/uploads\/2017\/05\/az4.jpg?fit=1280%2C960&ssl=1","jetpack_sharing_enabled":true,"jetpack_likes_enabled":true,"jetpack-related-posts":[],"jetpack_shortlink":"https:\/\/wp.me\/pc2PfJ-626","_links":{"self":[{"href":"https:\/\/www.bghaber.org\/bghaber\/wp-json\/wp\/v2\/posts\/23194","targetHints":{"allow":["GET"]}}],"collection":[{"href":"https:\/\/www.bghaber.org\/bghaber\/wp-json\/wp\/v2\/posts"}],"about":[{"href":"https:\/\/www.bghaber.org\/bghaber\/wp-json\/wp\/v2\/types\/post"}],"author":[{"embeddable":true,"href":"https:\/\/www.bghaber.org\/bghaber\/wp-json\/wp\/v2\/users\/13"}],"replies":[{"embeddable":true,"href":"https:\/\/www.bghaber.org\/bghaber\/wp-json\/wp\/v2\/comments?post=23194"}],"version-history":[{"count":0,"href":"https:\/\/www.bghaber.org\/bghaber\/wp-json\/wp\/v2\/posts\/23194\/revisions"}],"wp:featuredmedia":[{"embeddable":true,"href":"https:\/\/www.bghaber.org\/bghaber\/wp-json\/wp\/v2\/media\/23195"}],"wp:attachment":[{"href":"https:\/\/www.bghaber.org\/bghaber\/wp-json\/wp\/v2\/media?parent=23194"}],"wp:term":[{"taxonomy":"category","embeddable":true,"href":"https:\/\/www.bghaber.org\/bghaber\/wp-json\/wp\/v2\/categories?post=23194"},{"taxonomy":"post_tag","embeddable":true,"href":"https:\/\/www.bghaber.org\/bghaber\/wp-json\/wp\/v2\/tags?post=23194"}],"curies":[{"name":"wp","href":"https:\/\/api.w.org\/{rel}","templated":true}]}}