{"id":23191,"date":"2017-05-25T14:16:48","date_gmt":"2017-05-25T11:16:48","guid":{"rendered":"http:\/\/www.bghaber.org\/bghaber\/?p=23191"},"modified":"2017-05-25T14:16:48","modified_gmt":"2017-05-25T11:16:48","slug":"pkklilar-fetocu-polisleri-kacirirken-yakalandi","status":"publish","type":"post","link":"https:\/\/www.bghaber.org\/bghaber\/pkklilar-fetocu-polisleri-kacirirken-yakalandi\/","title":{"rendered":"PKK&#8217;l\u0131lar FET\u00d6&#8217;c\u00fc polisleri ka\u00e7\u0131r\u0131rken yakaland\u0131!"},"content":{"rendered":"<h2>Edirne&#8217;de yasa d\u0131\u015f\u0131 yollardan Bulgaristan&#8217;a \u00e7\u0131k\u0131\u015f yapmak isteyen meslekten ihra\u00e7 edilen FET\u00d6 \u015f\u00fcphelisi 3 komiser ve PKK ter\u00f6r \u00f6rg\u00fct\u00fcne \u00fcye olmak su\u00e7undan aranan \u00fcniversite \u00f6\u011frencisi, Bulgaristan&#8217;a s\u0131n\u0131r olan Yenikad\u0131n K\u00f6y\u00fc&#8217;ndeki askeri yasak b\u00f6lgede s\u0131n\u0131r devriyeleri taraf\u0131ndan yakaland\u0131. Ka\u00e7\u0131\u015f\u0131, PKK&#8217;l\u0131 \u00fcniversite \u00f6\u011frencisinin organize etti\u011fi ortaya \u00e7\u0131kt\u0131. Yakalanan PKK\u2019l\u0131 M.K. ve FET\u00d6 \u015f\u00fcphelileri B.A., E.D., M.D. elleri kelep\u00e7eli olarak Edirne Adliyesi\u2019ne sevk edildi.<\/h2>\n<p><img data-recalc-dims=\"1\" loading=\"lazy\" decoding=\"async\" class=\"alignleft\" src=\"https:\/\/i0.wp.com\/www.bghaber.org\/bghaber\/wp-content\/uploads\/2017\/05\/pkk-fetocu-polisleri-kacirirken-yakalandi-240x180.jpg?resize=405%2C304\" width=\"405\" height=\"304\" \/><\/p>\n<p>Edirne 54\u2019nc\u00fc Mekanize Piyade Tugay Komutanl\u0131\u011f\u0131 devriyeleri, <b><a title=\"Bulgaristan\" href=\"http:\/\/www.mynet.com\/haber\/haberler\/bulgaristan-1002\/\">Bulgaristan<\/a><\/b>\u2019a s\u0131n\u0131r olan Yenikad\u0131n K\u00f6y\u00fc\u2019ndeki askeri yasak b\u00f6lgede 4 \u015f\u00fcpheli yakalad\u0131. Yasa d\u0131\u015f\u0131 yollardan s\u0131n\u0131r\u0131 ge\u00e7meye \u00e7al\u0131\u015f\u0131rken yakalanan \u015f\u00fcphelilerin FET\u00d6\/PDY soru\u015fturmas\u0131 kapsam\u0131nda meslekten ihra\u00e7 edilen ve haklar\u0131nda yakalama karar\u0131 bulunan 29 ya\u015flar\u0131ndaki komiserler B.A., E.D. ve M.D. <span class=\"detailInlineBanner300\" data-google-query-id=\"CJW_zIP1itQCFckx0wodqAoPHg\"><img data-recalc-dims=\"1\" decoding=\"async\" class=\"lazyload\" src=\"https:\/\/i0.wp.com\/img3.mynet.com\/1x1\/grey.gif?w=640\" data-original=\"\/\/img3.mynet.com\/1x1\/grey.gif\" \/>ile PKK ter\u00f6r \u00f6rg\u00fct\u00fcne \u00fcye olma su\u00e7lamas\u0131yla aranan 24 ya\u015f\u0131ndaki \u00fcniversite \u00f6\u011frencisi M.K. oldu\u011fu belirlendi.<\/span><\/p>\n<p><strong>KA\u00c7I\u015eI PKK\u2019LI MUHAB\u0130R ORGAN\u0130ZE ETM\u0130\u015e<\/strong><\/p>\n<p>S\u0131n\u0131rda g\u00f6zalt\u0131na al\u0131nan 4 \u015f\u00fcpheli, adli i\u015flemleri i\u00e7in Edirne Jandarma Komutanl\u0131\u011f\u0131 ekiplerine teslim edildi. Yap\u0131lan incelemede \u00fcniversite \u00f6\u011frencisi olan M.K.\u2019n\u0131n KHK ile kapat\u0131lan Dicle haber Ajans\u0131\u2019nda muhabirlik yapt\u0131\u011f\u0131 ve daha \u00f6nce \u2018Ter\u00f6r \u00f6rg\u00fct\u00fc propagandas\u0131 yapmak\u2019 su\u00e7undan tutukland\u0131\u011f\u0131, FET\u00d6 \u015f\u00fcphelisi komiserlerin de yurt d\u0131\u015f\u0131na \u00e7\u0131k\u0131\u015flar\u0131n\u0131 organize etti\u011fi tespit edildi.<\/p>\n<p>Edirne Jandarma Komutanl\u0131\u011f\u0131\u2019ndaki i\u015flemlerinin ard\u0131ndan PKK\u2019l\u0131 M.K. ve FET\u00d6 \u015f\u00fcphelileri B.A., E.D., M.D. elleri kelep\u00e7eli olarak Edirne Adliyesi\u2019ne sevk edildi. Soru\u015fturma s\u00fcr\u00fcyor.<\/p>\n<p><strong>KASTAMONU&#8217;DA FET\u00d6 OPERASYONU<\/strong><\/p><div id=\"bghab-665474717\" class=\"bghab-icerik-icine bghab-entity-placement\"><script async src=\"\/\/pagead2.googlesyndication.com\/pagead\/js\/adsbygoogle.js?client=ca-pub-6203283170189293\" crossorigin=\"anonymous\"><\/script><ins class=\"adsbygoogle\" style=\"display:block; text-align:center;\" data-ad-client=\"ca-pub-6203283170189293\" \ndata-ad-slot=\"7303146466\" \ndata-ad-layout=\"in-article\"\ndata-ad-format=\"fluid\" data-full-width-responsive=\"true\"><\/ins>\n<script> \n(adsbygoogle = window.adsbygoogle || []).push({}); \n<\/script>\n<\/div>\n<p>Kastamonu&#8217;da FET\u00d6\/PDY davas\u0131nda yarg\u0131lanan tutuklu san\u0131k komiser H\u00fcseyin K. ve tutuksuz san\u0131k <b><a title=\"polis\" href=\"http:\/\/www.mynet.com\/haber\/haberler\/polis-53\/\">polis<\/a><\/b> memuru Erdin N., 6&#8217;\u015far y\u0131l 3&#8217;er ay hapis cezas\u0131na \u00e7arpt\u0131r\u0131ld\u0131. H\u00fcseyin K. tahliye edildi.<\/p>\n<p>Komiser H\u00fcseyin K. ile \u00f6zel harekat polisi Erdin N.&#8217;nin, Kastamonu A\u011f\u0131r Ceza Mahkemesi&#8217;nde, &#8216;silahl\u0131 ter\u00f6r \u00f6rg\u00fct\u00fcne \u00fcye olmak&#8217; su\u00e7undan yarg\u0131lanmalar\u0131na devam edildi. \u00d6rg\u00fct\u00fcn \u015fifreli haberle\u015fme program\u0131 &#8216;ByLock&#8217; kulland\u0131klar\u0131 ileri s\u00fcr\u00fclen san\u0131klardan tutuklu H\u00fcseyin K., cezaevinden video konferans sistemiyle kat\u0131ld\u0131\u011f\u0131 duru\u015fmada, &#8220;Benim darbe gir\u015fiminde bulunan \u00f6rg\u00fctle hi\u00e7bir ba\u011flant\u0131m yok. Yar\u0131n o\u011flumun okuma \u015fenli\u011fi var. Tahliyemi istiyorum. Evdekiler benden ekmek bekliyor&#8221; dedi.<\/p>\n<p>Tutuksuz san\u0131k Erdin N. ise savunmas\u0131nda, &#8220;17 y\u0131ld\u0131r \u015fark b\u00f6lgelerinde g\u00f6rev yapt\u0131m. Vatan\u0131m\u0131 milletimi seven biriyim. Beraatimi talep ediyorum&#8221; dedi.<\/p>\n<p>&nbsp;<\/p>\n<div id=\"bghab-3902450119\" class=\"bghab-yazi-altinda bghab-entity-placement\"><div class=\"bghab-adlabel\">Reklamlar<\/div><script async src=\"https:\/\/pagead2.googlesyndication.com\/pagead\/js\/adsbygoogle.js\"><\/script>\r\n<!-- bghaber-yaz\u0131-sonu -->\r\n<ins class=\"adsbygoogle\"\r\n     style=\"display:block\"\r\n     data-ad-client=\"ca-pub-6203283170189293\"\r\n     data-ad-slot=\"4222328180\"\r\n     data-ad-format=\"auto\"\r\n     data-full-width-responsive=\"true\"><\/ins>\r\n<script>\r\n     (adsbygoogle = window.adsbygoogle || []).push({});\r\n<\/script><\/div><br style=\"clear: both; display: block; float: none;\"\/>","protected":false},"excerpt":{"rendered":"<p>Edirne&#8217;de yasa d\u0131\u015f\u0131 yollardan Bulgaristan&#8217;a \u00e7\u0131k\u0131\u015f yapmak isteyen meslekten ihra\u00e7 edilen FET\u00d6 \u015f\u00fcphelisi 3 komiser ve PKK ter\u00f6r \u00f6rg\u00fct\u00fcne \u00fcye olmak su\u00e7undan aranan \u00fcniversite \u00f6\u011frencisi,<\/p>\n","protected":false},"author":13,"featured_media":23192,"comment_status":"closed","ping_status":"closed","sticky":false,"template":"","format":"standard","meta":{"advanced_seo_description":"","jetpack_seo_html_title":"","jetpack_seo_noindex":false,"_jetpack_memberships_contains_paid_content":false,"footnotes":""},"categories":[4],"tags":[],"class_list":["post-23191","post","type-post","status-publish","format-standard","has-post-thumbnail","hentry","category-siyaset"],"jetpack_featured_media_url":"https:\/\/i0.wp.com\/www.bghaber.org\/bghaber\/wp-content\/uploads\/2017\/05\/pkk-fetocu-polisleri-kacirirken-yakalandi-240x180.jpg?fit=240%2C180&ssl=1","jetpack_sharing_enabled":true,"jetpack_likes_enabled":true,"jetpack-related-posts":[],"jetpack_shortlink":"https:\/\/wp.me\/pc2PfJ-623","_links":{"self":[{"href":"https:\/\/www.bghaber.org\/bghaber\/wp-json\/wp\/v2\/posts\/23191","targetHints":{"allow":["GET"]}}],"collection":[{"href":"https:\/\/www.bghaber.org\/bghaber\/wp-json\/wp\/v2\/posts"}],"about":[{"href":"https:\/\/www.bghaber.org\/bghaber\/wp-json\/wp\/v2\/types\/post"}],"author":[{"embeddable":true,"href":"https:\/\/www.bghaber.org\/bghaber\/wp-json\/wp\/v2\/users\/13"}],"replies":[{"embeddable":true,"href":"https:\/\/www.bghaber.org\/bghaber\/wp-json\/wp\/v2\/comments?post=23191"}],"version-history":[{"count":0,"href":"https:\/\/www.bghaber.org\/bghaber\/wp-json\/wp\/v2\/posts\/23191\/revisions"}],"wp:featuredmedia":[{"embeddable":true,"href":"https:\/\/www.bghaber.org\/bghaber\/wp-json\/wp\/v2\/media\/23192"}],"wp:attachment":[{"href":"https:\/\/www.bghaber.org\/bghaber\/wp-json\/wp\/v2\/media?parent=23191"}],"wp:term":[{"taxonomy":"category","embeddable":true,"href":"https:\/\/www.bghaber.org\/bghaber\/wp-json\/wp\/v2\/categories?post=23191"},{"taxonomy":"post_tag","embeddable":true,"href":"https:\/\/www.bghaber.org\/bghaber\/wp-json\/wp\/v2\/tags?post=23191"}],"curies":[{"name":"wp","href":"https:\/\/api.w.org\/{rel}","templated":true}]}}