{"id":23188,"date":"2017-05-25T13:54:17","date_gmt":"2017-05-25T10:54:17","guid":{"rendered":"http:\/\/www.bghaber.org\/bghaber\/?p=23188"},"modified":"2017-05-25T13:56:49","modified_gmt":"2017-05-25T10:56:49","slug":"asimilasyon-bir-devlet-politikasidir","status":"publish","type":"post","link":"https:\/\/www.bghaber.org\/bghaber\/asimilasyon-bir-devlet-politikasidir\/","title":{"rendered":"Asimilasyon Bir Devlet Politikas\u0131d\u0131r"},"content":{"rendered":"<p>Raziye \u00c7AKIR<\/p>\n<p>Tarih: 24 May\u0131s 2017<\/p>\n<p>Konu:\u00a0\u00a0 <strong>Bulgaristan T\u00fcrkleri asimile edilerek eritilmeye ve yok edilmeye devam ediliyor.<\/strong><\/p>\n<p><img data-recalc-dims=\"1\" loading=\"lazy\" decoding=\"async\" class=\"\" src=\"https:\/\/i0.wp.com\/www.kircaalihaber.com\/tr_haber_images\/hall01254854210016776.jpg?resize=640%2C381\" alt=\"bulgar parlamentosu ile ilgili g\u00f6rsel sonucu\" width=\"640\" height=\"381\" \/><\/p>\n<p>Bulgaristan\u2019da ya\u015fayan T\u00fcrklerin y\u00fcrek a\u00e7\u0131c\u0131 olmayan ve totaliter y\u0131llar siyasetinin devam\u0131 olan asimile edilerek eritme ve yok etme siyaseti b\u00fct\u00fcn h\u0131z\u0131yla hem de devlet politikas\u0131 olarak devam ediliyor. Konu uluslar aras\u0131 insan haklar\u0131 \u00f6rg\u00fctlerinin g\u00fcndeminde \u00f6nemli yer almaya ba\u015flad\u0131. Bulgaristan BGNEC ajans\u0131n\u0131n yay\u0131nlad\u0131\u011f\u0131 son haberlerde, T\u00fcrkiye B\u00fcy\u00fck Millet Meclisi \u0130nsan Haklar\u0131 Komisyonu Ba\u015fkan\u0131 Mustafa Yenero\u011flu, yerli ve yabanc\u0131 bas\u0131n ajanslar\u0131na g\u00f6nderdi\u011fi yaz\u0131l\u0131 mesaj\u0131nda konuya ili\u015fkin \u015f\u00f6yle diyor:<\/p>\n<p>\u201c<strong>Bulgaristan\u2019da ya\u015fayan T\u00fcrkler, \u00fclke n\u00fcfusu i\u00e7inde \u00e7ok ciddi bir oran ola\u015ft\u0131rsalar da,\u00a0 devlet kurumlar\u0131nda g\u00f6rev alam\u0131yorlar. Bulgaristan T\u00fcrkleri asimilasyona tabii tutuluyor. Uygulamam eritme siyaseti bir devlet politikas\u0131d\u0131r<\/strong>.\u201d<\/p><div id=\"bghab-4150267917\" class=\"bghab-icerik-icine bghab-entity-placement\"><script async src=\"\/\/pagead2.googlesyndication.com\/pagead\/js\/adsbygoogle.js?client=ca-pub-6203283170189293\" crossorigin=\"anonymous\"><\/script><ins class=\"adsbygoogle\" style=\"display:block; text-align:center;\" data-ad-client=\"ca-pub-6203283170189293\" \ndata-ad-slot=\"7303146466\" \ndata-ad-layout=\"in-article\"\ndata-ad-format=\"fluid\" data-full-width-responsive=\"true\"><\/ins>\n<script> \n(adsbygoogle = window.adsbygoogle || []).push({}); \n<\/script>\n<\/div>\n<p>\u201cResmi verilere g\u00f6re, \u015fu an Bulgaristan\u2019da 585 bin T\u00fcrk ya\u015fad\u0131\u011f\u0131 bildirilse de, hepsinin n\u00fcfus say\u0131m\u0131na kat\u0131lamad\u0131\u011f\u0131 ve n\u00fcfus k\u00fct\u00fcklerinde tescili yap\u0131lmad\u0131\u011f\u0131 i\u00e7in say\u0131lar\u0131 az g\u00f6sterilmeye \u00e7al\u0131\u015f\u0131lsa bile,\u00a0 Bulgaristan T\u00fcrklerinin ger\u00e7ek say\u0131s\u0131n\u0131n 1 milyondan fazla oldu\u011funa i\u015faret eden\u201d\u00a0 Mustafa Yenero\u011fulu \u015f\u00f6yle devam ediyor:<\/p>\n<p>\u201c<strong>Soyda\u015flar\u0131m\u0131z ay\u0131r\u0131m siyasetine maruz kal\u0131yor. Ana dillerini unutuyorlar. Camileri s\u0131k s\u0131k sald\u0131r\u0131lara hedef oluyor. T\u00fcrk dili se\u00e7meli dil olarak okutulurken, anadil dersleri son ders olarak g\u00f6r\u00fcl\u00fcyor ve her zaman problemli ge\u00e7iyor. T\u00fcrk \u00e7ocuklar\u0131n ana dilinin k\u00fc\u00e7\u00fcmsendi\u011fi ve yok edildi\u011fi bir d\u00f6nemde ya\u015f\u0131yoruz. Ayna zamanda. Bulgar devleri radyo ve televizyondan gerekli oldu\u011fu derecede T\u00fcrk diklinde yay\u0131n yap\u0131lmas\u0131na izin vermezken,\u00a0 Bulgaristan T\u00fcrkleri i\u00e7in \u00f6zel yay\u0131n yapacak bir \u00f6zel radyo kurulmas\u0131na izin vermeyip engel yarat\u0131yor. Camilere ve imamlara yap\u0131lan sald\u0131r\u0131lan ba\u015fka bir\u00e7ok vahim ve \u00f6nemli sorun olmaya devam ediyor. \u00dclke n\u00fcfusu i\u00e7inde \u00e7ok \u00f6nemli bir yer tutmalar\u0131na kar\u015f\u0131n Bulgaristan T\u00fcrkleri Bulgar devlet ve kamu makamlar\u0131nda g\u00f6rev alam\u0131yor, \u015fimdiye kadar g\u00f6revde olanlar da s\u00f6k\u00fcl\u00fcp at\u0131l\u0131yor<\/strong>.\u201d<\/p>\n<p>\u0130nsan Haklar\u0131 \u00d6rg\u00fct\u00fc Ba\u015fkan\u0131 Yener o\u011flu \u015fu hususlara da \u00f6nemle de\u011finiyor:<\/p>\n<p>\u201c<strong>Bulgaristan h\u00fck\u00fcmetine a\u015f\u0131r\u0131 sa\u011f partilerin yerle\u015fmesi T\u00fcrkler ve di\u011fer M\u00fcsl\u00fcmanlar i\u00e7in yeni ola\u011fan\u00fcst\u00fc ciddi sorunlar yaratacakt\u0131r. Irk\u00e7\u0131lar taraf\u0131ndan y\u00f6netilen Bulgaristan Avrupa normlar\u0131 ve k\u0131staslar\u0131ndan \u00e7ok ciddi bir \u015fekilde uzakla\u015f\u0131yor. Ne yaz\u0131k ki, soyda\u015flar\u0131m\u0131z\u0131n adlar\u0131n\u0131n zorla de\u011fi\u015ftirilmesi esnas\u0131nda a\u00e7\u0131lan derin yaralar\u0131 Bulgaristan T\u00fcrkleri 28 y\u0131l sonra hala tedavi edemediler. T\u00fcrkiye devleti kendilerine yard\u0131m etmek i\u00e7in elinden geleni yapt\u0131. \u015eimdi soyda\u015flar\u0131m\u0131z\u0131n an\u0131s\u0131ndan bu feci ve ac\u0131 ger\u00e7ekleri \u00e7\u0131kar\u0131p hi\u00e7bir zaman unutulmas\u0131n diye, yeni neslin beynine a\u015f\u0131lamak bizim \u00f6devimiz oldu. B\u00f6ylece, Bulgar devletinin izledi\u011fi planl\u0131 programl\u0131 asimile etme siyasetinin bir sonucu olan,\u00a0 Bulgaristan T\u00fcrk toplulu\u011funun yak\u0131n ge\u00e7mi\u015fte ve daha \u00f6nceki d\u00f6nemlerde ya\u015fad\u0131\u011f\u0131 trajik olaylar\u0131 ve onlar\u0131n verdi\u011fi sonu\u00e7lar\u0131 daha yak\u0131ndan de\u011ferlendirmi\u015f olaca\u011f\u0131z<\/strong>.\u201d<\/p>\n<p>T\u00fcrkiye parlamentosu \u0130nsan Haklar\u0131 Komisyonu Ba\u015fkan\u0131, meclis k\u00fcrs\u00fcs\u00fcnden yapt\u0131\u011f\u0131 konu\u015fmada, 1989 May\u0131s\u2019\u0131nda Bulgaristan T\u00fcrklerinin eritip asimile etme ve kimliklerini yok etme politikas\u0131na kar\u015f\u0131 ayaklanmas\u0131na da de\u011findikten sonra, g\u00f6\u00e7 dalgas\u0131n\u0131n iki devlet aras\u0131ndaki s\u0131n\u0131r kap\u0131s\u0131n\u0131 a\u00e7t\u0131\u011f\u0131n\u0131 belirterek \u015f\u00f6yle konu\u015ftu:<\/p><div id=\"bghab-1916548817\" class=\"bghab-icerik-icine-10-paragraf bghab-entity-placement\"><script async src=\"\/\/pagead2.googlesyndication.com\/pagead\/js\/adsbygoogle.js?client=ca-pub-6203283170189293\" crossorigin=\"anonymous\"><\/script><ins class=\"adsbygoogle\" style=\"display:block; text-align:center;\" data-ad-client=\"ca-pub-6203283170189293\" \ndata-ad-slot=\"7303146466\" \ndata-ad-layout=\"in-article\"\ndata-ad-format=\"fluid\" data-full-width-responsive=\"true\"><\/ins>\n<script> \n(adsbygoogle = window.adsbygoogle || []).push({}); \n<\/script>\n<\/div>\n<p>\u201c<strong>O zaman binlerce aile par\u00e7aland\u0131. 350 bin ki\u015fi y\u00fczy\u0131llarca bar\u0131nd\u0131klar\u0131 topraklardan kopar\u0131ld\u0131 ve g\u00f6\u00e7e zorland\u0131. O zaman h\u00fckmeden fa\u015fist iktidar, M\u00fcsl\u00fcman T\u00fcrklerin kudretinden korktu ve insan haklar\u0131n\u0131 en al\u00e7ak bir bi\u00e7imde ayakalt\u0131na alarak, T\u00fcrk etnik az\u0131nl\u0131\u011f\u0131 azaltarak zay\u0131f d\u00fc\u015f\u00fcrme ve eriterek yok etme siyasetini se\u00e7ti ve uygulad\u0131. O a\u011f\u0131r y\u0131llarda anadil T\u00fcrk\u00e7enin okunmas\u0131 ve konu\u015fulmas\u0131na, d\u00fc\u011f\u00fcnlerde ve cenaze t\u00f6renlerinde \u0130slam dini uygulama geleneklerine yasak kondu. S\u00fcnnet yasakland\u0131. T\u00fcrklerin kendi adet ve t\u00f6relerine uygun ya\u015famas\u0131 yasakland\u0131. O a\u011f\u0131r ko\u015fullarda m\u00fccadele eden soyda\u015flar\u0131m\u0131z, tek se\u00e7enek olarak kalan, T\u00fcrkiye yolunu se\u00e7tiler<\/strong>.\u201d<\/p>\n<div id=\"bghab-4290487500\" class=\"bghab-yazi-altinda bghab-entity-placement\"><div class=\"bghab-adlabel\">Reklamlar<\/div><script async src=\"https:\/\/pagead2.googlesyndication.com\/pagead\/js\/adsbygoogle.js\"><\/script>\r\n<!-- bghaber-yaz\u0131-sonu -->\r\n<ins class=\"adsbygoogle\"\r\n     style=\"display:block\"\r\n     data-ad-client=\"ca-pub-6203283170189293\"\r\n     data-ad-slot=\"4222328180\"\r\n     data-ad-format=\"auto\"\r\n     data-full-width-responsive=\"true\"><\/ins>\r\n<script>\r\n     (adsbygoogle = window.adsbygoogle || []).push({});\r\n<\/script><\/div><br style=\"clear: both; display: block; float: none;\"\/>","protected":false},"excerpt":{"rendered":"<p>Raziye \u00c7AKIR Tarih: 24 May\u0131s 2017 Konu:\u00a0\u00a0 Bulgaristan T\u00fcrkleri asimile edilerek eritilmeye ve yok edilmeye devam ediliyor. Bulgaristan\u2019da ya\u015fayan T\u00fcrklerin y\u00fcrek a\u00e7\u0131c\u0131 olmayan ve totaliter<\/p>\n","protected":false},"author":13,"featured_media":0,"comment_status":"closed","ping_status":"closed","sticky":false,"template":"","format":"standard","meta":{"advanced_seo_description":"","jetpack_seo_html_title":"","jetpack_seo_noindex":false,"_jetpack_memberships_contains_paid_content":false,"footnotes":""},"categories":[6],"tags":[],"class_list":["post-23188","post","type-post","status-publish","format-standard","hentry","category-yorum"],"jetpack_featured_media_url":"","jetpack_sharing_enabled":true,"jetpack_likes_enabled":true,"jetpack-related-posts":[],"jetpack_shortlink":"https:\/\/wp.me\/pc2PfJ-620","_links":{"self":[{"href":"https:\/\/www.bghaber.org\/bghaber\/wp-json\/wp\/v2\/posts\/23188","targetHints":{"allow":["GET"]}}],"collection":[{"href":"https:\/\/www.bghaber.org\/bghaber\/wp-json\/wp\/v2\/posts"}],"about":[{"href":"https:\/\/www.bghaber.org\/bghaber\/wp-json\/wp\/v2\/types\/post"}],"author":[{"embeddable":true,"href":"https:\/\/www.bghaber.org\/bghaber\/wp-json\/wp\/v2\/users\/13"}],"replies":[{"embeddable":true,"href":"https:\/\/www.bghaber.org\/bghaber\/wp-json\/wp\/v2\/comments?post=23188"}],"version-history":[{"count":0,"href":"https:\/\/www.bghaber.org\/bghaber\/wp-json\/wp\/v2\/posts\/23188\/revisions"}],"wp:attachment":[{"href":"https:\/\/www.bghaber.org\/bghaber\/wp-json\/wp\/v2\/media?parent=23188"}],"wp:term":[{"taxonomy":"category","embeddable":true,"href":"https:\/\/www.bghaber.org\/bghaber\/wp-json\/wp\/v2\/categories?post=23188"},{"taxonomy":"post_tag","embeddable":true,"href":"https:\/\/www.bghaber.org\/bghaber\/wp-json\/wp\/v2\/tags?post=23188"}],"curies":[{"name":"wp","href":"https:\/\/api.w.org\/{rel}","templated":true}]}}