{"id":23180,"date":"2017-05-24T21:17:31","date_gmt":"2017-05-24T18:17:31","guid":{"rendered":"http:\/\/www.bghaber.org\/bghaber\/?p=23180"},"modified":"2017-05-24T21:19:03","modified_gmt":"2017-05-24T18:19:03","slug":"umraniye-belediyesi-bulgaristana-camiiyapiyor","status":"publish","type":"post","link":"https:\/\/www.bghaber.org\/bghaber\/umraniye-belediyesi-bulgaristana-camiiyapiyor\/","title":{"rendered":"\u00dcmraniye Belediyesi Bulgaristan\u2019a CamiiYap\u0131yor&#8230;"},"content":{"rendered":"<p>\u00dcmraniye Belediyesi, Bulgaristan\u2019\u0131n Eskicuma\u2019ya ba\u011fl\u0131 Cevizli kalfa k\u00f6y\u2019de yapaca\u011f\u0131 camii in\u015faat\u0131n\u0131n \u00e7al\u0131\u015fmalar\u0131na ba\u015flad\u0131.<br \/>\n<img data-recalc-dims=\"1\" loading=\"lazy\" decoding=\"async\" class=\"\" src=\"https:\/\/i0.wp.com\/www.bghaber.org\/bghaber\/wp-content\/uploads\/2017\/05\/umraniye_belediyesi_bulgaristana_camiiyapiyor_h194809_f0161.png?resize=640%2C333\" width=\"640\" height=\"333\" \/><br \/>\n\u00dcmraniye Belediyesi ve Sofya M\u00fcft\u00fcl\u00fc\u011f\u00fc\u2019n\u00fcn i\u015fbirli\u011fi ile yap\u0131m\u0131na ba\u015flanan Bulgaristan\u2019da bulunan ve eski bir M\u00fcsl\u00fcman-T\u00fcrk kasabas\u0131 olan Eskicumayeri\u2019ne ba\u011fl\u0131 Cevizli kalfa k\u00f6y\u2019de camiinin in\u015faat\u0131na ba\u015fland\u0131. Camii in\u015faat\u0131n\u0131 yerinde kontrol i\u00e7in \u00dcmraniye Belediyesi\u2019nden bir heyet Bulgaristan&#8217;a giderek cami ve m\u00fc\u015ftemilat in\u015faat\u0131n\u0131 yerinde kontrol ettiler.<\/p>\n<p>Belediye Ba\u015fkan Yard\u0131mc\u0131s\u0131 Mesut \u00d6zdemir ve beraberindeki heyet \u00dcmraniye Belediyesi ad\u0131na kurban kesti. Cami kompleksi; imam evi, Kuran Kursu, gasilhane,\u00a0wc ve \u015fad\u0131rvandan olu\u015facak.<br \/>\n<img data-recalc-dims=\"1\" decoding=\"async\" src=\"https:\/\/i0.wp.com\/www.yasamgazetesi.com.tr\/images\/upload\/unnamed_1_74.jpg?w=640\" \/><\/p>\n<div id=\"bghab-3017199883\" class=\"bghab-yazi-altinda bghab-entity-placement\"><div class=\"bghab-adlabel\">Reklamlar<\/div><script async src=\"https:\/\/pagead2.googlesyndication.com\/pagead\/js\/adsbygoogle.js\"><\/script>\r\n<!-- bghaber-yaz\u0131-sonu -->\r\n<ins class=\"adsbygoogle\"\r\n     style=\"display:block\"\r\n     data-ad-client=\"ca-pub-6203283170189293\"\r\n     data-ad-slot=\"4222328180\"\r\n     data-ad-format=\"auto\"\r\n     data-full-width-responsive=\"true\"><\/ins>\r\n<script>\r\n     (adsbygoogle = window.adsbygoogle || []).push({});\r\n<\/script><\/div><br style=\"clear: both; display: block; float: none;\"\/>","protected":false},"excerpt":{"rendered":"<p>\u00dcmraniye Belediyesi, Bulgaristan\u2019\u0131n Eskicuma\u2019ya ba\u011fl\u0131 Cevizli kalfa k\u00f6y\u2019de yapaca\u011f\u0131 camii in\u015faat\u0131n\u0131n \u00e7al\u0131\u015fmalar\u0131na ba\u015flad\u0131. \u00dcmraniye Belediyesi ve Sofya M\u00fcft\u00fcl\u00fc\u011f\u00fc\u2019n\u00fcn i\u015fbirli\u011fi ile yap\u0131m\u0131na ba\u015flanan Bulgaristan\u2019da bulunan ve<\/p>\n","protected":false},"author":13,"featured_media":23181,"comment_status":"closed","ping_status":"closed","sticky":false,"template":"","format":"standard","meta":{"advanced_seo_description":"","jetpack_seo_html_title":"","jetpack_seo_noindex":false,"_jetpack_memberships_contains_paid_content":false,"footnotes":""},"categories":[5],"tags":[],"class_list":["post-23180","post","type-post","status-publish","format-standard","has-post-thumbnail","hentry","category-yasam"],"jetpack_featured_media_url":"https:\/\/i0.wp.com\/www.bghaber.org\/bghaber\/wp-content\/uploads\/2017\/05\/umraniye_belediyesi_bulgaristana_camiiyapiyor_h194809_f0161.png?fit=625%2C325&ssl=1","jetpack_sharing_enabled":true,"jetpack_likes_enabled":true,"jetpack-related-posts":[],"jetpack_shortlink":"https:\/\/wp.me\/pc2PfJ-61S","_links":{"self":[{"href":"https:\/\/www.bghaber.org\/bghaber\/wp-json\/wp\/v2\/posts\/23180","targetHints":{"allow":["GET"]}}],"collection":[{"href":"https:\/\/www.bghaber.org\/bghaber\/wp-json\/wp\/v2\/posts"}],"about":[{"href":"https:\/\/www.bghaber.org\/bghaber\/wp-json\/wp\/v2\/types\/post"}],"author":[{"embeddable":true,"href":"https:\/\/www.bghaber.org\/bghaber\/wp-json\/wp\/v2\/users\/13"}],"replies":[{"embeddable":true,"href":"https:\/\/www.bghaber.org\/bghaber\/wp-json\/wp\/v2\/comments?post=23180"}],"version-history":[{"count":0,"href":"https:\/\/www.bghaber.org\/bghaber\/wp-json\/wp\/v2\/posts\/23180\/revisions"}],"wp:featuredmedia":[{"embeddable":true,"href":"https:\/\/www.bghaber.org\/bghaber\/wp-json\/wp\/v2\/media\/23181"}],"wp:attachment":[{"href":"https:\/\/www.bghaber.org\/bghaber\/wp-json\/wp\/v2\/media?parent=23180"}],"wp:term":[{"taxonomy":"category","embeddable":true,"href":"https:\/\/www.bghaber.org\/bghaber\/wp-json\/wp\/v2\/categories?post=23180"},{"taxonomy":"post_tag","embeddable":true,"href":"https:\/\/www.bghaber.org\/bghaber\/wp-json\/wp\/v2\/tags?post=23180"}],"curies":[{"name":"wp","href":"https:\/\/api.w.org\/{rel}","templated":true}]}}