{"id":23177,"date":"2017-05-24T21:12:01","date_gmt":"2017-05-24T18:12:01","guid":{"rendered":"http:\/\/www.bghaber.org\/bghaber\/?p=23177"},"modified":"2017-05-24T21:12:01","modified_gmt":"2017-05-24T18:12:01","slug":"istanbuldaki-bulgar-izleri-tuvallere-yansidi","status":"publish","type":"post","link":"https:\/\/www.bghaber.org\/bghaber\/istanbuldaki-bulgar-izleri-tuvallere-yansidi\/","title":{"rendered":"\u0130stanbul&#8217;daki Bulgar izleri tuvallere yans\u0131d\u0131"},"content":{"rendered":"<p><img data-recalc-dims=\"1\" loading=\"lazy\" decoding=\"async\" class=\"\" src=\"https:\/\/i0.wp.com\/www.bghaber.org\/bghaber\/wp-content\/uploads\/2017\/05\/resim-bg.jpeg?resize=640%2C412\" width=\"640\" height=\"412\" \/><\/p>\n<p>\u0130stanbul Bulgar Ekzarhanesi&#8217;nin \u015ei\u015fli&#8217;deki tarihi mekan\u0131nda ge\u00e7en hafta 5 \u00fclkeden gelen ressamlar\u0131n kat\u0131l\u0131m\u0131yla sanat sempozyumu ger\u00e7ekle\u015ftirildi.<\/p>\n<p>&#8216;Istanbul\u2019da Bulgar K\u00fclt\u00fcr An\u0131tlar\u0131 Miras\u0131&#8217; konulu sempozyumda Istanbul&#8217;da ya\u015fayan Bulgarlar\u0131n ge\u00e7mi\u015fte Istanbul\u2019da in\u015fa etti\u011fi mimari an\u0131tlar\u0131n tan\u0131t\u0131lmas\u0131 ve g\u00fcncel durumlar\u0131n\u0131n ortaya konmas\u0131 ama\u00e7land\u0131.<\/p>\n<p>Sempozyuma T\u00fcrkiye&#8217;den Korkut Tirkayi, Ahmet \u00d6zel, Bulgaristan&#8217;dan ayn\u0131 zamanda projenin de kurat\u00f6r\u00fc olan Pavline Kopano, Lyuba Yosif\u00e7eva, Peter Petrov, Syka \u00c7irpanova, Rusya&#8217;dan Aleksander Belugin, \u0130ngiltere&#8217;den Svetlana Elantseva ve Makedonya&#8217;dan Stefan Haci Nokolov kat\u0131l\u0131rken, Balat&#8217;taki Demir Kilise Sveti Stefan\u2019\u0131n restorasyon mimar\u0131 Fikriye Bulunmaz \u00f6zel kat\u0131l\u0131mc\u0131, Bohem Sanat Galerisi\u2019nin sahibi Burcu Erkal Salman da misafir sanat\u00e7\u0131 olarak kat\u0131ld\u0131lar.<\/p>\n<p>Bulgar Ekzarhl\u0131k Vakf\u0131&#8217;n\u0131n ev sahipli\u011finde ger\u00e7ekle\u015ftirilen sanat sempozyumunda ortaya \u00e7\u0131kan i\u015fler Bulgar Ekzarhl\u0131k Vakf\u0131 salonunda 31 May\u0131s 2017 tarihine kadar sergilenecek.<\/p>\n<div id=\"bghab-763715046\" class=\"bghab-yazi-altinda bghab-entity-placement\"><div class=\"bghab-adlabel\">Reklamlar<\/div><script async src=\"https:\/\/pagead2.googlesyndication.com\/pagead\/js\/adsbygoogle.js\"><\/script>\r\n<!-- bghaber-yaz\u0131-sonu -->\r\n<ins class=\"adsbygoogle\"\r\n     style=\"display:block\"\r\n     data-ad-client=\"ca-pub-6203283170189293\"\r\n     data-ad-slot=\"4222328180\"\r\n     data-ad-format=\"auto\"\r\n     data-full-width-responsive=\"true\"><\/ins>\r\n<script>\r\n     (adsbygoogle = window.adsbygoogle || []).push({});\r\n<\/script><\/div><br style=\"clear: both; display: block; float: none;\"\/>","protected":false},"excerpt":{"rendered":"<p>\u0130stanbul Bulgar Ekzarhanesi&#8217;nin \u015ei\u015fli&#8217;deki tarihi mekan\u0131nda ge\u00e7en hafta 5 \u00fclkeden gelen ressamlar\u0131n kat\u0131l\u0131m\u0131yla sanat sempozyumu ger\u00e7ekle\u015ftirildi. &#8216;Istanbul\u2019da Bulgar K\u00fclt\u00fcr An\u0131tlar\u0131 Miras\u0131&#8217; konulu sempozyumda Istanbul&#8217;da ya\u015fayan<\/p>\n","protected":false},"author":13,"featured_media":23178,"comment_status":"closed","ping_status":"closed","sticky":false,"template":"","format":"standard","meta":{"advanced_seo_description":"","jetpack_seo_html_title":"","jetpack_seo_noindex":false,"_jetpack_memberships_contains_paid_content":false,"footnotes":""},"categories":[10],"tags":[],"class_list":["post-23177","post","type-post","status-publish","format-standard","has-post-thumbnail","hentry","category-kultur-sanat"],"jetpack_featured_media_url":"https:\/\/i0.wp.com\/www.bghaber.org\/bghaber\/wp-content\/uploads\/2017\/05\/resim-bg.jpeg?fit=640%2C412&ssl=1","jetpack_sharing_enabled":true,"jetpack_likes_enabled":true,"jetpack-related-posts":[],"jetpack_shortlink":"https:\/\/wp.me\/pc2PfJ-61P","_links":{"self":[{"href":"https:\/\/www.bghaber.org\/bghaber\/wp-json\/wp\/v2\/posts\/23177","targetHints":{"allow":["GET"]}}],"collection":[{"href":"https:\/\/www.bghaber.org\/bghaber\/wp-json\/wp\/v2\/posts"}],"about":[{"href":"https:\/\/www.bghaber.org\/bghaber\/wp-json\/wp\/v2\/types\/post"}],"author":[{"embeddable":true,"href":"https:\/\/www.bghaber.org\/bghaber\/wp-json\/wp\/v2\/users\/13"}],"replies":[{"embeddable":true,"href":"https:\/\/www.bghaber.org\/bghaber\/wp-json\/wp\/v2\/comments?post=23177"}],"version-history":[{"count":0,"href":"https:\/\/www.bghaber.org\/bghaber\/wp-json\/wp\/v2\/posts\/23177\/revisions"}],"wp:featuredmedia":[{"embeddable":true,"href":"https:\/\/www.bghaber.org\/bghaber\/wp-json\/wp\/v2\/media\/23178"}],"wp:attachment":[{"href":"https:\/\/www.bghaber.org\/bghaber\/wp-json\/wp\/v2\/media?parent=23177"}],"wp:term":[{"taxonomy":"category","embeddable":true,"href":"https:\/\/www.bghaber.org\/bghaber\/wp-json\/wp\/v2\/categories?post=23177"},{"taxonomy":"post_tag","embeddable":true,"href":"https:\/\/www.bghaber.org\/bghaber\/wp-json\/wp\/v2\/tags?post=23177"}],"curies":[{"name":"wp","href":"https:\/\/api.w.org\/{rel}","templated":true}]}}