{"id":23173,"date":"2017-05-24T19:05:23","date_gmt":"2017-05-24T16:05:23","guid":{"rendered":"http:\/\/www.bghaber.org\/bghaber\/?p=23173"},"modified":"2017-05-24T20:57:50","modified_gmt":"2017-05-24T17:57:50","slug":"batiyor-muyuz-ucuyor-muyuz","status":"publish","type":"post","link":"https:\/\/www.bghaber.org\/bghaber\/batiyor-muyuz-ucuyor-muyuz\/","title":{"rendered":"Bat\u0131yor Muyuz, U\u00e7uyor Muyuz?"},"content":{"rendered":"<p>Rafet ULUT\u00dcRK<\/p>\n<p>Tarih:\u00a0\u00a0\u00a0 24 May\u0131s 2017<\/p>\n<p>Konu:\u00a0 <strong>\u00dc\u00e7\u00fcnc\u00fc Borisov h\u00fck\u00fcmeti ayaklar\u0131ndaki beton pabu\u00e7lar.<\/strong><\/p>\n<p>\u00dc\u00e7\u00fcnc\u00fc Borisov h\u00fck\u00fcmeti ikinci ay\u0131na girdi. Y\u00fcz g\u00fcn ge\u00e7meden hesap \u00e7izgisi \u00e7ekilmez. Do\u011frudur da 60 g\u00fcn oldu sis kalkm\u0131yor. Bat\u0131 Bas\u0131n\u0131nda kutlama mesajlar\u0131 ard\u0131ndan, y\u00fczlerce yaz\u0131 bast\u0131. Bat\u0131n\u0131n Bulgaristan\u2019dan III. Borisov h\u00fckumetinden bekledi\u011fi, umut etti\u011fi nedir?<\/p>\n<p>Y\u0131llar i\u00e7inde (2009\u2019dan sonra) Boyko Borisov kendisini Bat\u0131\u2019ya ba\u011fl\u0131 bir siyaset\u00e7i olarak kan\u0131tlayabildi. Memleketimizin Avrupa Birli\u011fi ve NATO \u00fcyeli\u011finin ne kadar zorunlu oldu\u011funu defalarca ortaya koydu. \u00c7\u00fcnk\u00fc Br\u00fcksel\u2019den Sofya\u2019ya 2007\u2019den beri para \u0131rmaklar\u0131 akt\u0131\u011f\u0131 gibi,\u00a0 hem Borisov hem de partisi GERB i\u00e7in me\u015fruluk geldi, Avrupa kendilerini tan\u0131d\u0131. G\u00fcvenlik ve istikrar konular\u0131nda s\u00f6zler verildi, g\u00fcvenceler sunuldu. T\u00fcrkiye Bulgaristan s\u0131n\u0131r\u0131na tel \u00f6rg\u00fc gerilmesi i\u00e7in milyonlarca EURO s\u0131zd\u0131r\u0131ld\u0131.<\/p><div id=\"bghab-4114891514\" class=\"bghab-icerik-icine bghab-entity-placement\"><script async src=\"\/\/pagead2.googlesyndication.com\/pagead\/js\/adsbygoogle.js?client=ca-pub-6203283170189293\" crossorigin=\"anonymous\"><\/script><ins class=\"adsbygoogle\" style=\"display:block; text-align:center;\" data-ad-client=\"ca-pub-6203283170189293\" \ndata-ad-slot=\"7303146466\" \ndata-ad-layout=\"in-article\"\ndata-ad-format=\"fluid\" data-full-width-responsive=\"true\"><\/ins>\n<script> \n(adsbygoogle = window.adsbygoogle || []).push({}); \n<\/script>\n<\/div>\n<p><strong>Borisov Avrupa Birli\u011fi i\u00e7in neden \u00f6nemli bir ki\u015fidir<\/strong>?<\/p>\n<p>Avrupa Birli\u011finde olaylara ton verenlerin g\u00f6z\u00fcnde, son y\u0131llarda Bulgaristan g\u00fcndem olmaya ba\u015flad\u0131, g\u00f6zlerinde b\u00fcy\u00fcd\u00fc. Gerek\u00e7e olarak ise s\u0131\u011f\u0131nmac\u0131 tehlikesi ve T\u00fcrkiye ile ortak s\u0131n\u0131r\u0131m\u0131z g\u00f6sterildi; Rusya, enerji sorunlar\u0131, gaz boru hatt\u0131 projesi,\u00a0 Rusya\u2019ya yapt\u0131r\u0131mlar; bir yere kadar da eski Yugoslavya\u2019dan kopan bug\u00fcnk\u00fc devlet\u00e7ikler, onlar\u0131n kar\u0131\u015fmas\u0131,\u00a0 karga\u015fa ve istikrars\u0131zl\u0131k g\u00f6sterildi. Bu s\u0131ralamaya AB i\u00e7indeki uzla\u015fmazl\u0131klar, Yunanistan, Macaristan ve Polonya gibi \u00fclkelerin s\u0131\u011f\u0131nmac\u0131 kotalar\u0131n\u0131 kabul etmeyi\u015fi; \u00fcstelik Macaristan ve Polonya&#8217;da derinle\u015fen anti-demokratik e\u011filim; \u0130ngilizlerin brekzit karar\u0131, b\u00fct\u00fcn \u00fclkelerde al\u0131p y\u00fcr\u00fcyen ucuz halk\u00e7\u0131l\u0131k ve fa\u015fistlerin hareketlenmesi de eklenebilir. T\u00fcm bu geli\u015fmeler, Bulgaristan\u2019da \u00fc\u00e7\u00fcnc\u00fc defa ba\u015fbakan se\u00e7ilen Borisov gibi ki\u015filerin Br\u00fcksel\u2019de kadife eldivenle s\u0131vazlanmas\u0131na neden olan etkenlerin aras\u0131ndad\u0131r.<\/p>\n<p>Bu ger\u00e7eklerle birlikte, Avrupa Halk Partisi \u00fcyesi olan <strong>GERB partisi<\/strong>, Avrupa&#8217;daki sa\u011fc\u0131 muhafazak\u00e2r oca\u011f\u0131n yanmas\u0131na odun atanlardan biridir. Bunun sebebi ise, bir yandan Borisov partisinin, di\u011fer Avrupal\u0131 muhafazak\u00e2rlardan farkl\u0131 olarak,\u00a0 hi\u00e7bir \u00f6zg\u00fcn ulusal istekte bulunmadan,\u00a0 Avrupa Halk Partisi milletvekillerinin Br\u00fcksel Parlamentosunda \u00e7o\u011funluk elde etmesine katk\u0131da bulunmas\u0131, bir de \u00f6n\u00fcm\u00fczdeki 4 y\u0131lda y\u00f6n\u00fcn\u00fc pek de\u011fi\u015ftirmeden iktidarda kalmay\u0131 vaat etmesidir. \u015eu karga\u015fal\u0131 ve bunal\u0131ml\u0131 d\u00f6nemde, Avrupa Birli\u011fi \u00e7o\u011funlu\u011funun istedi\u011fi ve kucaklamak istedi\u011fi tam da budur; istikrarl\u0131 olmak ve \u00f6n\u00fcn\u00fc g\u00f6rebilmek.<\/p>\n<p><strong>Ah \u015fu sahte \u201cyurtseverler\u201d olmasayd\u0131<\/strong>\u2026<\/p>\n<p>Konu s\u00f6z\u00fcm ona \u201cyurtseverlerden\u201d a\u00e7\u0131ld\u0131\u011f\u0131nda, Borisov\u2019un iyili\u011fi ve ba\u015far\u0131s\u0131 i\u00e7in gerekti\u011finde dua etmeye haz\u0131r en g\u00fc\u00e7l\u00fc hayranlar\u0131 bile, konu \u201dyurtseverlerden\u201d a\u00e7\u0131ld\u0131\u011f\u0131nda \u201c<strong>ne odun yans\u0131n ne de ate\u015f s\u00f6ns\u00fcn<\/strong>\u201d form\u00fcl\u00fcn\u00fc bulmakta g\u00fc\u00e7l\u00fck \u00e7ekiyorlar. \u015eu iyi bilinmelidir. Kendilerini \u201cyurtsever\u201d olarak tan\u0131tmaya \u00e7al\u0131\u015fan, ama Avrupa Konseyi\u2019nin de haklar\u0131nda \u201cfa\u015fistler\u201d karar\u0131 olan, Sofya h\u00fck\u00fcmetinin ortaklar\u0131, Avrupa Parlamentosundaki sosyalistler, ye\u015filler ve liberaller i\u00e7in asla kabul edilemez bir durum ortaya koymu\u015ftur.<\/p><div id=\"bghab-4001816837\" class=\"bghab-icerik-icine-10-paragraf bghab-entity-placement\"><script async src=\"\/\/pagead2.googlesyndication.com\/pagead\/js\/adsbygoogle.js?client=ca-pub-6203283170189293\" crossorigin=\"anonymous\"><\/script><ins class=\"adsbygoogle\" style=\"display:block; text-align:center;\" data-ad-client=\"ca-pub-6203283170189293\" \ndata-ad-slot=\"7303146466\" \ndata-ad-layout=\"in-article\"\ndata-ad-format=\"fluid\" data-full-width-responsive=\"true\"><\/ins>\n<script> \n(adsbygoogle = window.adsbygoogle || []).push({}); \n<\/script>\n<\/div>\n<p>\u015eu da unutulmal\u0131d\u0131r. Avrupa Halk Parti\u2019nden \u00e7ok otoriteli siyaset\u00e7iler dahi, Borisov\u2019un \u00fc\u00e7\u00fcnc\u00fc h\u00fckumetine s\u00f6zde \u201cyurtseverleri\u201d yani fa\u015fistleri almakla onlar\u0131 uluslar aras\u0131 politika sahnesinde me\u015frula\u015ft\u0131rd\u0131\u011f\u0131n\u0131 esef ederek ve ac\u0131 duyarak itiraf etmek zorunda kalm\u0131\u015flard\u0131r.<\/p>\n<p><strong>Bulgar halk\u0131 oldu\u011fu gibi, Avrupa halklar\u0131<\/strong> da \u201c<strong>Ataka<\/strong>\u201d lideri Volen Siderov\u2019un Bulgaristan az\u0131nl\u0131klar\u0131, \u00c7ingeneler hakk\u0131nda s\u00f6yledi\u011fi s\u00f6zleri, Naz\u0131 fa\u015fizmini su\u00e7suz g\u00f6sterme \u00e7abalar\u0131n\u0131, \u0131rk\u00e7\u0131 ve \u00f6tekile\u015ftiren, insan haklar\u0131n\u0131, vatanda\u015f haklar\u0131n\u0131 ayakalt\u0131nda ezen siyasi g\u00f6r\u00fc\u015flerini, beyanlar\u0131n\u0131, gazetelerde yazd\u0131klar\u0131n\u0131, kitapla\u015ft\u0131rd\u0131\u011f\u0131 insan d\u00fc\u015fmanl\u0131\u011f\u0131n\u0131 unutmam\u0131\u015f ve unutamaz. Bu fa\u015fist maskeli siyaset\u00e7i Bulgaristan\u2019da ya\u015fayan az\u0131nl\u0131klar\u0131n d\u00fc\u015fman\u0131d\u0131r.<\/p>\n<p>\u00c7ingene vatanda\u015flar\u0131 \u201c<strong>ate\u015flerde yak\u0131p sabun yapmaktan<\/strong>\u201d s\u00f6z etmi\u015ftir. Parlamentoda olmas\u0131 Bulgaristan\u2019da demokrasi, insan hak ve h\u00fcrriyetleri olmad\u0131\u011f\u0131na kesin kan\u0131tt\u0131r. Yeni kurulan h\u00fckumette Ekonomi Bakan\u0131 \u201c<strong>Ataka<\/strong>\u201d \u00fcyesidir.<\/p>\n<p>Avrupa Birli\u011fi y\u00f6netim \u00e7evrelerini en fazla rahats\u0131z eden Bulgar fa\u015fistlerinden biri de \u201c<strong>Bulgaristan&#8217;\u0131\u00a0Kurtarmak \u0130\u00e7in Yurtsever Cephe<\/strong>\u201d partisi lideri, III. Borisov h\u00fckumetinde Ba\u015fbakan Yard\u0131mc\u0131s\u0131 olan a\u015f\u0131r\u0131 milliyet\u00e7i ve \u0131rk\u00e7\u0131 s\u00f6yleviyle \u00fcn salan Valeri Simyonov\u2019tur. Her s\u00f6z\u00fcnde fa\u015fizm zehri olan bu Simyonov etnik az\u0131nl\u0131klar\u0131n din, dil, e\u011fitim, k\u00fclt\u00fcr, gelenek ve t\u00f6re haklar\u0131n\u0131n ate\u015fe verilip yak\u0131lmas\u0131ndan yanad\u0131r. Bu \u0131rk\u00e7\u0131 kafal\u0131 g\u00fc\u00e7ler, 1989 May\u0131s\u0131nda ba\u015flayan \u00fclkeyi az\u0131nl\u0131klardan bo\u015faltma siyasetini s\u00fcrd\u00fcr\u00fcrken, vatanda\u015flar\u0131n se\u00e7ime kat\u0131lma, oy kullanma, se\u00e7ilme gibi haklar\u0131n\u0131n yasaklanmas\u0131 ve yasakl\u0131 durumun me\u015frula\u015ft\u0131r\u0131lmas\u0131 i\u00e7in y\u00fcr\u00fctme g\u00fcc\u00fcnden yararlanmaya \u00e7al\u0131\u015f\u0131yorlar. Meclise sunduklar\u0131 yasa tasar\u0131larla camilerde anadilimizde konu\u015fmay\u0131, minarelerde ezan sesini yasaklamak istiyorlar. Yasa tasar\u0131lar\u0131ndan birisinde ise \u015fu an yurt d\u0131\u015f\u0131nda bulunan 3 milyon Bulgaristan vatanda\u015f\u0131n\u0131n se\u00e7ime kat\u0131lmas\u0131na yasak getirilmesi \u00f6ng\u00f6r\u00fcl\u00fcyor. Bulgaristan\u2019da 1934 senesinde mayalanm\u0131\u015f fa\u015fist kafalar\u0131n iktidara t\u0131rmanmas\u0131 \u00fclkede korku yaratm\u0131\u015f, gelece\u011fimize g\u00f6lge d\u00fc\u015f\u00fcrm\u00fc\u015ft\u00fcr.<\/p>\n<p><strong>Bat\u0131 bas\u0131n\u0131<\/strong>, yeni h\u00fckumetin kurulmas\u0131ndan ve Ba\u015fbakan Yard\u0131mc\u0131l\u0131\u011f\u0131na ve Savunma Bakanl\u0131\u011f\u0131na VMRO \u2013 \u0130\u00e7 Makedon Devrim \u00d6rg\u00fct\u00fc lideri, a\u015f\u0131r\u0131 sa\u011fc\u0131lar\u0131n, \u0131rk\u00e7\u0131lar\u0131n ve fa\u015fistlerin liderlerinden biri olan Krasimir Karaka\u00e7anov\u2019un se\u00e7ilmesini en sert tepkilerle yorumlad\u0131.<\/p><div id=\"bghab-2428839996\" class=\"bghab-icerik-icine-15-paragraf bghab-entity-placement\"><script async src=\"\/\/pagead2.googlesyndication.com\/pagead\/js\/adsbygoogle.js?client=ca-pub-6203283170189293\" crossorigin=\"anonymous\"><\/script><ins class=\"adsbygoogle\" style=\"display:block; text-align:center;\" data-ad-client=\"ca-pub-6203283170189293\" \ndata-ad-slot=\"7303146466\" \ndata-ad-layout=\"in-article\"\ndata-ad-format=\"fluid\" data-full-width-responsive=\"true\"><\/ins>\n<script> \n(adsbygoogle = window.adsbygoogle || []).push({}); \n<\/script>\n<\/div>\n<p>Bas\u0131n, \u201c<strong>Bulgaristan a\u015f\u0131r\u0131 sa\u011fa kayd\u0131<\/strong>\u201d diye yazd\u0131.<\/p>\n<p>Ge\u00e7en as\u0131r boyunca tarihi olan bu parti, Bulgaristan\u2019da yap\u0131lan h\u00fckumet darbelerine kat\u0131lm\u0131\u015f, M\u00fcsl\u00fcman Pomaklara yap\u0131lan etnik bask\u0131larda \u00f6nemli rol oynam\u0131\u015f, bir\u00e7ok suikastta kar\u0131\u015fm\u0131\u015f, Moskova\u2019dan para alm\u0131\u015f, hem fa\u015fistler hem de kom\u00fcnist rejim taraf\u0131ndan yasaklanm\u0131\u015f olsa da 1992\u2019de yeniden siyaset sahnesine f\u0131\u015fk\u0131rd\u0131, kendi oy potansiyeli % 3.5\u2019i a\u015fmasa da, de\u011fi\u015fik ortakl\u0131klarla parlamentoda sandalye kapmay\u0131 ba\u015fard\u0131 ve art\u0131k h\u00fckumete t\u0131rmand\u0131.\u00a0 VMRO-nun h\u00fckumet ortakl\u0131\u011f\u0131 Bulgaristan\u2019da demokrasi ve az\u0131nl\u0131klar i\u00e7in b\u00fcy\u00fck bir tehlike arz ediyor.<\/p>\n<p><strong>Yeri gelmi\u015fken \u015fu \u00f6zellik \u00fczerinde de dural\u0131m.<\/strong><\/p>\n<p>Bulgaristan&#8217;daki sol-sa\u011f z\u0131tla\u015fmas\u0131 Avrupa\u2019ya benzemez. Hele az\u0131nl\u0131klar konusunda. Hele insan hak ve h\u00fcrriyetleri konular\u0131nda! III. Borisov h\u00fckumetinin T\u00fcrklerin hepsini devlet kurumlar\u0131ndan s\u00f6kmesi, alt katlarda bile bir tek T\u00fcrk\u2019\u00fcn devlet g\u00f6revi alamamas\u0131 dikkat \u00e7ekicidir.<\/p>\n<p>Burada \u00e7i\u011fnenen vatanda\u015flar\u0131n e\u015fit hakl\u0131l\u0131\u011f\u0131 ilkesidir ki, sivil toplum ve demokrasi bu ilkesizli\u011fi asla ta\u015f\u0131yamaz. \u015eeytanc\u0131k\u2019ta (Hitrino) demir yolu vagonlar\u0131n\u0131n patlamas\u0131ndan evleri y\u0131k\u0131lan T\u00fcrklere yeni ev yapmakla ne demokrasi, ne insan haklar\u0131, ne de vatanda\u015f haklar\u0131 allan\u0131p pullanabilir. Bir devlet y\u0131kt\u0131\u011f\u0131 evi dikmek, kanunsuzlu\u011fu d\u00fczeltmek, insan haklar\u0131na sayg\u0131 g\u00f6stermek ve hukuk d\u00fczenini herkes i\u00e7in \u00e7al\u0131\u015ft\u0131rmak zorundad\u0131r. Bu yap\u0131lmad\u0131k\u00e7a, de\u011fil Avrupa Birli\u011fi ve NATO, hi\u00e7bir g\u00fc\u00e7 bizi kurtaramaz, batmaya devam etmemiz garantilidir. Bat\u0131yor muyuz yoksa u\u00e7uyor muyuz sorusunun cevab\u0131, batmaya devam ediyoruzdur.<\/p><div id=\"bghab-1889815016\" class=\"bghab-icerik-icine-20-paragraf bghab-entity-placement\"><script async src=\"\/\/pagead2.googlesyndication.com\/pagead\/js\/adsbygoogle.js?client=ca-pub-6203283170189293\" crossorigin=\"anonymous\"><\/script><ins class=\"adsbygoogle\" style=\"display:block; text-align:center;\" data-ad-client=\"ca-pub-6203283170189293\" \ndata-ad-slot=\"7303146466\" \ndata-ad-layout=\"in-article\"\ndata-ad-format=\"fluid\" data-full-width-responsive=\"true\"><\/ins>\n<script> \n(adsbygoogle = window.adsbygoogle || []).push({}); \n<\/script>\n<\/div>\n<p><strong>Daha k\u0131sa ifadelerle durum \u015fudur<\/strong>:<\/p>\n<p>\u015eu d\u00f6nemde Br\u00fcksel&#8217;dekilerin Bulgaristan konusunda can\u0131n\u0131 s\u0131kan olay yaln\u0131z 2 s\u00f6zde ifade oluyor \u201c<strong>adalet reformu<\/strong>\u201d ne olacak. Ku\u015fkusuz Bulgaristan\u2019da demokratik sistemin yasalar\u0131 oturmu\u015f olsa, Savc\u0131l\u0131k anayasa ve yasalar\u0131n uygulan\u0131p uygulanmad\u0131\u011f\u0131n\u0131 g\u00f6zetlese, fa\u015fistler Ba\u015fbakan Yard\u0131mc\u0131s\u0131 ve bakan olamaz, meclise dolamazlard\u0131. Fa\u015fist partiler yasaklan\u0131r, fa\u015fist n\u00fcmayi\u015fler ve di\u011fer eylemlere izin verilmezdi. Fa\u015fistlerin radyo, televizyon ve bas\u0131n yay\u0131n organlar\u0131 da kapat\u0131l\u0131rd\u0131. \u00c7\u00fcnk\u00fc bunlar devaml\u0131 yalan yazarak, halk\u0131 \u015fa\u015f\u0131rtmakta, aldatarak uyutmaktad\u0131r.<\/p>\n<p>Biz art\u0131k eminiz ki, Br\u00fcksel, Bulgaristan\u2019da at\u0131 alan\u0131n \u00dcsk\u00fcdar\u2019a ge\u00e7ti\u011fini biliyor. Bulgar toplumunun doymak bilmez bir h\u0131rs\u0131z toplum oldu\u011funu ve s\u00fcrekli kurnazl\u0131k d\u00fc\u015f\u00fcnd\u00fc\u011f\u00fcn\u00fc de biliyor. Burada ilgin\u00e7 olan nokta, adalet sisteminin, yarg\u0131 ve savc\u0131l\u0131\u011f\u0131n doland\u0131r\u0131c\u0131lardan yana i\u015flemesidir. Br\u00fcksel\u2019den gelen raporlarda, Bulgaristan&#8217;daki \u00e7\u00f6k\u00fc\u015f\u00fcn ana nedenlerinin r\u00fc\u015fvet\u00e7ilik, doland\u0131r\u0131c\u0131l\u0131k, sahtek\u00e2rl\u0131k, i\u015flerin d\u00fczelece\u011finden halk\u0131n b\u00fct\u00fcn umudunu yitirmi\u015f olmas\u0131, AB\u2019nden gelen paralar\u0131n yararl\u0131 i\u015fler i\u00e7in kullan\u0131lmamas\u0131; yerli ve yabanc\u0131 i\u015f adamlar\u0131na engeller yarat\u0131lmas\u0131, h\u0131s\u0131m akrabayla i\u015f g\u00f6r\u00fclmesi, k\u00fcstahl\u0131k oldu\u011fu okunuyor. Bu geli\u015fmeler ise, Bulgaristan\u2019da ya\u015fayan insanlar\u0131n sefalet \u00e7izgisinin alt\u0131nda s\u00fcr\u00fcnmesine ana sebep oluyor. Yeni h\u00fckumet, en d\u00fc\u015f\u00fck emekli maa\u015f\u0131 alanlara (160 leva \u2013 80 Euro) Temmuz ay\u0131nda 20 leva \u2013 (10 Euro), yine bu y\u0131l\u0131n Eyl\u00fcl Ay\u0131nda da 20 leva (10 Euro) olmak \u00fczere toptan 40 leva zam yapmak istiyor. Vaat edilen ise 300 leva (150 Euro) idi. Ayn\u0131 zamanda 150 bin \u00f6z\u00fcrl\u00fcye verilen emekli maa\u015f\u0131 ve sosyal yard\u0131mlar ise kesilecektir.<\/p>\n<p><strong>Bu yorumlar\u0131 yapanlar \u015fu konuda birle\u015fiyorlar<\/strong>: 2007\u2019den beri Bulgaristan&#8217;\u0131n AB\u2019den 17 milyar Euro para ald\u0131\u011f\u0131n\u0131 ve \u00e7\u00f6k\u00fc\u015f\u00fc durdurup y\u00fckseli\u015fe ge\u00e7meyi ba\u015faramad\u0131\u011f\u0131na i\u015faret ediliyor. 2 seneye kadar AB fonlar\u0131 bitecek. O zaman nereye? \u0130ni\u015fin vitesini de\u011fi\u015ftirip y\u00fckseli\u015fe takabilecek miyiz?<\/p>\n<p>AB uzmanlar\u0131na g\u00f6re, Bulgaristan\u2019da se\u00e7im sistemi k\u00f6kten de\u011fi\u015fmeden ve en nihayet mahkemeleri ve savc\u0131l\u0131\u011f\u0131 kapsayan bir adalet reformu yap\u0131lmadan ve fa\u015fistler iktidardan uzakla\u015ft\u0131r\u0131lmadan hi\u00e7bir konuda ileri ad\u0131m at\u0131lamaz! Fa\u015fistler III. Borisov h\u00fckumetini dibe \u00e7eken ayaklar\u0131na tak\u0131lm\u0131\u015f beton pabu\u00e7tur.<\/p><div id=\"bghab-2281934073\" class=\"bghab-icerik-icine-25-paragraf bghab-entity-placement\"><script async src=\"\/\/pagead2.googlesyndication.com\/pagead\/js\/adsbygoogle.js?client=ca-pub-6203283170189293\" crossorigin=\"anonymous\"><\/script><ins class=\"adsbygoogle\" style=\"display:block; text-align:center;\" data-ad-client=\"ca-pub-6203283170189293\" \ndata-ad-slot=\"7303146466\" \ndata-ad-layout=\"in-article\"\ndata-ad-format=\"fluid\" data-full-width-responsive=\"true\"><\/ins>\n<script> \n(adsbygoogle = window.adsbygoogle || []).push({}); \n<\/script>\n<\/div>\n<p>L\u00fctfen payla\u015f\u0131n\u0131z.<\/p>\n<div id=\"bghab-1682083377\" class=\"bghab-yazi-altinda bghab-entity-placement\"><div class=\"bghab-adlabel\">Reklamlar<\/div><script async src=\"https:\/\/pagead2.googlesyndication.com\/pagead\/js\/adsbygoogle.js\"><\/script>\r\n<!-- bghaber-yaz\u0131-sonu -->\r\n<ins class=\"adsbygoogle\"\r\n     style=\"display:block\"\r\n     data-ad-client=\"ca-pub-6203283170189293\"\r\n     data-ad-slot=\"4222328180\"\r\n     data-ad-format=\"auto\"\r\n     data-full-width-responsive=\"true\"><\/ins>\r\n<script>\r\n     (adsbygoogle = window.adsbygoogle || []).push({});\r\n<\/script><\/div><br style=\"clear: both; display: block; float: none;\"\/>","protected":false},"excerpt":{"rendered":"<p>Rafet ULUT\u00dcRK Tarih:\u00a0\u00a0\u00a0 24 May\u0131s 2017 Konu:\u00a0 \u00dc\u00e7\u00fcnc\u00fc Borisov h\u00fck\u00fcmeti ayaklar\u0131ndaki beton pabu\u00e7lar. \u00dc\u00e7\u00fcnc\u00fc Borisov h\u00fck\u00fcmeti ikinci ay\u0131na girdi. Y\u00fcz g\u00fcn ge\u00e7meden hesap \u00e7izgisi \u00e7ekilmez.<\/p>\n","protected":false},"author":13,"featured_media":10078,"comment_status":"closed","ping_status":"closed","sticky":false,"template":"","format":"standard","meta":{"advanced_seo_description":"","jetpack_seo_html_title":"","jetpack_seo_noindex":false,"_jetpack_memberships_contains_paid_content":false,"footnotes":""},"categories":[6],"tags":[],"class_list":["post-23173","post","type-post","status-publish","format-standard","has-post-thumbnail","hentry","category-yorum"],"jetpack_featured_media_url":"https:\/\/i0.wp.com\/www.bghaber.org\/bghaber\/wp-content\/uploads\/2014\/05\/rafet-00.jpg?fit=336%2C406&ssl=1","jetpack_sharing_enabled":true,"jetpack_likes_enabled":true,"jetpack-related-posts":[],"jetpack_shortlink":"https:\/\/wp.me\/pc2PfJ-61L","_links":{"self":[{"href":"https:\/\/www.bghaber.org\/bghaber\/wp-json\/wp\/v2\/posts\/23173","targetHints":{"allow":["GET"]}}],"collection":[{"href":"https:\/\/www.bghaber.org\/bghaber\/wp-json\/wp\/v2\/posts"}],"about":[{"href":"https:\/\/www.bghaber.org\/bghaber\/wp-json\/wp\/v2\/types\/post"}],"author":[{"embeddable":true,"href":"https:\/\/www.bghaber.org\/bghaber\/wp-json\/wp\/v2\/users\/13"}],"replies":[{"embeddable":true,"href":"https:\/\/www.bghaber.org\/bghaber\/wp-json\/wp\/v2\/comments?post=23173"}],"version-history":[{"count":0,"href":"https:\/\/www.bghaber.org\/bghaber\/wp-json\/wp\/v2\/posts\/23173\/revisions"}],"wp:featuredmedia":[{"embeddable":true,"href":"https:\/\/www.bghaber.org\/bghaber\/wp-json\/wp\/v2\/media\/10078"}],"wp:attachment":[{"href":"https:\/\/www.bghaber.org\/bghaber\/wp-json\/wp\/v2\/media?parent=23173"}],"wp:term":[{"taxonomy":"category","embeddable":true,"href":"https:\/\/www.bghaber.org\/bghaber\/wp-json\/wp\/v2\/categories?post=23173"},{"taxonomy":"post_tag","embeddable":true,"href":"https:\/\/www.bghaber.org\/bghaber\/wp-json\/wp\/v2\/tags?post=23173"}],"curies":[{"name":"wp","href":"https:\/\/api.w.org\/{rel}","templated":true}]}}