{"id":23168,"date":"2017-05-23T18:25:51","date_gmt":"2017-05-23T15:25:51","guid":{"rendered":"http:\/\/www.bghaber.org\/bghaber\/?p=23168"},"modified":"2017-05-23T18:29:33","modified_gmt":"2017-05-23T15:29:33","slug":"bizi-yalan-arabasi-yolcusu-ettiler","status":"publish","type":"post","link":"https:\/\/www.bghaber.org\/bghaber\/bizi-yalan-arabasi-yolcusu-ettiler\/","title":{"rendered":"Bizi yalan arabas\u0131 yolcusu ettiler"},"content":{"rendered":"<p>BGSAM<\/p>\n<p>Tarih: 23 May\u0131s 2017<\/p>\n<p><strong>Ge\u00e7mi\u015fimizden<\/strong><strong>\u00a0 <\/strong><strong>Renkler<\/strong><\/p>\n<p><img data-recalc-dims=\"1\" loading=\"lazy\" decoding=\"async\" class=\"\" src=\"https:\/\/i0.wp.com\/www.bghaber.org\/bghaber\/wp-content\/uploads\/2017\/05\/adogan.jpg?resize=640%2C382\" width=\"640\" height=\"382\" \/>Konu:\u00a0\u00a0 <strong>T\u00fcrk halk\u0131n\u0131n \u00f6n\u00fcne monte edilen lider.<\/strong><\/p>\n<p><strong>Hak ve \u00d6zg\u00fcrl\u00fckler Hareketi (DPS) Bulgarla\u015ft\u0131rma s\u00fcrecini \u00f6zelle\u015ftirdi fakat Ahmet Do\u011fan\u2019\u0131n y\u00fcz\u00fcnden gizli polis\u00a0 (DC) maskesini indiremedi.<\/strong><\/p><div id=\"bghab-1589070283\" class=\"bghab-icerik-icine bghab-entity-placement\"><script async src=\"\/\/pagead2.googlesyndication.com\/pagead\/js\/adsbygoogle.js?client=ca-pub-6203283170189293\" crossorigin=\"anonymous\"><\/script><ins class=\"adsbygoogle\" style=\"display:block; text-align:center;\" data-ad-client=\"ca-pub-6203283170189293\" \ndata-ad-slot=\"7303146466\" \ndata-ad-layout=\"in-article\"\ndata-ad-format=\"fluid\" data-full-width-responsive=\"true\"><\/ins>\n<script> \n(adsbygoogle = window.adsbygoogle || []).push({}); \n<\/script>\n<\/div>\n<p>27 y\u0131l s\u00f6zde demokrasimiz olsa da, yak\u0131n tarihimizi gizli polis (DC) \u201cmimarlar\u0131n\u0131n\u201d g\u00f6zleriyle okumaya devam ediyoruz. Bug\u00fcn baz\u0131 siyasi partilerin, \u00f6zellikle kendi ihtiya\u00e7lar\u0131 i\u00e7in, \u00f6zelle\u015ftirdikleri olaylar\u0131, sahte ara\u015ft\u0131rmac\u0131lar, uydurma olaylarla s\u00fcsleyerek ideolojik paketlere s\u0131k\u0131\u015ft\u0131rd\u0131lar. Bu siyasi folklorun bir b\u00f6l\u00fcm\u00fc, T\u00fcrk ve M\u00fcsl\u00fcman isimleri de\u011fi\u015ftirilenlerin 1989 yaz\u0131ndaki MAYIS AYAKLANMALARIDIR.\u00a0 Onlar\u0131n direni\u015fleri direk olarak Todor Jivkov ve Bulgaristan Kom\u00fcnist Partisi\u2019ne (BKP)\u00a0 kar\u015f\u0131 y\u00f6nelmi\u015f olsa da, neredeyse 30 y\u0131ldan beri sahtele\u015ftiriliyorlar. Bu ac\u0131 konuyla ilgili Bulgar tarih\u00e7iler ve akademik kamuoyu, \u00f6ncelikle \u201csaray\u201d ile ve Do\u011fan\u2019la ba\u011fl\u0131 olan siyasi \u00e7\u0131kar ve ko\u015fullanm\u0131\u015fl\u0131\u011f\u0131n \u00fczerine basmamaya gayret ederek, s\u00fct d\u00f6km\u00fc\u015f kedi gibi susuyor.<\/p>\n<p>\u0130\u015fte b\u00f6yle bir ortamda, Hak ve \u00d6zg\u00fcrl\u00fckler Hareketi (DPS) olaylar\u0131 ve devletin habersizli\u011fini kendi lehinde kulland\u0131. Bulgarla\u015ft\u0131rma s\u00fcrecinin binlerce kurban\u0131n\u0131n protesto eylemlerini, o zaman Pazarc\u0131k hapishanesinin kal\u0131n demir kap\u0131lar\u0131 ard\u0131ndan Medi Doganov \u2013 Ahmet Do\u011fan\u2019\u0131n y\u00f6netti\u011fi ve y\u00f6nlendirdi\u011fine ili\u015fkin tamamen yanl\u0131\u015f ve b\u00fcy\u00fck tart\u0131\u015fmalara sebep olan tarihsel ihtimali bask\u0131 bir \u015fekilde ve hi\u00e7 ara vermeden dayatmaya \u00e7ok b\u00fcy\u00fck gayret g\u00f6sterdi.<\/p>\n<p><strong>Bu sinsi i\u015fin birinci hedefi<\/strong>, kom\u00fcnist rejime kar\u015f\u0131 illegal (gizli) direni\u015fle ilgili bilgi toplamak ve bu hareketlenmeyi kontrol etmek amac\u0131yla, Pazarc\u0131k ve Stara Zagora hapishanelerine gizli polis (DC) \u00fccretli ajan\u0131 ve k\u0131\u015fk\u0131rt\u0131c\u0131s\u0131 olarak yerle\u015ftirilen Ahmet Do\u011fan\u2019\u0131n (ajan Sava) b\u00fcy\u00fck say\u0131da can yakan rol\u00fcn\u00fc gizlemekti.<\/p>\n<p><strong>\u0130kinci planda ise<\/strong>, halk isyan\u0131n\u0131 kontrol alt\u0131na alabilmek i\u00e7in, gizli polis ile DPS sahte parti lideri i\u00e7in, totaliter rejime kar\u015f\u0131 m\u00fccadeleye kat\u0131lm\u0131\u015f, hatta ola\u011fan\u00fcst\u00fc yetenekleri olan bir ger\u00e7ek direni\u015f\u00e7i simas\u0131 yaratmak istemi\u015fti.<\/p>\n<p>Ge\u00e7en y\u0131l\u0131n 19 May\u0131s g\u00fcn\u00fc, G\u00fcney Do\u011fu Rodoplar\u0131n Cebel \u015fehrinde,\u00a0 DPS partisinin isyank\u00e2r may\u0131s olaylar\u0131n\u0131 kendisine mal etme denemesi, \u015fehitleri anmak amac\u0131yla d\u00fczenlenen t\u00f6rende sert k\u0131\u015fk\u0131rtma, karga\u015fal\u0131k ve \u00e7at\u0131\u015fmaya neden oldu. Ahmet Do\u011fan taraftarlar\u0131n\u0131n toplad\u0131\u011f\u0131 k\u0131\u015fk\u0131rt\u0131c\u0131lar, \u015fehirlerin aziz hat\u0131ras\u0131n\u0131 anmaya gelen vatanda\u015flar, siyasi mahk\u00fbmlar, totaliter rejim kurbanlar\u0131 (daha \u00f6nce y\u0131llarca co\u015fkuyla alk\u0131\u015flad\u0131klar\u0131) T\u00fcrkiye Cumhuriyeti B\u00fcy\u00fck El\u00e7isine, DOST Partililer \u00e7evresinde oldu\u011fundan dolay\u0131, \u00a0bayrak dalgaland\u0131rarak ve \u0131sl\u0131k \u00e7alarak tepki g\u00f6sterdi. Bu sene Cebel Meydan\u0131 anma t\u00f6reni vesilesiyle toplananlar aras\u0131nda ayn\u0131 y\u00fczle\u015fmeyi yeniden ya\u015fad\u0131. Cebel Belediye Ba\u015fkan\u0131 Bahri \u00d6mer anma t\u00f6renlerinin siyasi ama\u00e7la kullan\u0131lmas\u0131na ve halk\u0131n k\u0131\u015fk\u0131rt\u0131lmas\u0131na \u00f6nceden verdi\u011fi deme\u00e7te \u0131srarla kar\u015f\u0131 \u00e7\u0131kt\u0131.<\/p><div id=\"bghab-3358230771\" class=\"bghab-icerik-icine-10-paragraf bghab-entity-placement\"><script async src=\"\/\/pagead2.googlesyndication.com\/pagead\/js\/adsbygoogle.js?client=ca-pub-6203283170189293\" crossorigin=\"anonymous\"><\/script><ins class=\"adsbygoogle\" style=\"display:block; text-align:center;\" data-ad-client=\"ca-pub-6203283170189293\" \ndata-ad-slot=\"7303146466\" \ndata-ad-layout=\"in-article\"\ndata-ad-format=\"fluid\" data-full-width-responsive=\"true\"><\/ins>\n<script> \n(adsbygoogle = window.adsbygoogle || []).push({}); \n<\/script>\n<\/div>\n<p>2014\u2019te, o zaman DPS partisi Genel Ba\u015fkan\u0131 s\u0131fat\u0131yla L\u00fctfi Mestan, Bulgarla\u015ft\u0131rma s\u00fcrecini lanetlemek i\u00e7in May\u0131s ve Aral\u0131k aylar\u0131nda d\u00fczenlenen \u015fehitleri anma t\u00f6renlerinin, Bulgaristan Cumhuriyeti Milli Takvimine al\u0131nmas\u0131n\u0131, parti bayraklar\u0131, panolar, ba\u011f\u0131r\u0131p \u00e7a\u011f\u0131rma ve lanetlemeler yerine, uygun bir devlet protokol\u00fcyle yap\u0131lmas\u0131n\u0131 \u00f6nermi\u015fti. Ne ki bu \u00f6neriye DPS han\u00e7er \u00e7\u0131kar\u0131rken, di\u011fer siyasi oyuncular da vurdumduymazl\u0131k g\u00f6sterdiler.<\/p>\n<p>DPS, insanlar\u0131n tarihi ideolojisiz, parti kal\u0131plar\u0131 ve \u00e7arp\u0131tmalar d\u0131\u015f\u0131nda an\u0131p kutsamas\u0131n\u0131, unutulmaz isyan olaylar\u0131n\u0131 tekeline almas\u0131n\u0131 sa\u011flayan propaganda f\u0131rsat\u0131ndan g\u00f6n\u00fcll\u00fc olarak vazge\u00e7meyi asla kabul etmiyor.<\/p>\n<p>A\u00e7l\u0131k grevleri, bar\u0131\u015f\u00e7\u0131l g\u00f6steriler ve uluslar aras\u0131 kurumlara bilgi iletme \u015feklinde yay\u0131lan 1989 May\u0131s protestolar\u0131n\u0131n en yo\u011fun oldu\u011fu iller K\u0131rcali, Razgrat, \u015eumen, Dobri\u00e7, T\u0131rgovi\u015fte idi. Dulovo, Prestoe, Todor \u0130konomovo ve daha bir\u00e7ok yerle\u015fim yerinde milis kur\u015fumundan \u015fehitler d\u00fc\u015ft\u00fc. Kom\u00fcnist rejime kar\u015f\u0131 ba\u015fkald\u0131r\u0131n\u0131n gerek\u00e7eleri aras\u0131nda, Bulgaristan\u2019daki duruma \u00f6zel oturum ayr\u0131lan, Paris \u0130nsan Boyutlar\u0131 Uluslar aras\u0131 (AG\u0130T) Kongerans\u0131 toplanmas\u0131 da yer ald\u0131. Bulgaristan T\u00fcrkler ve di\u011fer M\u00fcsl\u00fcmanlar\u0131n\u0131n insan haklar\u0131, dini \u00f6zg\u00fcrl\u00fckler u\u011fruna 1989 Bahar\u0131nda ba\u015flayan protesto eylemleri gitgide \u201cB\u00fcy\u00fck Seyahat\u201d yolunu a\u00e7t\u0131 ve 29 May\u0131s 1989\u2019da diktat\u00f6r Todor Jivkov T\u00fcrkiye Cumhuriyeti s\u0131n\u0131r kap\u0131s\u0131n\u0131 ard\u0131na kadar a\u00e7arak, Bulgaristan vatanda\u015flar\u0131n\u0131n d\u0131\u015f \u00fclkelere gidebilece\u011fini ilan etti. <strong>Bu geli\u015fmelerin sonucu olarak \u00e7ok k\u0131sa bir s\u00fcrede 350 bin Bulgaristan vatanda\u015f\u0131 \u00fclkeyi terk etti ve birka\u00e7 ay sonra da BKP ve DC rejimi \u00e7\u00f6kt\u00fc.<\/strong><\/p>\n<p>Gizli polis DC subay ve ajanlar\u0131 taraf\u0131ndan y\u00f6netilen Hak ve \u00d6zg\u00fcrl\u00fckler Partisi (DPS) y\u00f6netimi 27 y\u0131ldan beri 1989 May\u0131s protestolar\u0131n\u0131 anma t\u00f6renleri d\u00fczenlerken,\u00a0 Ahmet Do\u011fan\u2019\u0131n ve daha sonra Hak ve \u00d6zg\u00fcrl\u00fckler Hareketi (DPS) \u015feklini alan T\u00fcrk siyasi mahk\u00fbmlar\u0131n \u00f6rg\u00fct simas\u0131n\u0131 efsanele\u015ftirmeye devam ediyor. G\u00fcn\u00fcm\u00fcz Bulgarlar\u0131 taraf\u0131ndan kulis ard\u0131 ve mafya olarak g\u00f6r\u00fclen ve devleti ve onu y\u00f6netenleri y\u00f6netme azminden vaz ge\u00e7emeyen bu siyasi partide o eski mahpus\u00e7ulardan bir tek ki\u015finin kalmam\u0131\u015f olmas\u0131 \u015fa\u015f\u0131rt\u0131c\u0131d\u0131r.<\/p>\n<p><strong>DPS yemli\u011finden beslenen \u201ctarih\u00e7ilerin\u201d dayatmaya \u00e7al\u0131\u015ft\u0131\u011f\u0131 folklora ra\u011fmen, 1989 May\u0131s protestolar\u0131n\u0131n \u201cbeyninin\u201d Ahmet Do\u011fan oldu\u011funu kan\u0131tlayan herhangi bir g\u00f6z tan\u0131\u011f\u0131, ar\u015fiv belgesi veya ba\u015fka bir belge yoktur<\/strong>. <strong>Ahmet Do\u011fan\u2019\u0131n aray\u0131p buldu\u011fu ve kendilerine para verdi\u011fi tarih yazarlar\u0131 halk aras\u0131na sal\u0131nan f\u0131s\u0131lt\u0131 masallar\u0131n\u0131 toplayarak kitaplar yazd\u0131 ve halk\u0131n beynini ya\u015fanmam\u0131\u015f olaylarla, yalanla doldurdu<\/strong>.<\/p><div id=\"bghab-4132654540\" class=\"bghab-icerik-icine-15-paragraf bghab-entity-placement\"><script async src=\"\/\/pagead2.googlesyndication.com\/pagead\/js\/adsbygoogle.js?client=ca-pub-6203283170189293\" crossorigin=\"anonymous\"><\/script><ins class=\"adsbygoogle\" style=\"display:block; text-align:center;\" data-ad-client=\"ca-pub-6203283170189293\" \ndata-ad-slot=\"7303146466\" \ndata-ad-layout=\"in-article\"\ndata-ad-format=\"fluid\" data-full-width-responsive=\"true\"><\/ins>\n<script> \n(adsbygoogle = window.adsbygoogle || []).push({}); \n<\/script>\n<\/div>\n<p>K\u0131sa bir s\u00fcre \u00f6nce, Bulgar gizli polisi (DS) istihbarat Birinci Genel M\u00fcd\u00fcrl\u00fc\u011f\u00fc (PGY) \u00e7ok \u00f6nemli bir belge yay\u0131nlad\u0131. Bu belgede, May\u0131s 1989 olaylar\u0131n\u0131n haz\u0131rl\u0131klar\u0131na ili\u015fkin eldeki bilgiler genelle\u015ftirilmi\u015ftir.\u00a0 Belgede, hapis\u00e7ilerden <strong>\u0130liya Minev<\/strong> taraf\u0131ndan kurulan <strong>\u0130nsan Haklar\u0131 Ba\u011f\u0131ms\u0131z Derne\u011fi<\/strong> May\u0131s 1989 oyalar\u0131n\u0131n \u00f6rg\u00fctlenmesinde en \u00f6nemeli rol oynad\u0131\u011f\u0131na i\u015faret ediliyor. Devlet G\u00fcvenlik Te\u015fkilat\u0131 (DC) bu gizli insan haklar\u0131 \u00f6rg\u00fct\u00fcn\u00fcn \u201c<strong>T\u00dcRK KANADI<\/strong>\u201d\u00a0 kuruldu\u011fundan a\u00e7\u0131k olarak s\u00f6z ederken, daha sonra da kar\u015f\u0131 koyma hareketlenmesine <strong>\u201c\u0130nsan Haklar\u0131n\u0131 Savunma Demokratik Birli\u011fi\u201d (Demokratik Lig) \/\u0130HSDB\/<\/strong> ile <strong>1989 Viyana Destek Derne\u011fi (VDD89)<\/strong> kat\u0131ld\u0131\u011f\u0131na yer veriyor. \u201c<strong>H\u00fcr Avrupa<\/strong>\u201d Radyoru (Deutsche Welle)\u00a0 \u0130nsan Haklar\u0131 Demokratik Derne\u011fine Bulgaristan\u2019da karma b\u00f6lgelerden T\u00fcrklerin kat\u0131ld\u0131\u011f\u0131 haberlerini verirken, yeni \u00fcyelerin isimlerini okuyor, yeni \u00f6rg\u00fcn n\u00fcveleri kuruldu\u011funu ve bunlar\u0131n memleket i\u00e7indeki etkinliklerini duyuruyordu.<\/p>\n<p>\u0130nsan Haklar\u0131 Demokratik Derne\u011fi \u201c<strong>T\u00fcrk Kanad\u0131<\/strong>\u201dn\u0131n Razgrat vekilli\u011fine Filip Radonov Simeyonov, \u00f6rg\u00fct sekreterli\u011fine de Naum Galinov Naumov (DC evrak\u0131nda yaln\u0131z Bulgar atlar\u0131 verilmi\u015ftir) se\u00e7ildi. Bu iki direni\u015f\u00e7inin M\u00fcsl\u00fcman adlar\u0131n\u0131 bug\u00fcn tespit edebilmemiz zordur. Yine gizli polis evrak\u0131nda belirtildi\u011fine g\u00f6re Varna il y\u00f6neticisi Aleksand\u0131r S\u0131bev Venkov\u2019tur.\u00a0 Gizli polis (DC) verilerinde, \u201cT\u00fcrk Kanad\u0131\u201d \u00e7al\u0131\u015fmalar\u0131 her yerde ola\u011fan\u00fcst\u00fc gizlilik ko\u015fullar\u0131nda geli\u015fti\u011fi gib, bu faaliyetleri Ba\u011fims\u0131z Dernek ad\u0131na y\u00f6netenler ise sekreter Pet\u0131r Manolov ile politik nedenlerle yurt d\u0131\u015f\u0131nda ka\u00e7ak ya\u015fayan Pet\u0131r Boyaciev, D-r Konstantin Tren\u00e7ev, Stefan V\u0131lkov, din adam\u0131 Hristo S\u0131veb vb ki\u015filerdir.<\/p>\n<p>Gizli polis \u201cDC\u201d 15 Nisan 1989\u2019da M\u00fcsl\u00fcman ad\u0131 <strong>\u0130brahim Runtov<\/strong> olan \/Biser Runtov\/ taraf\u0131ndan Kazanl\u0131k il\u00e7esinin Dolno \u0130zvorovo k\u00f6y\u00fcnde Ba\u011f\u0131ms\u0131z Derne\u011fe ba\u011fl\u0131 bir <strong>M\u00fcsl\u00fcman Giri\u015fim Komites<\/strong>i kuruldu\u011fu haberini alm\u0131\u015ft\u0131r.<\/p>\n<p><strong>Kaolinovo \/Boh\u00e7ac\u0131lar\/ y\u00f6resinde etkinliklerin ba\u015f\u0131nda bulunan ki\u015fi Vaklin Hubenov\u2019tur.<\/strong><\/p>\n<p>1989\u2019un 3 May\u0131s\u0131 4 May\u0131s\u0131 ba\u011flayan gece onun evinde toplanan 10 ki\u015filik bir grup, ayn\u0131 ay\u0131n <strong>alt\u0131s\u0131nda a\u00e7l\u0131k grevlerine ba\u015flama bildirisini<\/strong> imzalam\u0131\u015ft\u0131r. Bu bildiri \u201cH\u00fcr Avrupa\u201d Radsorunda Zdravko Hubenov taraf\u0131ndan okunmu\u015ftur. A\u00e7lik grevine be\u015fer g\u00fcnl\u00fck s\u00fcreyle be\u015f k\u00f6y kat\u0131lacak ve a\u00e7l\u0131k grevi \u015feklindeki direni\u015fler Paris\u2019te haz\u0131rl\u0131klar\u0131 tamamlanmakta olan \u0130nsan Boyutlar\u0131 Uluslar aras\u0131 (AG\u0130T) Konferans\u0131 a\u00e7\u0131lana kadar devam edecektir.6 May\u0131s sabah\u0131 Kaolinovo (Boh\u00e7ac\u0131larda) a\u00e7l\u0131k grevine Filip Simyonov, Zahari Marinov, Naum Naumov ve Kosta Kostov ba\u015flam\u0131\u015ft\u0131r. Gizli polis bilgilerine g\u00f6re, hemen ard\u0131ndan \u00fclkenin d\u00f6rt bir yan\u0131nda 100 yerde birden a\u00e7l\u0131k grevleri ba\u015flat\u0131lm\u0131\u015ft\u0131r.<\/p><div id=\"bghab-90132347\" class=\"bghab-icerik-icine-20-paragraf bghab-entity-placement\"><script async src=\"\/\/pagead2.googlesyndication.com\/pagead\/js\/adsbygoogle.js?client=ca-pub-6203283170189293\" crossorigin=\"anonymous\"><\/script><ins class=\"adsbygoogle\" style=\"display:block; text-align:center;\" data-ad-client=\"ca-pub-6203283170189293\" \ndata-ad-slot=\"7303146466\" \ndata-ad-layout=\"in-article\"\ndata-ad-format=\"fluid\" data-full-width-responsive=\"true\"><\/ins>\n<script> \n(adsbygoogle = window.adsbygoogle || []).push({}); \n<\/script>\n<\/div>\n<p><strong>16 May\u0131s 1989\u2019da \u201cT\u00fcrk Kanat\u201d Cebel\u2019de de \u00f6rg\u00fctlendi ve somut eylem program\u0131 belirledi.<\/strong><\/p>\n<p>(DC) yay\u0131nlar\u0131na g\u00f6re, 1989 May\u0131s eylemlerinde en tehlikeli ve cesur eylemciler \u015funlard\u0131r: Yani Pazar\u2019dan Galya \u0130saeva; Prestoe k\u00f6y\u00fcnden Filip Arsov; Orlyajk k\u00f6y\u00fcnde Milko Antonov; Tervel\u2019den Simeon Hristov; Hitrino\u2019dan Adlin Dimitrov ve yine Hitrino\u2019dan (\u015eeytanc\u0131k) Stoyan Antonov.<\/p>\n<p>Protesto g\u00f6sterilerini k\u0131\u015fk\u0131rtanlar hakk\u0131nda bask\u0131 ve ter\u00f6r gecikmiyor. Ba\u011f\u0131ms\u0131z Dernekten Pet\u0131r Manolov ile papaz Blagoy Topuzal\u0131ev May\u0131s 1989 sonunda Bulgaristan\u2019dan kovuldular.<\/p>\n<p>Dobri\u00e7 ilinde savc\u0131l\u0131k aktif eylemciler hakk\u0131nda soru\u015fturma ba\u015flatt\u0131. Su\u00e7lama Ba\u015f Savc\u0131 vekili Georgi Jelev taraf\u0131ndan haz\u0131rland\u0131. Su\u00e7lamada, il s\u0131n\u0131rlar\u0131nda gizli bir \u00f6rg\u00fctlenme olu\u015ftu\u011fu, sosyalist devlete kar\u015f\u0131 eylemler haz\u0131rland\u0131\u011f\u0131, halk\u0131n par\u00e7alanmak istendi\u011fi ve BKP\u2019nin devlet y\u00f6netiminden indirilmesi hedeflendi\u011fi yaz\u0131l\u0131d\u0131r. Savc\u0131 iddianamesinde, Rukiye Halil Mehmet, \u015eaban Eminov, Emin Hamdi ve Mustafa Eminov g\u00f6sterilmi\u015fti.<\/p>\n<p>Devlet iddianamesine g\u00f6re, 22 May\u0131s 1989\u2019da, Dobri\u00e7 \u0130\u00e7 \u0130\u015fleri Bakanl\u0131\u011f\u0131 \u0130l M\u00fcd\u00fcrl\u00fc\u011f\u00fc (OY MVR) \u00d6N\u00dcNE B\u00dcZLERCE K\u0130\u015e\u0130 TOPLANMI\u015e VE \u00dcLKEY\u0130 TERK ETMEK\u0130\u00c7\u0130N PASAPORT \u0130STEM\u0130\u015eT\u0130R. 25 May\u0131s g\u00fcn\u00fc ise ayn\u0131 \u015fehirdeki parti \u0130l Komitesi binas\u0131 \u00f6n\u00fcnde b\u00fcy\u00fck say\u0131da insan toplanm\u0131\u015f ve ayn\u0131 istekte bulunmu\u015ftur. Y\u00fckseltilen panolarda \u015fu yaz\u0131lar vard\u0131: \u201c<strong>Haklar\u0131m\u0131z\u0131 \u0130stiyoruz!\u201d , \u201c\u0130simlerimizi iade edin!\u201d, \u201cSiyasi tutuklulara h\u00fcrriyet!\u201d , \u201cG\u00f6\u00e7 etmek istiyoruz<\/strong>!\u201d vb. \u0130\u00e7 \u0130\u015fleri Bakanl\u0131\u011f\u0131, protesto yapanlar\u0131n birbirine akraba oldu\u011funu ve Benkovski, Tervel, Bezmer, Dulovo ve Kaolinovo k\u00f6ylerindeki protesto g\u00f6sterilerine kat\u0131lan ki\u015filer oldu\u011funu saptam\u0131\u015ft\u0131r. G\u00f6stericilerden alt\u0131s\u0131 tutuklanm\u0131\u015f, fakat T\u00fcrkiye s\u0131n\u0131r kap\u0131s\u0131n\u0131n a\u00e7\u0131lmas\u0131yla davalar d\u00fc\u015fm\u00fc\u015ft\u00fcr.<\/p><div id=\"bghab-2083585871\" class=\"bghab-icerik-icine-25-paragraf bghab-entity-placement\"><script async src=\"\/\/pagead2.googlesyndication.com\/pagead\/js\/adsbygoogle.js?client=ca-pub-6203283170189293\" crossorigin=\"anonymous\"><\/script><ins class=\"adsbygoogle\" style=\"display:block; text-align:center;\" data-ad-client=\"ca-pub-6203283170189293\" \ndata-ad-slot=\"7303146466\" \ndata-ad-layout=\"in-article\"\ndata-ad-format=\"fluid\" data-full-width-responsive=\"true\"><\/ins>\n<script> \n(adsbygoogle = window.adsbygoogle || []).push({}); \n<\/script>\n<\/div>\n<p>Art\u0131k aram\u0131zda olmayan, Bulgarla\u015ft\u0131rma s\u00fcreci ba\u015flamazdan \u00f6nce kom\u00fcnist rejime ba\u015fkald\u0131rd\u0131\u011f\u0131 ve gizli direni\u015f \u00f6rg\u00fct\u00fc kurdu\u011fu i\u00e7in tutuklanan, siyasi mahk\u00fbm Avni Veli de Faktor.bg\u2019ye verdi\u011fi deme\u00e7lerde, Hak ve \u00d6zg\u00fcrl\u00fckler Hareketi (DPS) <strong>Ahmet Do\u011fan hakk\u0131nda ger\u00e7ek olmayan iddialar dayatt\u0131\u011f\u0131n\u0131<\/strong> s\u00f6ylemi\u015ftir.<\/p>\n<p>19 May\u0131s 1989\u2019da Cebel olaylar\u0131n\u0131 \u00f6rg\u00fctleyen \u0130smet Pani\u015f ile Avni Velidir. Fakat Avni Veli Hak ve \u00d6zg\u00fcrl\u00fckler Hareketi\u2019ne \u00fcye olmad\u0131. Bu arada Ahmet Do\u011fan\u2019\u0131n adamlar\u0131 y\u0131llarca onun 19 May\u0131s \u015fehitleri anma t\u00f6renlerine kat\u0131lmas\u0131na izin vermediler, hep yolunu kestiler.<\/p>\n<p>Avni Veli \u015f\u00f6yle konu\u015ftu: \u201c <strong>DPS benden, Cebel protesto eylemlerini Ahmet Do\u011fan\u2019\u0131n y\u00f6netti\u011fi ve bizim ise hapishanede g\u00f6nderdi\u011fi emirlere uydu\u011fumuzu<\/strong>,\u201d beyan etmemi istedi. \u201c<strong>Bu, ba\u015ftan sona bir yaland\u0131r. Biz o zaman, Medi Do\u011fanov ismini i\u015fitmemi\u015ftik. Ben, gizli polis (DC) ajan\u0131 olan bir ki\u015fiden, yalan dolan yamalarla bir halk kahraman\u0131 yaratmak istedi\u011fi ortadayd\u0131. Bu y\u0131llarca s\u00fcrd\u00fc<\/strong>.\u201d<\/p>\n<p>\u201cH\u00fcr Avrupa\u201d, \u201cAlmanya\u2019n\u0131n Sesi\u201d ve Bi Bi Ci yay\u0131nlar\u0131n\u0131n o d\u00f6neme ili\u015fkin ar\u015fivlerinde, May\u0131s 1989 isyan\u0131n\u0131n ana esincisi ve \u00f6rg\u00fctleyicisi olarak \u0130liya Minev\u2019in Ba\u011f\u0131ms\u0131z Derne\u011fi g\u00f6sterilmi\u015ftir. Ahmet Do\u011fan\u2019\u0131n ad\u0131 hi\u00e7bir yay\u0131nda ge\u00e7memi\u015ftir. Dayat\u0131lan sahte demokrasi y\u0131llar\u0131nda \u0130liya Minev\u2019in derne\u011fi siyasi alandan ve s\u00fcre\u00e7ten uzak tutulmu\u015ftur. Bulgar hapislerinde en uzun zaman kalan ki\u015fi ve onun adamlar\u0131 Demokratik G\u00fc\u00e7ler Birli\u011fi mitinglerinde konu\u015fturulmam\u0131\u015f, \u00f6rg\u00fcte s\u0131zan gizli polis ajanlar\u0131 ve provokat\u00f6rler \u00f6rg\u00fcte hakim olmu\u015flard\u0131r.<\/p>\n<p><strong>1989 May\u0131s \u0130syan\u0131\u2019na ili\u015fkin uydurma i\u015fler kime gereklidir?<\/strong><\/p><div id=\"bghab-2931811683\" class=\"bghab-icerik-icine-30-paragraf bghab-entity-placement\"><script async src=\"\/\/pagead2.googlesyndication.com\/pagead\/js\/adsbygoogle.js?client=ca-pub-6203283170189293\" crossorigin=\"anonymous\"><\/script><ins class=\"adsbygoogle\" style=\"display:block; text-align:center;\" data-ad-client=\"ca-pub-6203283170189293\" \ndata-ad-slot=\"7303146466\" \ndata-ad-layout=\"in-article\"\ndata-ad-format=\"fluid\" data-full-width-responsive=\"true\"><\/ins>\n<script> \n(adsbygoogle = window.adsbygoogle || []).push({}); \n<\/script>\n<\/div>\n<p>T\u00fcrklerin eylemleri, protesto g\u00f6sterileri, ba\u015fkald\u0131r\u0131s\u0131n\u0131 Ahmet Do\u011fan hapishane ko\u011fu\u015fundan \u00f6rg\u00fctleyip y\u00f6netti\u011fi yalanlar\u0131 bug\u00fcn bir tek DPS partisine ve onun fahri lideri Do\u011fan\u2019a gereklidir.<\/p>\n<p>DPS kendisini Kom\u00fcnizmin d\u00fc\u015f\u00fcr\u00fclmesine katk\u0131s\u0131 olan bir insan haklar\u0131 \u00f6rg\u00fct\u00fc olarak dayatabilmek i\u00e7in bu yalana ba\u015fvurmu\u015ftur. Ahmet Do\u011fan\u2019\u0131n bu konudaki yalanlar\u0131, uydurmalar\u0131 ve sahte i\u015fleri ortaya \u00e7\u0131kt\u0131\u011f\u0131nda, Hak ve \u00d6zg\u00fcrl\u00fckler Hareketi\u2019nin (DPS) ideolojik kimli\u011fini yitirece\u011fi, bir parti olarak bitece\u011fi,\u00a0 Do\u011fan\u2019\u0131n da T\u00fcrklerin hak ve \u00f6zg\u00fcrl\u00fckleri sava\u015f\u00e7\u0131s\u0131 simas\u0131n\u0131n bir mum gibi s\u00f6nece\u011fini iyi bildi\u011fi i\u00e7in ayak diriyor. Karaday\u0131 bu ay i\u00e7inde yapt\u0131\u011f\u0131 b\u00fct\u00fcn konu\u015fmalar\u0131na bu yalanla ba\u015flad\u0131 ve onunla noktalad\u0131. Korku bacay\u0131 sarm\u0131\u015ft\u0131r.<\/p>\n<p>Sahte Do\u011fan \u201cliderli\u011fini\u201d uyduran, k\u00f6r\u00fckleyen ve halka dayatan gizli Bulgar polisi (DC) ile gizli Rus \u0130stihbarat Te\u015fkilat\u0131 (KGB) oldu\u011fu i\u00e7in, ge\u00e7en sene oldu\u011fu gibi bu sene de 19 May\u0131s Cebel kutlamalar\u0131nda hep ayn\u0131 yalan\u0131 tekrar ettiler. Olaylar\u0131n ger\u00e7ek y\u00fcz\u00fcn\u00fcn halk taraf\u0131ndan g\u00f6r\u00fclmesi, Do\u011fan\u2019\u0131n kom\u00fcnizme kar\u015f\u0131 bir sava\u015f\u00e7\u0131, insan haklar\u0131 i\u00e7in m\u00fccadele eden biri oldu\u011fu yalanlar\u0131n\u0131 \u00e7ar\u015f\u0131 pazara \u00e7\u0131kard\u0131. Yalan d\u00fczme i\u015finde ve efsane anlatanlar aras\u0131nda, Jivkov rejiminin devrilmesinde May\u0131s 1989 olaylar\u0131n\u0131n belirleyici rol\u00fcn\u00fc k\u00fc\u00e7\u00fcmsemek isteyen, ger\u00e7ek bi\u00e7imde de\u011ferlendirmeyen devletin ve di\u011fer partilerin rol\u00fc de b\u00fcy\u00fckt\u00fc.\u00a0 Onlar bu tarihsel isyan\u0131, DPS\u2019nin kendi \u00e7\u0131karlar\u0131 i\u00e7in benimsemesine ve s\u00f6m\u00fcrmesine ye\u015fil \u0131\u015f\u0131k yakt\u0131lar. Bulgaristan\u2019da binlerce T\u00fcrk Bulgar ve M\u00fcsl\u00fcman vatanda\u015f\u0131n ayaklanmas\u0131 kom\u00fcnizmin k\u00f6klerini oynatm\u0131\u015f, demokrasi ve \u00f6zg\u00fcrl\u00fckler yolu a\u00e7m\u0131\u015ft\u0131r. DPS anma mitinglerinde konu\u015fulanlar yalan doland\u0131r.<\/p>\n<div id=\"bghab-572833114\" class=\"bghab-yazi-altinda bghab-entity-placement\"><div class=\"bghab-adlabel\">Reklamlar<\/div><script async src=\"https:\/\/pagead2.googlesyndication.com\/pagead\/js\/adsbygoogle.js\"><\/script>\r\n<!-- bghaber-yaz\u0131-sonu -->\r\n<ins class=\"adsbygoogle\"\r\n     style=\"display:block\"\r\n     data-ad-client=\"ca-pub-6203283170189293\"\r\n     data-ad-slot=\"4222328180\"\r\n     data-ad-format=\"auto\"\r\n     data-full-width-responsive=\"true\"><\/ins>\r\n<script>\r\n     (adsbygoogle = window.adsbygoogle || []).push({});\r\n<\/script><\/div><br style=\"clear: both; display: block; float: none;\"\/>","protected":false},"excerpt":{"rendered":"<p>BGSAM Tarih: 23 May\u0131s 2017 Ge\u00e7mi\u015fimizden\u00a0 Renkler Konu:\u00a0\u00a0 T\u00fcrk halk\u0131n\u0131n \u00f6n\u00fcne monte edilen lider. Hak ve \u00d6zg\u00fcrl\u00fckler Hareketi (DPS) Bulgarla\u015ft\u0131rma s\u00fcrecini \u00f6zelle\u015ftirdi fakat Ahmet Do\u011fan\u2019\u0131n<\/p>\n","protected":false},"author":13,"featured_media":23171,"comment_status":"closed","ping_status":"closed","sticky":false,"template":"","format":"standard","meta":{"advanced_seo_description":"","jetpack_seo_html_title":"","jetpack_seo_noindex":false,"_jetpack_memberships_contains_paid_content":false,"footnotes":""},"categories":[6],"tags":[],"class_list":["post-23168","post","type-post","status-publish","format-standard","has-post-thumbnail","hentry","category-yorum"],"jetpack_featured_media_url":"https:\/\/i0.wp.com\/www.bghaber.org\/bghaber\/wp-content\/uploads\/2017\/05\/adogan.jpg?fit=657%2C392&ssl=1","jetpack_sharing_enabled":true,"jetpack_likes_enabled":true,"jetpack-related-posts":[],"jetpack_shortlink":"https:\/\/wp.me\/pc2PfJ-61G","_links":{"self":[{"href":"https:\/\/www.bghaber.org\/bghaber\/wp-json\/wp\/v2\/posts\/23168","targetHints":{"allow":["GET"]}}],"collection":[{"href":"https:\/\/www.bghaber.org\/bghaber\/wp-json\/wp\/v2\/posts"}],"about":[{"href":"https:\/\/www.bghaber.org\/bghaber\/wp-json\/wp\/v2\/types\/post"}],"author":[{"embeddable":true,"href":"https:\/\/www.bghaber.org\/bghaber\/wp-json\/wp\/v2\/users\/13"}],"replies":[{"embeddable":true,"href":"https:\/\/www.bghaber.org\/bghaber\/wp-json\/wp\/v2\/comments?post=23168"}],"version-history":[{"count":0,"href":"https:\/\/www.bghaber.org\/bghaber\/wp-json\/wp\/v2\/posts\/23168\/revisions"}],"wp:featuredmedia":[{"embeddable":true,"href":"https:\/\/www.bghaber.org\/bghaber\/wp-json\/wp\/v2\/media\/23171"}],"wp:attachment":[{"href":"https:\/\/www.bghaber.org\/bghaber\/wp-json\/wp\/v2\/media?parent=23168"}],"wp:term":[{"taxonomy":"category","embeddable":true,"href":"https:\/\/www.bghaber.org\/bghaber\/wp-json\/wp\/v2\/categories?post=23168"},{"taxonomy":"post_tag","embeddable":true,"href":"https:\/\/www.bghaber.org\/bghaber\/wp-json\/wp\/v2\/tags?post=23168"}],"curies":[{"name":"wp","href":"https:\/\/api.w.org\/{rel}","templated":true}]}}