{"id":23153,"date":"2017-05-22T21:46:19","date_gmt":"2017-05-22T18:46:19","guid":{"rendered":"http:\/\/www.bghaber.org\/bghaber\/?p=23153"},"modified":"2017-05-22T21:46:37","modified_gmt":"2017-05-22T18:46:37","slug":"cin-tacikistana-girdi-mi-girmedi-mi","status":"publish","type":"post","link":"https:\/\/www.bghaber.org\/bghaber\/cin-tacikistana-girdi-mi-girmedi-mi\/","title":{"rendered":"\u00c7in Tacikistan\u2019a Girdi Mi, Girmedi Mi?"},"content":{"rendered":"<p><img data-recalc-dims=\"1\" loading=\"lazy\" decoding=\"async\" class=\"alignleft\" src=\"https:\/\/i0.wp.com\/www.bghaber.org\/bghaber\/wp-content\/uploads\/2015\/11\/Alptekin11.jpg?resize=215%2C289\" width=\"215\" height=\"289\" \/>\u00a0Alptekin CEVHERL\u0130<\/p>\n<p>++++<\/p>\n<p>Ay\u0131n 13\u2019\u00fcnde Kocaeli\u2019nde a\u00e7\u0131lan ve T\u00fcrkiye\u2019nin en b\u00fcy\u00fck kitap fuar\u0131 olan Kocaeli 9\u2019uncu Kitap Fuar\u0131 ile ilgili son haz\u0131rl\u0131klar\u0131m\u0131z\u0131 yaparken hocalihaber.com adl\u0131 internet sitesine bir haber d\u00fc\u015ft\u00fc. Fuar tela\u015f\u0131ndan ve yeni kitab\u0131m\u0131z \u201cKAFES\u201din tan\u0131t\u0131m \u00e7al\u0131\u015fmalar\u0131ndan dolay\u0131 teyit ettiremedi\u011fimiz haberi, yalanlatamad\u0131k da\u2026<\/p>\n<p>Ancak bunca zamand\u0131r ne yalanlama ve ne de teyit edilmedi\u011fine g\u00f6re genel bir kabullenmi\u015flik ve antla\u015fmal\u0131 bir i\u015fgal s\u00f6z konusu olabilir diye d\u00fc\u015f\u00fcnd\u00fck\u2026<\/p>\n<p>Haber metni aynen \u015f\u00f6yleydi:<\/p><div id=\"bghab-2019603805\" class=\"bghab-icerik-icine bghab-entity-placement\"><script async src=\"\/\/pagead2.googlesyndication.com\/pagead\/js\/adsbygoogle.js?client=ca-pub-6203283170189293\" crossorigin=\"anonymous\"><\/script><ins class=\"adsbygoogle\" style=\"display:block; text-align:center;\" data-ad-client=\"ca-pub-6203283170189293\" \ndata-ad-slot=\"7303146466\" \ndata-ad-layout=\"in-article\"\ndata-ad-format=\"fluid\" data-full-width-responsive=\"true\"><\/ins>\n<script> \n(adsbygoogle = window.adsbygoogle || []).push({}); \n<\/script>\n<\/div>\n<p>\u201c6 May\u0131s\u2019da Tacikistan\u2019a giren \u00c7in ordusu Horno Badah\u015fan \u00f6zerk b\u00f6lgesini kontrol\u00fcne ald\u0131. \u00c7in bu ad\u0131m\u0131n\u0131 Du\u015fanbe\u2019nin raz\u0131l\u0131\u011f\u0131yla oldu\u011funu ve bu \u015fekilde <strong>Tacikistan\u2019\u0131n d\u0131\u015f borcunu kapatt\u0131\u011f\u0131n\u0131<\/strong> a\u00e7\u0131klad\u0131.<\/p>\n<p>Toplam 1500 kilometrekare arazi \u00c7in ve Tacikistan aras\u0131nda tart\u0131\u015fmal\u0131 bir b\u00f6lgeyi olu\u015fturuyordu (Ancak Tacikistan kontrol\u00fcndeydi).<\/p>\n<p>B\u00f6lgenin, Tacikistan\u2019\u0131n d\u0131\u015f bor\u00e7lar\u0131n\u0131 kapatmak i\u00e7in \u00c7in\u2019e verilece\u011fi s\u00f6yleniyordu. Ki, zaten \u00c7in h\u00fck\u00fbmeti beyanat\u0131nda da bunu vurgulam\u0131\u015f oldu.\u00a0 Bu araziler ya\u015fam i\u00e7in uygun olmayan yerler gibi de\u011ferlendirilseler de \u00c7in,\u00a0 uranyum ve minerallerle zengin oldu\u011funu d\u00fc\u015f\u00fcnd\u00fc\u011f\u00fc bu yerleri ayn\u0131 zamanda tar\u0131m i\u00e7in kullanmak niyetinde.\u201d<\/p>\n<p>Evet, haber metni \u00f6zetle bu kadar.<\/p>\n<p>Da\u011fl\u0131k Badah\u015fan\u2019da \u00c7in destekli zaman zaman isyan ve ter\u00f6r giri\u015fimleri yakla\u015f\u0131k 20 y\u0131ld\u0131r olmaktayd\u0131. Bu sald\u0131r\u0131larda Badah\u015fan Emniyet M\u00fcd\u00fcr\u00fc de \u00f6ld\u00fcr\u00fclm\u00fc\u015ft\u00fc. B\u00f6lge, uzun s\u00fcredir Tacik emniyet g\u00fc\u00e7leri ile Taliban aras\u0131nda el de\u011fi\u015ftirmekteydi.<\/p><div id=\"bghab-523159599\" class=\"bghab-icerik-icine-10-paragraf bghab-entity-placement\"><script async src=\"\/\/pagead2.googlesyndication.com\/pagead\/js\/adsbygoogle.js?client=ca-pub-6203283170189293\" crossorigin=\"anonymous\"><\/script><ins class=\"adsbygoogle\" style=\"display:block; text-align:center;\" data-ad-client=\"ca-pub-6203283170189293\" \ndata-ad-slot=\"7303146466\" \ndata-ad-layout=\"in-article\"\ndata-ad-format=\"fluid\" data-full-width-responsive=\"true\"><\/ins>\n<script> \n(adsbygoogle = window.adsbygoogle || []).push({}); \n<\/script>\n<\/div>\n<p>Tacikistan\u2019\u0131 olu\u015fturan 4 vilayetten biri olan ve yakla\u015f\u0131k bir milyon n\u00fcfuslu Badah\u015fan, ayn\u0131 zamanda ortalama 6 bin metre y\u00fckseklik ile d\u00fcnyan\u0131n \u00e7at\u0131 kat\u0131 olarak da tan\u0131mlanabilir.<\/p>\n<p>1992\u2019den beri, yani Tacikistan\u2019\u0131n ba\u011f\u0131ms\u0131zl\u0131\u011f\u0131n\u0131 kazanmas\u0131ndan hemen sonra ba\u015flayan \u00c7in\u2019in b\u00f6lgeye olan ilgisi ve ter\u00f6r sald\u0131r\u0131lar\u0131, 2012\u2019de emniyet m\u00fcd\u00fcr\u00fc General Abdullah Nazarov\u2019un \u00f6ld\u00fcr\u00fclmesi ile zirveye \u00e7\u0131km\u0131\u015ft\u0131.<\/p>\n<p>Netice olarak; \u00c7in\u2019in b\u00fcy\u00fck n\u00fcfusuna yer a\u00e7mak i\u00e7in yer alt\u0131 zenginlikleri bak\u0131m\u0131ndan zengin Orta Asya T\u00fcrk Cumhuriyetleri\u2019ne y\u00f6nelik ilgi ve i\u015fgal pl\u00e2nlar\u0131 zaten bilinen ger\u00e7ekler. \u015eangay \u0130\u015fbirli\u011fi \u00d6rg\u00fct\u00fc\u2019n\u00fc kullanarak ekonomik olarak i\u015fgal etmekte oldu\u011fu T\u00fcrkistan pazar\u0131n\u0131 bu kez asker\u00ee anlamda da i\u015fgale giri\u015fen \u00c7in\u2019in bu sald\u0131r\u0131s\u0131 i\u00e7in Rusya ve ABD\u2019den onay almam\u0131\u015f olmas\u0131 da m\u00fcmk\u00fcn de\u011fil.<\/p>\n<p>B\u00f6lge Rusya taraf\u0131ndan h\u00e2l\u00e2 arka bah\u00e7e gibi g\u00f6r\u00fcl\u00fcrken, ayn\u0131 zamanda ABD i\u00e7in de \u00f6nemli bir m\u00fcdahale noktas\u0131.<\/p>\n<p>ABD\u2019nin 11 Eyl\u00fcl sald\u0131r\u0131lar\u0131 ard\u0131ndan K\u0131rg\u0131zistan, \u00d6zbekistan ve ard\u0131ndan Afganistan\u2019da askeri \u00fcsler kurdu\u011fu biliniyor. \u00d6zbek ve K\u0131rg\u0131z h\u00fck\u00fcmetleri bu \u00fcsleri daha sonra kapatsalar da; Afganistan halen ABD kontrol\u00fcnde\u2026<\/p><div id=\"bghab-1581002281\" class=\"bghab-icerik-icine-15-paragraf bghab-entity-placement\"><script async src=\"\/\/pagead2.googlesyndication.com\/pagead\/js\/adsbygoogle.js?client=ca-pub-6203283170189293\" crossorigin=\"anonymous\"><\/script><ins class=\"adsbygoogle\" style=\"display:block; text-align:center;\" data-ad-client=\"ca-pub-6203283170189293\" \ndata-ad-slot=\"7303146466\" \ndata-ad-layout=\"in-article\"\ndata-ad-format=\"fluid\" data-full-width-responsive=\"true\"><\/ins>\n<script> \n(adsbygoogle = window.adsbygoogle || []).push({}); \n<\/script>\n<\/div>\n<p>Bu bak\u0131mdan d\u00fcnya kamuoyundan (ABD ve Rusya\u2019dan) bir tepki gelmemesi ve olay\u0131n tamam\u0131yla bas\u0131ndan gizlenmesinin ard\u0131nda, muhtemelen yap\u0131lan bir pazarl\u0131k ve \u00c7in\u2019e Bat\u0131\u2019daki bir payla\u015f\u0131m kar\u015f\u0131l\u0131\u011f\u0131nda verilen sus pay\u0131 oldu\u011funu da d\u00fc\u015f\u00fcnmek olas\u0131.<\/p>\n<p>Di\u011fer yandan Fars\u00e7a konu\u015fan Tacik T\u00fcrkleri ile ili\u015fki kurmak konusunda olabildi\u011fince istekli olan \u0130ran\u2019\u0131n da bu i\u015fgal kar\u015f\u0131s\u0131nda bir tepki g\u00f6stermemesi ise di\u011fer bir ilgi \u00e7ekici detay.<\/p>\n<p>Bu durumda \u00c7in\u2019e sus pay\u0131 olarak verilen ve 100 y\u0131ld\u0131r s\u0131n\u0131r anla\u015fmazl\u0131\u011f\u0131 ya\u015fan\u0131lan yakla\u015f\u0131k 1500 km\u00b2\u2019lik Tacikistan topra\u011f\u0131 kar\u015f\u0131l\u0131\u011f\u0131nda Rusya, \u0130ran ve ABD hangi konularda onay alm\u0131\u015f olabilir?<\/p>\n<p>Bunu sizin takdirlerinize b\u0131rak\u0131yorum\u2026<\/p>\n<p>Ancak 1,5 milyarl\u0131k \u00c7in\u2019in binlerce y\u0131ll\u0131k devlet tecr\u00fcbesi ile sabittir ki; hemen s\u0131n\u0131r\u0131n \u00f6te yan\u0131ndaki Do\u011fu T\u00fcrkistan\u2019a y\u00f6nelik olarak b\u00f6lgedeki ter\u00f6r \u00f6rg\u00fctlerini temizlemek bahanesi ile girdi\u011fi Tacik topraklar\u0131ndan kolay kolay \u00e7\u0131kmaya niyeti olmad\u0131\u011f\u0131 a\u015fik\u00e2rd\u0131r. 2016 y\u0131l\u0131nda \u00c7in ve Tacik ordular\u0131n\u0131n ortak tatbikat yapm\u0131\u015f olmalar\u0131 da Tacikistan\u2019\u0131n da \u201cen az\u0131ndan h\u00fck\u00fcmet baz\u0131nda\u201d buna kar\u0131\u015f diren\u00e7 g\u00f6sterecek g\u00fcc\u00fcn\u00fcn de olmad\u0131\u011f\u0131n\u0131 ispatlar.<\/p><div id=\"bghab-1004587218\" class=\"bghab-icerik-icine-20-paragraf bghab-entity-placement\"><script async src=\"\/\/pagead2.googlesyndication.com\/pagead\/js\/adsbygoogle.js?client=ca-pub-6203283170189293\" crossorigin=\"anonymous\"><\/script><ins class=\"adsbygoogle\" style=\"display:block; text-align:center;\" data-ad-client=\"ca-pub-6203283170189293\" \ndata-ad-slot=\"7303146466\" \ndata-ad-layout=\"in-article\"\ndata-ad-format=\"fluid\" data-full-width-responsive=\"true\"><\/ins>\n<script> \n(adsbygoogle = window.adsbygoogle || []).push({}); \n<\/script>\n<\/div>\n<p>Bu konuda biz de d\u00e2hil, di\u011fer T\u00fcrk Cumhuriyetleri\u2019nin sessiz kalmas\u0131 ise \u00f6nemli bir eksikliktir. Evet, Tacikler Fars\u00e7a a\u011f\u0131rl\u0131kl\u0131 bir T\u00fcrk\u00e7e konu\u015furlar ancak, hepsi de Maturidi \u2013 Hanefidir.<\/p>\n<p>Ve Taciksitan\u2019\u0131n, \u00c7in\u2019in insaf\u0131na sorgusuz sualsiz terk edilmesi di\u011fer T\u00fcrk Cumhuriyetleri i\u00e7in de \u00e7ok \u00f6nemli ve yak\u0131n bir tehdittir. Bu konuda Do\u011fu T\u00fcrkistan \u00f6rne\u011fi g\u00fcn gibi ortadad\u0131r\u2026<\/p>\n<p>\u015eimdi akl\u0131ma gelen sar\u0131 \u00f6k\u00fcz hik\u00e2yesini hat\u0131rlatmak san\u0131r\u0131m yerinde olacakt\u0131r:<\/p>\n<p>Otlaklar\u0131n birinde \u00fc\u00e7 \u00f6k\u00fcz ya\u015farm\u0131\u015f. \u00c7evredeki aslan s\u00fcr\u00fcs\u00fcn\u00fcn de g\u00f6z\u00fc bu \u00f6k\u00fczlerdeymi\u015f. Ancak, \u00f6k\u00fczler sald\u0131r\u0131 an\u0131nda bir araya geldi\u011fi zaman, aslanlar\u0131n yapacak bir \u015feyi kalmazm\u0131\u015f. Bu y\u00fczden aslanlar, a\u00e7 kal\u0131nca bir \u00e7are d\u00fc\u015f\u00fcnm\u00fc\u015fler. Topal aslan yan\u0131na bir iki aslan\u0131 da alarak, beyaz bayrak \u00e7ekmi\u015f ve \u00f6k\u00fcz s\u00fcr\u00fcs\u00fcne yana\u015fm\u0131\u015f.<\/p>\n<p>\u00d6k\u00fczlerin lideri Boz \u00d6k\u00fcz ve Kara \u00d6k\u00fcz\u2019e tatl\u0131 dille konu\u015fmaya ba\u015flam\u0131\u015f:<\/p><div id=\"bghab-429089255\" class=\"bghab-icerik-icine-25-paragraf bghab-entity-placement\"><script async src=\"\/\/pagead2.googlesyndication.com\/pagead\/js\/adsbygoogle.js?client=ca-pub-6203283170189293\" crossorigin=\"anonymous\"><\/script><ins class=\"adsbygoogle\" style=\"display:block; text-align:center;\" data-ad-client=\"ca-pub-6203283170189293\" \ndata-ad-slot=\"7303146466\" \ndata-ad-layout=\"in-article\"\ndata-ad-format=\"fluid\" data-full-width-responsive=\"true\"><\/ins>\n<script> \n(adsbygoogle = window.adsbygoogle || []).push({}); \n<\/script>\n<\/div>\n<p>&#8220;Sayg\u0131de\u011fer \u00f6k\u00fcz efendiler. Bug\u00fcn buraya sizden \u00f6z\u00fcr dilemeye geldik. Biliyorum bug\u00fcne kadar sizlere zarar verdik. Ama inan\u0131n ki, bunlar\u0131n hi\u00e7birini isteyerek yapmad\u0131k. B\u00fct\u00fcn su\u00e7 hep o Sar\u0131 \u00d6k\u00fcz&#8221;de. Onun rengi sizinkilerden farkl\u0131 ve bizim de g\u00f6z\u00fcm\u00fcz\u00fc kama\u015ft\u0131r\u0131yor, akl\u0131m\u0131z\u0131 ba\u015f\u0131m\u0131zdan al\u0131yor. Biz de bar\u0131\u015fseverli\u011fimizi unutuyor ve sald\u0131rganla\u015f\u0131yoruz. Sizle bir sorunumuz yok. Verin onu bize, siz de kurtulun, biz de kurtulal\u0131m ve hep bar\u0131\u015f i\u00e7inde ya\u015fayal\u0131m.&#8221;<\/p>\n<p>Boz \u00d6k\u00fcz ve Kara \u00d6k\u00fcz bu s\u00f6zler \u00fczerine aralar\u0131nda tart\u0131\u015fm\u0131\u015f ve teklifi hakl\u0131 bularak, Sar\u0131 \u00d6k\u00fcz&#8221;\u00fc vermi\u015fler aslanlara.<\/p>\n<p>Bir s\u00fcre sonra aslanlar yine ayn\u0131 y\u00f6ntemle gelip, bu kez Kara \u00d6k\u00fcz\u2019\u00fc istemi\u015fler:<\/p>\n<p>&#8220;G\u00f6rd\u00fcn\u00fcz m\u00fc ne kadar bar\u0131\u015f severiz. Sizi de karar\u0131n\u0131zdan dolay\u0131 kutlar\u0131z. Ancak, \u015fu senin Kara \u00d6k\u00fcz var ya, kuyru\u011funu sallad\u0131k\u00e7a nereden baksak g\u00f6r\u00fcn\u00fcyor ve akl\u0131m\u0131z\u0131 ba\u015f\u0131m\u0131zdan al\u0131yor. Size sald\u0131rmamak i\u00e7in kendimizi zor tutuyoruz. Oysa sen normal kuyruklusun. Ver onu bize, bu konuyu kapat\u0131p, bar\u0131\u015f i\u00e7inde ya\u015famaya devam edelim.&#8221;<\/p>\n<p>Boz \u00d6k\u00fcz, Kara \u00d6k\u00fcz\u2019\u00fc de teslim etmi\u015f ve Kara \u00d6k\u00fcz de aslanlar\u0131n pen\u00e7esi alt\u0131nda can vermi\u015f.<\/p><div id=\"bghab-977452758\" class=\"bghab-icerik-icine-30-paragraf bghab-entity-placement\"><script async src=\"\/\/pagead2.googlesyndication.com\/pagead\/js\/adsbygoogle.js?client=ca-pub-6203283170189293\" crossorigin=\"anonymous\"><\/script><ins class=\"adsbygoogle\" style=\"display:block; text-align:center;\" data-ad-client=\"ca-pub-6203283170189293\" \ndata-ad-slot=\"7303146466\" \ndata-ad-layout=\"in-article\"\ndata-ad-format=\"fluid\" data-full-width-responsive=\"true\"><\/ins>\n<script> \n(adsbygoogle = window.adsbygoogle || []).push({}); \n<\/script>\n<\/div>\n<p>&nbsp;<\/p>\n<p>Aradan birka\u00e7 hafta ge\u00e7mi\u015f, arslanlar tekrar ac\u0131km\u0131\u015f. Oysa art\u0131k sadece Boz \u00d6k\u00fcz kalm\u0131\u015f geride. Arslanlar\u0131n \u00fczerine do\u011fru geldi\u011fini g\u00f6ren Boz \u00d6k\u00fcz, s\u0131ran\u0131n kendine geldi\u011fini anlam\u0131\u015f. Arslanlara ba\u011f\u0131rm\u0131\u015f:<\/p>\n<ul>\n<li>Biz sizi her zaman yenerdik. \u00dcstelik bir de sizinle anla\u015fma yapt\u0131yd\u0131k. Ne oldu bize, nerede kaybettik bu sava\u015f\u0131?<\/li>\n<\/ul>\n<p>Arslanlar kahkaha atm\u0131\u015f:<\/p>\n<ul>\n<li>\u201cSiz&#8221; demi\u015f, &#8220;Sar\u0131 \u00d6k\u00fcz&#8221;\u00fc verdi\u011finiz g\u00fcn kaybettiniz bu sava\u015f\u0131!\u201d<\/li>\n<li>\u2026<\/li>\n<\/ul>\n<p>&nbsp;<\/p>\n<p>&nbsp;<\/p><div id=\"bghab-1504640483\" class=\"bghab-icerik-icine-35-paragraf bghab-entity-placement\"><script async src=\"\/\/pagead2.googlesyndication.com\/pagead\/js\/adsbygoogle.js?client=ca-pub-6203283170189293\" crossorigin=\"anonymous\"><\/script><ins class=\"adsbygoogle\" style=\"display:block; text-align:center;\" data-ad-client=\"ca-pub-6203283170189293\" \ndata-ad-slot=\"7303146466\" \ndata-ad-layout=\"in-article\"\ndata-ad-format=\"fluid\" data-full-width-responsive=\"true\"><\/ins>\n<script> \n(adsbygoogle = window.adsbygoogle || []).push({}); \n<\/script>\n<\/div>\n<p>&nbsp;<\/p>\n<div id=\"bghab-716673900\" class=\"bghab-yazi-altinda bghab-entity-placement\"><div class=\"bghab-adlabel\">Reklamlar<\/div><script async src=\"https:\/\/pagead2.googlesyndication.com\/pagead\/js\/adsbygoogle.js\"><\/script>\r\n<!-- bghaber-yaz\u0131-sonu -->\r\n<ins class=\"adsbygoogle\"\r\n     style=\"display:block\"\r\n     data-ad-client=\"ca-pub-6203283170189293\"\r\n     data-ad-slot=\"4222328180\"\r\n     data-ad-format=\"auto\"\r\n     data-full-width-responsive=\"true\"><\/ins>\r\n<script>\r\n     (adsbygoogle = window.adsbygoogle || []).push({});\r\n<\/script><\/div><br style=\"clear: both; display: block; float: none;\"\/>","protected":false},"excerpt":{"rendered":"<p>\u00a0Alptekin CEVHERL\u0130 ++++ Ay\u0131n 13\u2019\u00fcnde Kocaeli\u2019nde a\u00e7\u0131lan ve T\u00fcrkiye\u2019nin en b\u00fcy\u00fck kitap fuar\u0131 olan Kocaeli 9\u2019uncu Kitap Fuar\u0131 ile ilgili son haz\u0131rl\u0131klar\u0131m\u0131z\u0131 yaparken hocalihaber.com adl\u0131<\/p>\n","protected":false},"author":13,"featured_media":17095,"comment_status":"closed","ping_status":"closed","sticky":false,"template":"","format":"standard","meta":{"advanced_seo_description":"","jetpack_seo_html_title":"","jetpack_seo_noindex":false,"_jetpack_memberships_contains_paid_content":false,"footnotes":""},"categories":[6],"tags":[],"class_list":["post-23153","post","type-post","status-publish","format-standard","has-post-thumbnail","hentry","category-yorum"],"jetpack_featured_media_url":"https:\/\/i0.wp.com\/www.bghaber.org\/bghaber\/wp-content\/uploads\/2015\/11\/Alptekin11.jpg?fit=298%2C401&ssl=1","jetpack_sharing_enabled":true,"jetpack_likes_enabled":true,"jetpack-related-posts":[],"jetpack_shortlink":"https:\/\/wp.me\/pc2PfJ-61r","_links":{"self":[{"href":"https:\/\/www.bghaber.org\/bghaber\/wp-json\/wp\/v2\/posts\/23153","targetHints":{"allow":["GET"]}}],"collection":[{"href":"https:\/\/www.bghaber.org\/bghaber\/wp-json\/wp\/v2\/posts"}],"about":[{"href":"https:\/\/www.bghaber.org\/bghaber\/wp-json\/wp\/v2\/types\/post"}],"author":[{"embeddable":true,"href":"https:\/\/www.bghaber.org\/bghaber\/wp-json\/wp\/v2\/users\/13"}],"replies":[{"embeddable":true,"href":"https:\/\/www.bghaber.org\/bghaber\/wp-json\/wp\/v2\/comments?post=23153"}],"version-history":[{"count":0,"href":"https:\/\/www.bghaber.org\/bghaber\/wp-json\/wp\/v2\/posts\/23153\/revisions"}],"wp:featuredmedia":[{"embeddable":true,"href":"https:\/\/www.bghaber.org\/bghaber\/wp-json\/wp\/v2\/media\/17095"}],"wp:attachment":[{"href":"https:\/\/www.bghaber.org\/bghaber\/wp-json\/wp\/v2\/media?parent=23153"}],"wp:term":[{"taxonomy":"category","embeddable":true,"href":"https:\/\/www.bghaber.org\/bghaber\/wp-json\/wp\/v2\/categories?post=23153"},{"taxonomy":"post_tag","embeddable":true,"href":"https:\/\/www.bghaber.org\/bghaber\/wp-json\/wp\/v2\/tags?post=23153"}],"curies":[{"name":"wp","href":"https:\/\/api.w.org\/{rel}","templated":true}]}}