{"id":23151,"date":"2017-05-22T14:22:25","date_gmt":"2017-05-22T11:22:25","guid":{"rendered":"http:\/\/www.bghaber.org\/bghaber\/?p=23151"},"modified":"2017-05-22T14:22:25","modified_gmt":"2017-05-22T11:22:25","slug":"darica-belediyesinden-muhtesem-turk-dunyasi-genclik-soleni","status":"publish","type":"post","link":"https:\/\/www.bghaber.org\/bghaber\/darica-belediyesinden-muhtesem-turk-dunyasi-genclik-soleni\/","title":{"rendered":"Dar\u0131ca Belediyesi\u2019nden Muhte\u015fem T\u00fcrk D\u00fcnyas\u0131 Gen\u00e7lik \u015e\u00f6leni"},"content":{"rendered":"<p>Dar\u0131ca Belediyesi T\u00fcrk D\u00fcnyas\u0131 Gen\u00e7lik \u015e\u00f6leni d\u00fczenledi. \u015e\u00f6lende muhte\u015fem eserleri seslendiren T\u00fcrki gen\u00e7ler, izleyenleri kendilerine hayran b\u0131rakt\u0131.\u00a0Dar\u0131ca muhte\u015fem bir organizasyona ev sahipil\u011fi yapt\u0131. Son d\u00f6nemlerde k\u00fclt\u00fcr ve sanatsal etkiblikleri \u00f6ne \u00e7\u0131kan Dar\u0131ca belediyesi yapt\u0131\u011f\u0131 son etkinlikl<br \/>\nDar\u0131ca\u2019da T\u00fcrk D\u00fcnyas\u0131 Gen\u00e7lik \u015e\u00f6leni kapsam\u0131nda T\u00fcrk D\u00fcnyas\u0131 Gen\u00e7lik Festivali Yap\u0131ld\u0131.<\/p>\n<p><img data-recalc-dims=\"1\" loading=\"lazy\" decoding=\"async\" class=\"alignleft size-full wp-image-42802\" src=\"https:\/\/i0.wp.com\/www.goldenbridgenews.com\/wp-content\/uploads\/2017\/05\/gg_10.jpg?resize=640%2C427\" sizes=\"auto, (max-width: 960px) 100vw, 960px\" srcset=\"http:\/\/www.goldenbridgenews.com\/wp-content\/uploads\/2017\/05\/gg_10.jpg 960w, http:\/\/www.goldenbridgenews.com\/wp-content\/uploads\/2017\/05\/gg_10-300x200.jpg 300w, http:\/\/www.goldenbridgenews.com\/wp-content\/uploads\/2017\/05\/gg_10-768x512.jpg 768w\" alt=\"\" width=\"640\" height=\"427\" \/><\/p>\n<p>Dar\u0131ca Belediyesi ve belediye ba\u015fkan\u0131 \u015e\u00fckr\u00fc Karabacak taraf\u0131ndan 17 ve 21 May\u0131s 2017 tarihleri aras\u0131nda D\u00fczenlenen ve Sanat Y\u00f6netmenli\u011fini Murat Bayta\u015f\u2019\u0131n yapt\u0131\u011f\u0131, T\u00fcrk D\u00fcnyas\u0131 Gen\u00e7lik \u015e\u00f6leni t\u00fcm h\u0131z\u0131yla devam ediyor.<br \/>\n\u015e\u00f6len kapsam\u0131nda 19 May\u0131s gecesi Dar\u0131ca Dudayev Park Amfi Tiyatro\u2019da 14 \u00fclkeden 18 solistin kat\u0131ld\u0131\u011f\u0131, T\u00fcrk D\u00fcnyas\u0131 Gen\u00e7lik Festivali ger\u00e7ekle\u015ftirildi. 19 May\u0131s Atat\u00fcrk\u2019\u00fc anma ve Gen\u00e7lik ve Spor Bayram\u0131 kapsam\u0131nda d\u00fczenlenen festival, \u201cDar\u0131ca\u2019da TOY\u2019umuz var\u201d slogan\u0131 ile dikkat \u00e7ekerken, kat\u0131l\u0131mc\u0131 \u00fclkeler ve solistleri kendi dillerinde seslendirdikleri eserler ve sahne \u015fovlar\u0131yla b\u00fcy\u00fck be\u011feni toplad\u0131. Festival gecesinin a\u00e7\u0131l\u0131\u015f\u0131nda, T\u00fcrk D\u00fcnyas\u0131 Ara\u015ft\u0131rmalar Vakf\u0131 m\u00fczik toplulu\u011fu, \u0130pek Yolu Orkestras\u0131 e\u015fli\u011finde bir konser verdi.<\/p>\n<p><img data-recalc-dims=\"1\" loading=\"lazy\" decoding=\"async\" class=\"alignleft size-full wp-image-42803\" src=\"https:\/\/i0.wp.com\/www.goldenbridgenews.com\/wp-content\/uploads\/2017\/05\/darica_belediyesi_nden_muhtesem_turk_dunyasi_genclik_soleni_h621504_66ac0.jpg?resize=640%2C393\" sizes=\"auto, (max-width: 652px) 100vw, 652px\" srcset=\"http:\/\/www.goldenbridgenews.com\/wp-content\/uploads\/2017\/05\/darica_belediyesi_nden_muhtesem_turk_dunyasi_genclik_soleni_h621504_66ac0.jpg 652w, http:\/\/www.goldenbridgenews.com\/wp-content\/uploads\/2017\/05\/darica_belediyesi_nden_muhtesem_turk_dunyasi_genclik_soleni_h621504_66ac0-300x184.jpg 300w\" alt=\"\" width=\"640\" height=\"393\" \/><\/p>\n<p>En iyi ses, en iyi beste ve en iyi yorum gibi dallarda j\u00fcri \u00f6zel \u00f6d\u00fclleri ile renklendirilen festivalde Dar\u0131ca\u2019y\u0131 lise \u00f6\u011frencilerinden olu\u015fan \u201cLaf\u0131 G\u00fczaf\u201d grubu temsil etti. \u00d6m\u00fcr Gedik, Avrasya Medya Birli\u011fi Genel Ba\u015fkan\u0131 Halit Ziya Alptekin ve Magazin Gazetecileri Derne\u011fi Ba\u015fkan\u0131 Nurcan Sabur\u2019un da aralar\u0131nda bulundu\u011fu 10 ki\u015filik se\u00e7kin kurul, kat\u0131l\u0131mc\u0131lara belgelerini ve j\u00fcri \u00f6zel \u00f6d\u00fcllerini takdim etti. Murat Bayta\u015f\u2019\u0131n organizasyonu ile ger\u00e7ekle\u015fen \u015f\u00f6lenin her y\u0131l geleneksel olarak d\u00fczenlenece\u011fi a\u00e7\u0131kland\u0131.<br \/>\nDar\u0131ca belediye Ba\u015fkan\u0131 \u015e\u00fckr\u00fc Karabacak yapt\u0131\u011f\u0131 a\u00e7\u0131klamada Dar\u0131ca Belediyesi olarak gen\u00e7li\u011fi, sporun ve sanat\u0131n her dal\u0131nda desteklemeyi s\u00fcrd\u00fcreceklerini belirtti. Dar\u0131ca Belediyesi ve Ba\u015fkan \u015e\u00fckr\u00fc Karabacak, T\u00fcrk D\u00fcnyas\u0131 Gen\u00e7lik \u015e\u00f6leni kapsam\u0131nda T\u00fcrk D\u00fcnyas\u0131ndan gelen misafirlerini Dar\u0131ca\u2019da a\u011f\u0131rlad\u0131.<\/p>\n<div id=\"bghab-1418621536\" class=\"bghab-yazi-altinda bghab-entity-placement\"><div class=\"bghab-adlabel\">Reklamlar<\/div><script async src=\"https:\/\/pagead2.googlesyndication.com\/pagead\/js\/adsbygoogle.js\"><\/script>\r\n<!-- bghaber-yaz\u0131-sonu -->\r\n<ins class=\"adsbygoogle\"\r\n     style=\"display:block\"\r\n     data-ad-client=\"ca-pub-6203283170189293\"\r\n     data-ad-slot=\"4222328180\"\r\n     data-ad-format=\"auto\"\r\n     data-full-width-responsive=\"true\"><\/ins>\r\n<script>\r\n     (adsbygoogle = window.adsbygoogle || []).push({});\r\n<\/script><\/div><br style=\"clear: both; display: block; float: none;\"\/>","protected":false},"excerpt":{"rendered":"<p>Dar\u0131ca Belediyesi T\u00fcrk D\u00fcnyas\u0131 Gen\u00e7lik \u015e\u00f6leni d\u00fczenledi. \u015e\u00f6lende muhte\u015fem eserleri seslendiren T\u00fcrki gen\u00e7ler, izleyenleri kendilerine hayran b\u0131rakt\u0131.\u00a0Dar\u0131ca muhte\u015fem bir organizasyona ev sahipil\u011fi yapt\u0131. Son d\u00f6nemlerde<\/p>\n","protected":false},"author":13,"featured_media":23052,"comment_status":"closed","ping_status":"closed","sticky":false,"template":"","format":"standard","meta":{"advanced_seo_description":"","jetpack_seo_html_title":"","jetpack_seo_noindex":false,"_jetpack_memberships_contains_paid_content":false,"footnotes":""},"categories":[8],"tags":[],"class_list":["post-23151","post","type-post","status-publish","format-standard","has-post-thumbnail","hentry","category-egitim"],"jetpack_featured_media_url":"https:\/\/i0.wp.com\/www.bghaber.org\/bghaber\/wp-content\/uploads\/2017\/05\/06f123ec-8ac1-46b9-ba1e-c69fa95ec5b2.jpg?fit=1040%2C780&ssl=1","jetpack_sharing_enabled":true,"jetpack_likes_enabled":true,"jetpack-related-posts":[],"jetpack_shortlink":"https:\/\/wp.me\/pc2PfJ-61p","_links":{"self":[{"href":"https:\/\/www.bghaber.org\/bghaber\/wp-json\/wp\/v2\/posts\/23151","targetHints":{"allow":["GET"]}}],"collection":[{"href":"https:\/\/www.bghaber.org\/bghaber\/wp-json\/wp\/v2\/posts"}],"about":[{"href":"https:\/\/www.bghaber.org\/bghaber\/wp-json\/wp\/v2\/types\/post"}],"author":[{"embeddable":true,"href":"https:\/\/www.bghaber.org\/bghaber\/wp-json\/wp\/v2\/users\/13"}],"replies":[{"embeddable":true,"href":"https:\/\/www.bghaber.org\/bghaber\/wp-json\/wp\/v2\/comments?post=23151"}],"version-history":[{"count":0,"href":"https:\/\/www.bghaber.org\/bghaber\/wp-json\/wp\/v2\/posts\/23151\/revisions"}],"wp:featuredmedia":[{"embeddable":true,"href":"https:\/\/www.bghaber.org\/bghaber\/wp-json\/wp\/v2\/media\/23052"}],"wp:attachment":[{"href":"https:\/\/www.bghaber.org\/bghaber\/wp-json\/wp\/v2\/media?parent=23151"}],"wp:term":[{"taxonomy":"category","embeddable":true,"href":"https:\/\/www.bghaber.org\/bghaber\/wp-json\/wp\/v2\/categories?post=23151"},{"taxonomy":"post_tag","embeddable":true,"href":"https:\/\/www.bghaber.org\/bghaber\/wp-json\/wp\/v2\/tags?post=23151"}],"curies":[{"name":"wp","href":"https:\/\/api.w.org\/{rel}","templated":true}]}}