{"id":23148,"date":"2017-05-22T14:18:25","date_gmt":"2017-05-22T11:18:25","guid":{"rendered":"http:\/\/www.bghaber.org\/bghaber\/?p=23148"},"modified":"2017-05-22T14:20:07","modified_gmt":"2017-05-22T11:20:07","slug":"turk-dunyasinda-belgesel-film-atagi","status":"publish","type":"post","link":"https:\/\/www.bghaber.org\/bghaber\/turk-dunyasinda-belgesel-film-atagi\/","title":{"rendered":"T\u00fcrk d\u00fcnyas\u0131nda belgesel film ata\u011f\u0131"},"content":{"rendered":"<h2>Bu y\u0131l ikincisi d\u00fczenlenen \u201cT\u00fcrk D\u00fcnyas\u0131 Belgesel Film Festivali ve Yar\u0131\u015fmas\u0131\u201dn\u0131n gala ve \u00f6d\u00fcl t\u00f6renleri 27-30 Eyl\u00fcl tarihlerinde \u0130stanbul\u2019da ger\u00e7ekle\u015ftirilecek.<\/h2>\n<p><img data-recalc-dims=\"1\" loading=\"lazy\" decoding=\"async\" class=\"alignleft\" src=\"https:\/\/i0.wp.com\/www.ticarihayat.com.tr\/haber_resim\/Turk-dunyasinda-belgesel-film-atagi-6026.jpg?resize=455%2C248\" alt=\"T\u00fcrk d\u00fcnyas\u0131nda belgesel film ata\u011f\u0131\" width=\"455\" height=\"248\" \/>T\u00fcrk D\u00fcnyas\u0131 Gazeteciler Federasyonu taraf\u0131ndan bu y\u0131l ikincisi d\u00fczenlenen, \u201cT\u00fcrk D\u00fcnyas\u0131 Belgesel Film Festivali ve Yar\u0131\u015fmas\u0131\u201dn\u0131n gala ve \u00f6d\u00fcl t\u00f6renleri, 27-30 Eyl\u00fcl tarihlerinde \u0130stanbul\u2019da ger\u00e7ekle\u015ftirilecek.<br \/>\nEtkinli\u011fin tan\u0131t\u0131m toplant\u0131s\u0131, T\u00fcrk d\u00fcnyas\u0131ndan baz\u0131 gazeteci, k\u00fclt\u00fcr adam\u0131 ve sivil toplum kurulu\u015fu temsilcilerinin kat\u0131l\u0131m\u0131yla yap\u0131ld\u0131.<br \/>\nToplant\u0131da konu\u015fan Festival ve Yar\u0131\u015fma Y\u00fcr\u00fctme Kurulu Ba\u015fkan\u0131 Menderes Demir, 7 \u00fclke ve 8 \u015fehirde ger\u00e7ekle\u015ftirilecek festivalde, T\u00fcrk d\u00fcnyas\u0131n\u0131n sanatsal etkinliklere doyaca\u011f\u0131n\u0131 s\u00f6yledi.<br \/>\nFestivalin ikincisini ger\u00e7ekle\u015ftirmek i\u00e7in \u00e7al\u0131\u015fmalar\u0131n ba\u015flad\u0131\u011f\u0131n\u0131 ve yar\u0131\u015fma i\u00e7in ba\u015fvurular\u0131n kabul s\u00fcrecinin 17 Nisan\u2019da start ald\u0131\u011f\u0131n\u0131 dile getiren Demir, \u201c18 A\u011fustos\u2019a kadar m\u00fcracaat s\u00fcreci devam edecek. Ge\u00e7ti\u011fimiz y\u0131ldan farkl\u0131 olarak, bu sene yar\u0131\u015fmay\u0131 iki kategoriye ay\u0131rd\u0131k. Profesyonellerle \u00f6\u011frencilerin filmleri farkl\u0131 de\u011ferlendirilecek.\u201d diye konu\u015ftu.<br \/>\nDemir, festivale destek veren Anadolu Ajans\u0131 (AA) ba\u015fta olmak \u00fczere t\u00fcm kurum ve kurulu\u015flara te\u015fekk\u00fcr etti.<\/p>\n<p><img data-recalc-dims=\"1\" loading=\"lazy\" decoding=\"async\" class=\"\" src=\"https:\/\/i0.wp.com\/www.bghaber.org\/bghaber\/wp-content\/uploads\/2017\/05\/film-ist.jpg?resize=640%2C211\" width=\"640\" height=\"211\" \/><\/p>\n<div id=\"bghab-3847044094\" class=\"bghab-yazi-altinda bghab-entity-placement\"><div class=\"bghab-adlabel\">Reklamlar<\/div><script async src=\"https:\/\/pagead2.googlesyndication.com\/pagead\/js\/adsbygoogle.js\"><\/script>\r\n<!-- bghaber-yaz\u0131-sonu -->\r\n<ins class=\"adsbygoogle\"\r\n     style=\"display:block\"\r\n     data-ad-client=\"ca-pub-6203283170189293\"\r\n     data-ad-slot=\"4222328180\"\r\n     data-ad-format=\"auto\"\r\n     data-full-width-responsive=\"true\"><\/ins>\r\n<script>\r\n     (adsbygoogle = window.adsbygoogle || []).push({});\r\n<\/script><\/div><br style=\"clear: both; display: block; float: none;\"\/>","protected":false},"excerpt":{"rendered":"<p>Bu y\u0131l ikincisi d\u00fczenlenen \u201cT\u00fcrk D\u00fcnyas\u0131 Belgesel Film Festivali ve Yar\u0131\u015fmas\u0131\u201dn\u0131n gala ve \u00f6d\u00fcl t\u00f6renleri 27-30 Eyl\u00fcl tarihlerinde \u0130stanbul\u2019da ger\u00e7ekle\u015ftirilecek. T\u00fcrk D\u00fcnyas\u0131 Gazeteciler Federasyonu taraf\u0131ndan<\/p>\n","protected":false},"author":13,"featured_media":23085,"comment_status":"closed","ping_status":"closed","sticky":false,"template":"","format":"standard","meta":{"advanced_seo_description":"","jetpack_seo_html_title":"","jetpack_seo_noindex":false,"_jetpack_memberships_contains_paid_content":false,"footnotes":""},"categories":[5],"tags":[],"class_list":["post-23148","post","type-post","status-publish","format-standard","has-post-thumbnail","hentry","category-yasam"],"jetpack_featured_media_url":"https:\/\/i0.wp.com\/www.bghaber.org\/bghaber\/wp-content\/uploads\/2017\/05\/film-ist.jpg?fit=848%2C280&ssl=1","jetpack_sharing_enabled":true,"jetpack_likes_enabled":true,"jetpack-related-posts":[],"jetpack_shortlink":"https:\/\/wp.me\/pc2PfJ-61m","_links":{"self":[{"href":"https:\/\/www.bghaber.org\/bghaber\/wp-json\/wp\/v2\/posts\/23148","targetHints":{"allow":["GET"]}}],"collection":[{"href":"https:\/\/www.bghaber.org\/bghaber\/wp-json\/wp\/v2\/posts"}],"about":[{"href":"https:\/\/www.bghaber.org\/bghaber\/wp-json\/wp\/v2\/types\/post"}],"author":[{"embeddable":true,"href":"https:\/\/www.bghaber.org\/bghaber\/wp-json\/wp\/v2\/users\/13"}],"replies":[{"embeddable":true,"href":"https:\/\/www.bghaber.org\/bghaber\/wp-json\/wp\/v2\/comments?post=23148"}],"version-history":[{"count":0,"href":"https:\/\/www.bghaber.org\/bghaber\/wp-json\/wp\/v2\/posts\/23148\/revisions"}],"wp:featuredmedia":[{"embeddable":true,"href":"https:\/\/www.bghaber.org\/bghaber\/wp-json\/wp\/v2\/media\/23085"}],"wp:attachment":[{"href":"https:\/\/www.bghaber.org\/bghaber\/wp-json\/wp\/v2\/media?parent=23148"}],"wp:term":[{"taxonomy":"category","embeddable":true,"href":"https:\/\/www.bghaber.org\/bghaber\/wp-json\/wp\/v2\/categories?post=23148"},{"taxonomy":"post_tag","embeddable":true,"href":"https:\/\/www.bghaber.org\/bghaber\/wp-json\/wp\/v2\/tags?post=23148"}],"curies":[{"name":"wp","href":"https:\/\/api.w.org\/{rel}","templated":true}]}}