{"id":23142,"date":"2017-05-22T13:07:22","date_gmt":"2017-05-22T10:07:22","guid":{"rendered":"http:\/\/www.bghaber.org\/bghaber\/?p=23142"},"modified":"2017-05-22T13:07:22","modified_gmt":"2017-05-22T10:07:22","slug":"balmumu-heykele-verilen-nazi-selami-hukumeti-sarsti","status":"publish","type":"post","link":"https:\/\/www.bghaber.org\/bghaber\/balmumu-heykele-verilen-nazi-selami-hukumeti-sarsti\/","title":{"rendered":"Balmumu heykele verilen Nazi selam\u0131 h\u00fck\u00fcmeti sarst\u0131!"},"content":{"rendered":"<p><img data-recalc-dims=\"1\" loading=\"lazy\" decoding=\"async\" class=\"\" src=\"https:\/\/i0.wp.com\/www.bghaber.org\/bghaber\/wp-content\/uploads\/2017\/05\/balmumu-heykele-verilen-nazi-selami-hukumeti-sarsti-h1495043181-9e2fb4.jpg?resize=640%2C360\" width=\"640\" height=\"360\" \/><\/p>\n<p>Bulgaristan medyas\u0131nda, Ba\u015fbakan Boyko Borisov\u2019un h\u00fck\u00fcmet orta\u011f\u0131 a\u015f\u0131r\u0131 milliyet\u00e7i ve \u0131rk\u00e7\u0131 Birle\u015fik Vatanseverler Partisinden (OP) iki g\u00fcn \u00f6nce Bakan Yard\u0131mc\u0131l\u0131\u011f\u0131na atanan Tenev&#8217;in, sosyal medya hesab\u0131ndaki, Paris\u2019te bir m\u00fczede 9 y\u0131l \u00f6nce balmumu Gestapo heykellerinin \u00f6n\u00fcnde Nazi selam\u0131 verirken \u00e7ektirdi\u011fi foto\u011fraf\u0131 yer ald\u0131. Gelen tepkiler \u00fczerine foto\u011fraf\u0131 silen Tenev, foto\u011fraftan pi\u015fmanl\u0131k duydu\u011funu belirtti.<\/p>\n<p>Borisov ile g\u00f6r\u00fc\u015ferek istifas\u0131n\u0131 sunan Tenev, zaman\u0131nda kariyerinin bu y\u00f6nde geli\u015fece\u011fini ve kamuoyunun dikkatini b\u00f6yle bir tav\u0131rla \u00e7ekece\u011fini tahmin etmedi\u011fini s\u00f6yledi. Tenev, hayat\u0131n\u0131n hi\u00e7bir d\u00f6neminde Nazi ideolojisini benimsemedi\u011fini de s\u00f6zlerine ekledi.<\/p>\n<p>\u00dcyelerinin \u00e7o\u011funlu\u011funu T\u00fcrklerin olu\u015fturdu\u011fu Sorumluluk, \u00d6zg\u00fcrl\u00fck ve Ho\u015fg\u00f6r\u00fc i\u00e7in Demokratlar Partisi (DOST) lideri L\u00fctvi Mestan, olaya ili\u015fkin yapt\u0131\u011f\u0131 a\u00e7\u0131klamada, Tenev\u2019in atanmas\u0131n\u0131 Ba\u015fbakan Borisov\u2019un \u201csiyasi kariyerindeki en b\u00fcy\u00fck gaf\u0131\u201d olarak nitelendirdi. Mestan, Borisov\u2019un ho\u015fg\u00f6r\u00fc g\u00f6sterilmesi ve etnik bar\u0131\u015f\u0131n korunmas\u0131na ili\u015fkin ge\u00e7mi\u015fte dile getirdi\u011fi s\u00f6zlerine art\u0131k kimsenin inanmayaca\u011f\u0131n\u0131 kaydetti.<\/p>\n<p>Tenev&#8217;in s\u00f6z konusu foto\u011fraf\u0131 sosyal medyada payla\u015fmas\u0131 \u00fclkede siyasi \u00e7evreler, bas\u0131n ve kamuoyundan tepki \u00e7ekmi\u015f, Tenev \u00f6nce ilgili foto\u011fraf\u0131 ard\u0131ndan da sosyal medya hesab\u0131n\u0131 silmi\u015fti. OP&#8217;li Ba\u015fbakan Yard\u0131mc\u0131s\u0131 Valeri Simeonov ise gen\u00e7ken kendisinin de Almanya\u2019daki toplama kamplar\u0131n\u0131 gezdi\u011fine i\u015faret ederek, \u201cKim bilir Buchenwald Toplama Kamp\u0131&#8217;ndan benim de ne esprili foto\u011fraflar\u0131m var\u201d s\u00f6zleriyle Tenev&#8217;i savunmu\u015ftu.<\/p>\n<div id=\"bghab-1351513818\" class=\"bghab-yazi-altinda bghab-entity-placement\"><div class=\"bghab-adlabel\">Reklamlar<\/div><script async src=\"https:\/\/pagead2.googlesyndication.com\/pagead\/js\/adsbygoogle.js\"><\/script>\r\n<!-- bghaber-yaz\u0131-sonu -->\r\n<ins class=\"adsbygoogle\"\r\n     style=\"display:block\"\r\n     data-ad-client=\"ca-pub-6203283170189293\"\r\n     data-ad-slot=\"4222328180\"\r\n     data-ad-format=\"auto\"\r\n     data-full-width-responsive=\"true\"><\/ins>\r\n<script>\r\n     (adsbygoogle = window.adsbygoogle || []).push({});\r\n<\/script><\/div><br style=\"clear: both; display: block; float: none;\"\/>","protected":false},"excerpt":{"rendered":"<p>Bulgaristan medyas\u0131nda, Ba\u015fbakan Boyko Borisov\u2019un h\u00fck\u00fcmet orta\u011f\u0131 a\u015f\u0131r\u0131 milliyet\u00e7i ve \u0131rk\u00e7\u0131 Birle\u015fik Vatanseverler Partisinden (OP) iki g\u00fcn \u00f6nce Bakan Yard\u0131mc\u0131l\u0131\u011f\u0131na atanan Tenev&#8217;in, sosyal medya hesab\u0131ndaki,<\/p>\n","protected":false},"author":13,"featured_media":23143,"comment_status":"closed","ping_status":"closed","sticky":false,"template":"","format":"standard","meta":{"advanced_seo_description":"","jetpack_seo_html_title":"","jetpack_seo_noindex":false,"_jetpack_memberships_contains_paid_content":false,"footnotes":""},"categories":[5],"tags":[],"class_list":["post-23142","post","type-post","status-publish","format-standard","has-post-thumbnail","hentry","category-yasam"],"jetpack_featured_media_url":"https:\/\/i0.wp.com\/www.bghaber.org\/bghaber\/wp-content\/uploads\/2017\/05\/balmumu-heykele-verilen-nazi-selami-hukumeti-sarsti-h1495043181-9e2fb4.jpg?fit=590%2C332&ssl=1","jetpack_sharing_enabled":true,"jetpack_likes_enabled":true,"jetpack-related-posts":[],"jetpack_shortlink":"https:\/\/wp.me\/pc2PfJ-61g","_links":{"self":[{"href":"https:\/\/www.bghaber.org\/bghaber\/wp-json\/wp\/v2\/posts\/23142","targetHints":{"allow":["GET"]}}],"collection":[{"href":"https:\/\/www.bghaber.org\/bghaber\/wp-json\/wp\/v2\/posts"}],"about":[{"href":"https:\/\/www.bghaber.org\/bghaber\/wp-json\/wp\/v2\/types\/post"}],"author":[{"embeddable":true,"href":"https:\/\/www.bghaber.org\/bghaber\/wp-json\/wp\/v2\/users\/13"}],"replies":[{"embeddable":true,"href":"https:\/\/www.bghaber.org\/bghaber\/wp-json\/wp\/v2\/comments?post=23142"}],"version-history":[{"count":0,"href":"https:\/\/www.bghaber.org\/bghaber\/wp-json\/wp\/v2\/posts\/23142\/revisions"}],"wp:featuredmedia":[{"embeddable":true,"href":"https:\/\/www.bghaber.org\/bghaber\/wp-json\/wp\/v2\/media\/23143"}],"wp:attachment":[{"href":"https:\/\/www.bghaber.org\/bghaber\/wp-json\/wp\/v2\/media?parent=23142"}],"wp:term":[{"taxonomy":"category","embeddable":true,"href":"https:\/\/www.bghaber.org\/bghaber\/wp-json\/wp\/v2\/categories?post=23142"},{"taxonomy":"post_tag","embeddable":true,"href":"https:\/\/www.bghaber.org\/bghaber\/wp-json\/wp\/v2\/tags?post=23142"}],"curies":[{"name":"wp","href":"https:\/\/api.w.org\/{rel}","templated":true}]}}