{"id":23137,"date":"2017-05-22T12:42:01","date_gmt":"2017-05-22T09:42:01","guid":{"rendered":"http:\/\/www.bghaber.org\/bghaber\/?p=23137"},"modified":"2020-05-16T11:11:15","modified_gmt":"2020-05-16T08:11:15","slug":"bizi-tanimayanlar-ayaklanmamizi-nasil-tanisinlar","status":"publish","type":"post","link":"https:\/\/www.bghaber.org\/bghaber\/bizi-tanimayanlar-ayaklanmamizi-nasil-tanisinlar\/","title":{"rendered":"Bizi Tan\u0131mayanlar, Ayaklanmam\u0131z\u0131 Nas\u0131l Tan\u0131s\u0131nlar?"},"content":{"rendered":"<p><img data-recalc-dims=\"1\" decoding=\"async\" src=\"https:\/\/i0.wp.com\/www.bghaber.org\/bghaber\/wp-content\/uploads\/2017\/05\/13059917_102err-09044811340515_1672793642_n.jpg?w=640\" \/> Rafet\u00a0ULUT\u00dcRK<\/p>\n<p>Tarih: 22 May\u0131s 2017<\/p>\n<p>Konu:\u00a0 <strong>1989 May\u0131s Ayaklanmas\u0131n\u0131 halk\u0131m\u0131z ba\u015flatm\u0131\u015f, y\u00f6netmi\u015f ve ger\u00e7ekle\u015ftirmi\u015ftir<\/strong>.<\/p>\n<p><strong>Topra\u011fa verdiklerimiz hakk\u0131nda kimsenin s\u00f6yleyecek s\u00f6z\u00fc olamaz.<\/strong><\/p>\n<p><strong>Bizi Tan\u0131mayanlar, Ayaklanmam\u0131z\u0131 Nas\u0131l Tan\u0131s\u0131nlar?<\/strong><\/p><div id=\"bghab-1157219582\" class=\"bghab-icerik-icine bghab-entity-placement\"><script async src=\"\/\/pagead2.googlesyndication.com\/pagead\/js\/adsbygoogle.js?client=ca-pub-6203283170189293\" crossorigin=\"anonymous\"><\/script><ins class=\"adsbygoogle\" style=\"display:block; text-align:center;\" data-ad-client=\"ca-pub-6203283170189293\" \ndata-ad-slot=\"7303146466\" \ndata-ad-layout=\"in-article\"\ndata-ad-format=\"fluid\" data-full-width-responsive=\"true\"><\/ins>\n<script> \n(adsbygoogle = window.adsbygoogle || []).push({}); \n<\/script>\n<\/div>\n<p>19 May\u0131s\u2019ta Cebel \u015fehrimizde 28 y\u0131l \u00f6nce \u00e7akmak \u00e7akan ve Bulgaristan\u2019da alevlenen BULGAR\u0130STANLI T\u00dcKLER\u0130N HALK AYAKLANMASI\u2019n\u0131 ve \u015fehitlerimizi anma t\u00f6renlerinde ya\u015fanan olumsuz olaylar kamuoyunda geni\u015f yank\u0131land\u0131.<\/p>\n<p>S\u00f6ylemek istediklerini halk\u0131n kurdu\u011fu k\u00fcrs\u00fcye \u00e7\u0131k\u0131p, \u015fehit yak\u0131nlar\u0131n\u0131n, \u00e7ile \u00e7ekmi\u015flerin, s\u00fcrg\u00fcnde ezilenlerin, Belenede, binlerce ma\u011fdur kahraman\u0131n yani anma t\u00f6renine, sayg\u0131 duru\u015funa gelen, Bulgar T\u00fcrk, M\u00fcsl\u00fcman Hristiyan herkesin anlayaca\u011f\u0131 bir dille kitleye s\u00f6yleme k\u00fclt\u00fcr\u00fcne sahip olmayan Hak ve \u00d6zg\u00fcrl\u00fckler Hareketi (H\u00d6H) lider ekibi, eli alt\u0131ndaki t\u00fcm medyalar\u0131 ate\u015fleyerek ve paral\u0131 propaganda yapan yalanc\u0131 bas\u0131na \u00e7\u0131karak, 1989\u2019un 19 May\u0131s\u0131 halk isyan\u0131 \u00f6nder, \u00f6rg\u00fctleyicisi ve y\u00f6neticisinin g\u00fcya bug\u00fcn \u201c<strong>saray<\/strong>\u201d bek\u00e7ili\u011fi yapan ve insan \u00f6n\u00fcne \u00e7\u0131kmaya y\u00fcz\u00fc olmayan fahri ba\u015fkan Ahmet Do\u011fan\u2019\u0131n oldu\u011fu iddias\u0131na yeniden d\u00f6rt elle sar\u0131ld\u0131. Ger\u00e7e\u011fi \u00e7eken bilir. Halk\u0131n bildi\u011fi ve do\u011frulu\u011funa inand\u0131\u011f\u0131 hi\u00e7 bir \u015fey yalanla dolanla, d\u00fczmecelerle ve kand\u0131rmayla de\u011fi\u015ftirilemez.<\/p>\n<p><strong>Soruyoruz<\/strong>. Acaba 19 May\u0131s 1989\u2019dan \u00f6nce Ahmet Do\u011fan Cebelin nerede oldu\u011funu biliyormu\u015f mu?<\/p>\n<p><strong>Soruyoruz<\/strong>:\u00a0 19 May\u0131s 1989\u2019dan \u00f6nce Ahmet Do\u011fan Cebel\u2019den ya da k\u00f6ylerinden ka\u00e7 ki\u015fi tan\u0131rm\u0131\u015f ki, \u0130syan \u00f6nderli\u011fini yapm\u0131\u015ft\u0131r.<\/p>\n<p>Ahmet Do\u011fan\u0131 aram\u0131za lider olarak \u00e7akmak isteyenler 28 y\u0131ldan beri yalan s\u00f6yl\u00fcyorlar. Ne kadar y\u00fczs\u00fczle\u015fmi\u015f ki, halk\u0131m\u0131z\u0131 aldatma \u00e7abalar\u0131ndan vazge\u00e7mediler. D\u00fcne kadar L\u00fctf\u00fc Mestan da ayn\u0131 hoparl\u00f6rden konu\u015fuyordu. Bug\u00fcn Karaday\u0131 da kendini Goebels yapmaya \u00e7al\u0131\u015f\u0131yor.<\/p><div id=\"bghab-3078853641\" class=\"bghab-icerik-icine-10-paragraf bghab-entity-placement\"><script async src=\"\/\/pagead2.googlesyndication.com\/pagead\/js\/adsbygoogle.js?client=ca-pub-6203283170189293\" crossorigin=\"anonymous\"><\/script><ins class=\"adsbygoogle\" style=\"display:block; text-align:center;\" data-ad-client=\"ca-pub-6203283170189293\" \ndata-ad-slot=\"7303146466\" \ndata-ad-layout=\"in-article\"\ndata-ad-format=\"fluid\" data-full-width-responsive=\"true\"><\/ins>\n<script> \n(adsbygoogle = window.adsbygoogle || []).push({}); \n<\/script>\n<\/div>\n<p><strong>Sa\u00e7mal\u0131klara son verelim karde\u015fler.<\/strong><\/p>\n<p>Cebel\u2019de hak ve \u00f6zg\u00fcrl\u00fcklerimiz u\u011fruna devrimci \u00f6rg\u00fct kuran \u00f6\u011fretmen Avni Veli ve arkada\u015flar\u0131d\u0131r. O \u00f6rg\u00fctsel ve idesel \u00e7al\u0131\u015fmalar\u0131 i\u00e7in tutuklanm\u0131\u015f, Dobruca\u2019ya s\u00fcrg\u00fcn edilmi\u015f, ailesiyle birlikte Dobri\u00e7 k\u00f6ylerinde t\u00fct\u00fcn i\u015flemi\u015f, yine i\u00e7eri at\u0131lm\u0131\u015f, yarg\u0131lanm\u0131\u015f, 7 y\u0131l 10 ay hapsedilmi\u015ftir.<\/p>\n<p>29 Aral\u0131k 1988\u2019de serbest b\u0131rak\u0131ld\u0131ktan sonra totaliter devlerin bask\u0131 ve ter\u00f6r\u00fcne kar\u015f\u0131, T\u00fcrklerin dil, din, k\u00fclt\u00fcrel haklar\u0131n\u0131 geri verilmesi, T\u00fcrk okullar\u0131n\u0131n yeniden a\u00e7\u0131lmas\u0131 ve \u00f6ncelikle de T\u00fcrk isimlerimizin hemen iade edilmesi i\u00e7in gizli m\u00fccadele yolunu se\u00e7mi\u015ftir. Kurdu\u011fu direni\u015f \u00f6rg\u00fct\u00fcn\u00fcn \u00e7al\u0131\u015fmalar\u0131 Cebel halk\u0131 aras\u0131nda ve k\u00f6ylerde tutmu\u015ftur. 1989 Viyana Destek Hareketini kuran da Avni Velidir. O hayatta iken Ahmet Do\u011fan\u0131 tan\u0131mad\u0131\u011f\u0131n\u0131 defalarca beyan etti. \u0130ki y\u0131l \u00f6ncesine kadar H\u00d6H Genel Ba\u015fkan\u0131 g\u00f6revinde bulunan L\u00fctfi Mestan\u2019\u0131n da \u201c<strong>T\u00fcrk ruhu ta\u015f\u0131yan biri olmad\u0131\u011f\u0131n\u0131<\/strong>\u201d ve \u201c<strong>ondan bir \u015feyler beklemenin \u00e7ok yanl\u0131\u015f oldu\u011funu<\/strong>\u201d vurgulam\u0131\u015ft\u0131. O rahat d\u00f6\u015fe\u011finde yatarken ruhu bunlar\u0131 anlatmaya devam ediyor.<\/p>\n<p>30 May\u0131s 1989\u2019da Paris\u2019te ba\u015flayacak olan \u0130nsan Boyutlar\u0131 Konferans\u0131 Birinci Toplant\u0131s\u0131ndan (AG\u0130T) \u00f6nce d\u00fcnya kamuoyunun dikkatini Bulgaristan&#8217;daki T\u00fcrk ve M\u00fcsl\u00fcman kitlenin son derece a\u011f\u0131r durumuna ve y\u00fckselen isyan dalgas\u0131na \u00e7eken yine Avni Veli ve arkada\u015flar\u0131 oldu.<\/p>\n<p>19 May\u0131s\u2019ta Cebel\u2019de patlayan nefret dalgas\u0131 haberlerini \u201c<strong>H\u00fcrriyet<\/strong>\u201d, \u201c<strong>Almanya\u2019n\u0131n Sesi<\/strong>\u201d, \u201c<strong>BBC<\/strong>\u201d \u00a0vb radyo merkezlerine ilettiler. Bat\u0131 Radyolar\u0131, Ankara ve \u0130stanbul Radyosu \u201c<strong>Bulgaristan\u2019da havan\u0131n kur\u015fun gibi a\u011f\u0131r oldu\u011funa ve yerel isteklerle de\u011fil ulusal ve toplu, genel ge\u00e7erli ve uluslar aras\u0131 anla\u015fmalara ve insan haklar\u0131 s\u00f6zle\u015fmelerine ve devletler hukukuna dayanan isteklerle ayaklanan Bulgaristan T\u00fcrklerinin t\u00fcm isteklerinin hemen yerine getirilmesini d\u00fcnyaya duyuruyordu.<\/strong> G\u00fcn\u00fcm\u00fczde hakl\u0131 davas\u0131 BULT\u00dcRK taraf\u0131ndan devam ettirilen \u0130stanbul Balkan T\u00fcrkleri K\u00fclt\u00fcr ve Dayan\u0131\u015fma Derne\u011fi ve federasyonlar Taksimde mitingler d\u00fczenlendi. Bulgaristan Konsolosluk ve El\u00e7iliklerine siyah \u00e7elenkler ta\u015f\u0131nd\u0131. Bunlar \u00fclkede insan haklar\u0131n\u0131n, hukuk d\u00fczeni ve demokrasi umuduna sembol oldu.<\/p><div id=\"bghab-2617787820\" class=\"bghab-icerik-icine-15-paragraf bghab-entity-placement\"><script async src=\"\/\/pagead2.googlesyndication.com\/pagead\/js\/adsbygoogle.js?client=ca-pub-6203283170189293\" crossorigin=\"anonymous\"><\/script><ins class=\"adsbygoogle\" style=\"display:block; text-align:center;\" data-ad-client=\"ca-pub-6203283170189293\" \ndata-ad-slot=\"7303146466\" \ndata-ad-layout=\"in-article\"\ndata-ad-format=\"fluid\" data-full-width-responsive=\"true\"><\/ins>\n<script> \n(adsbygoogle = window.adsbygoogle || []).push({}); \n<\/script>\n<\/div>\n<p><strong>\u015eunu da \u00f6nemle belirtiyoruz<\/strong>:<\/p>\n<p>O zaman Bulgaristan\u2019da 28 gizli ve yar\u0131 gizli etkinlik y\u00fcr\u00fcten, bildiri, program ve t\u00fcz\u00fck da\u011f\u0131tan, B\u00fcy\u00fck el\u00e7iliklere, h\u00fckumete ve devlet ba\u015fkanl\u0131\u011f\u0131na mektup \u00fcst\u00fcne mektup g\u00f6nderen binlerce ki\u015fi vard\u0131? Herkes M\u00fcsl\u00fcman vatanda\u015flar\u0131m\u0131z\u0131n haklar\u0131n\u0131n iade edilmesinde kararl\u0131yd\u0131.<\/p>\n<p><strong>Soruyorum<\/strong>. \u00a0Say\u0131n H\u00d6H Siyasi Y\u00fcr\u00fctme Kurulu \u00fcyeleri, ba\u015fka bir de\u011fi\u015fle, bug\u00fcn yani 28 y\u0131l sonra,\u00a0 TV ekranlar\u0131na \u00e7\u0131k\u0131p da \u201c<strong>bu i\u015flerin ard\u0131nda Ahmet Do\u011fan vard\u0131<\/strong>\u201d diyenlerin t\u00fcm\u00fcne soruyoruz.\u00a0 <em>G\u00f6sterece\u011finiz belgeler<\/em> s<em>onradan uydurulmu\u015f olmama \u015fart\u0131yla<\/em>, bug\u00fcn bize hakl\u0131m\u0131z\u0131n geri verilmesi, Ayaklanmaya \u00e7a\u011f\u0131ran, ayaklanma i\u00e7in kadro g\u00f6revlendiren, Bat\u0131 Radyolar\u0131 ve Ankara,\u00a0 \u0130stanbul Radyolar\u0131 ile irtibat kurup deme\u00e7 veren ki\u015finin Ahmet Do\u011fan oldu\u011funu s\u00f6yleyip bunu kan\u0131tlayabilen bir tek ki\u015fi g\u00f6sterebilir misiniz?\u00a0 G\u00f6steremezsiniz\u2026<\/p>\n<p>May\u0131s 1989\u2019da Bulgaristan\u2019da etkinlikler ate\u015finde yanan, gece g\u00fcnd\u00fcz demeden \u00e7al\u0131\u015fan devrimci kadro kovan\u0131 vard\u0131. Bunlar BKP Akademisi mezunu de\u011fil, halk\u0131n m\u00fccadele okulunu bitirmi\u015f cesur ve bilin\u00e7li karde\u015flerimizdi. A.Do\u011fan bu ki\u015filerden hangisini tan\u0131yordu? Davam\u0131z o kadar derin ve b\u00fcy\u00fckt\u00fc, ate\u015fi g\u00f6kleri \u00f6yle delmi\u015fti ki, dilinizin alt\u0131ndan \u00e7\u0131kar\u0131p Kas\u0131m Dal ile Necmettin Hak\u2019\u0131n ismini s\u0131ralasan\u0131z asla yetmez. Biri o g\u00fcnlerde Sofya hapishanesinde ayakkab\u0131 dikiyor, di\u011feri de \u201c\u0130htiman\u201d d\u00f6k\u00fcmhanesinde kal\u0131p temizliyordu. Olup bitenden haberleri yoktu. Kendimizi ve birbirimizi kand\u0131rmayal\u0131m. Ger\u00e7ekleri ipe serme g\u00fcn\u00fc \u00e7oktan ge\u00e7ti. \u0130syan edenler birbirlerine g\u00f6n\u00fcl ba\u011f\u0131 ile ba\u011fl\u0131yd\u0131. Yalanc\u0131 \u015fahitlerle dava kazan\u0131lmaz. Son hesapta hakl\u0131 olan her zaman halkt\u0131r ve ger\u00e7ektir.<\/p>\n<p>1989 May\u0131s ayaklanmam\u0131za kat\u0131lanlarda birlik, beraberlik ve birlikte yol y\u00fcr\u00fcme azmi vard\u0131. Protesto y\u00fcr\u00fcy\u00fc\u015flerinde ayak izlerini r\u00fczg\u00e2ra b\u0131rakanlardan, k\u00f6r kur\u015funlara hedef olup \u015fehit d\u00fc\u015fen kahramanlardan hi\u00e7 biri Ahmet Do\u011fan ad\u0131nda birini tan\u0131m\u0131yordu.<\/p><div id=\"bghab-3627405325\" class=\"bghab-icerik-icine-20-paragraf bghab-entity-placement\"><script async src=\"\/\/pagead2.googlesyndication.com\/pagead\/js\/adsbygoogle.js?client=ca-pub-6203283170189293\" crossorigin=\"anonymous\"><\/script><ins class=\"adsbygoogle\" style=\"display:block; text-align:center;\" data-ad-client=\"ca-pub-6203283170189293\" \ndata-ad-slot=\"7303146466\" \ndata-ad-layout=\"in-article\"\ndata-ad-format=\"fluid\" data-full-width-responsive=\"true\"><\/ins>\n<script> \n(adsbygoogle = window.adsbygoogle || []).push({}); \n<\/script>\n<\/div>\n<p>\u0130nsan tan\u0131mad\u0131\u011f\u0131 g\u00f6rmedi\u011fi insanlar\u0131 \u00f6rg\u00fctleyemez, y\u00f6netemez, onlara esin kayna\u011f\u0131 olamaz, \u00f6l\u00fcme u\u00e7mas\u0131 i\u00e7in hi\u00e7 kimseyi kanat a\u00e7amaz. Ayaklanmalar ayn\u0131 ruhla ya\u015fayan insanlar\u0131n g\u00f6n\u00fcl co\u015fkusudur. \u0130syana kalk\u0131\u015fma t\u00fcm ezberi bozan bir hareketlenmedir. 1989 May\u0131s\u0131nda \u201c<strong>DS<\/strong>\u201d sofras\u0131nda beslenenler ayaklanmad\u0131lar. Dirilen, kahraman halk\u0131m\u0131n birlik ve beraberli\u011finden kaynaklanan yenilmez kudretti. \u0130syan, ans\u0131z\u0131n patlayan bir yanarda\u011fd\u0131r. Bizim ki de \u00f6yleydi.19 May\u0131s 1989\u2019da Cebel\u2019de yanar da\u011f\u0131 lav sa\u00e7arken Ahmet Do\u011fan yoktu, onu tan\u0131yan, ismini i\u015fitmi\u015f birileri de yoktu. \u0130syan alay\u0131nda onun ad\u0131n\u0131 anan olmad\u0131. Bug\u00fcn de i\u015fitmek isteyen yok. Olmayacak da! G\u00f6r\u00fcld\u00fc\u011f\u00fc \u00fczere, olaylar o kadar yal\u0131n ki, H\u00d6H Genel Ba\u015fkan\u0131 Mustafa Karaday\u0131 Cebel\u2019de k\u00fcrs\u00fcye \u00e7\u0131kamad\u0131.<\/p>\n<p>\u201c<strong>Karde\u015flerim! Biz 28 y\u0131ldan beri yalan s\u00f6yledik, \u00f6z\u00fcr dilerim. Biz de sizler gibi ayn\u0131 sofrada so\u011fan ve kompirle b\u00fcy\u00fcd\u00fck. Ayn\u0131 s\u00fcr\u00fcdeniz!<\/strong>\u201d diyecek g\u00fcc\u00fc kendinde bulamad\u0131. Davam\u0131z b\u00fcy\u00fck bir davad\u0131r. Hi\u00e7bir u\u015fak ve hademe bundan b\u00f6yle \u015fehitlerimizi anma t\u00f6renlerine kat\u0131lmaya y\u00fcz bulamayacakt\u0131r.<\/p>\n<p>Bu defa Karaday\u0131\u2019n\u0131n anma t\u00f6renine Vidin k\u00f6ylerinden bir s\u00fcr\u00fc sopac\u0131yla gelmesi, onu tamamen g\u00fcl\u00fcn\u00e7 bir duruma d\u00fc\u015f\u00fcrd\u00fc. Yerli kat\u0131l\u0131mc\u0131lar \u201c<strong>ke\u015fke getirmeseydin, biz burada sopac\u0131n\u0131n her \u00e7e\u015fidini g\u00f6rd\u00fck. Ay\u0131p ettin<\/strong>! \u201c dediler. Yalan iddialar\u0131 halk\u0131m\u0131za sopac\u0131 tehdidiyle dayatma denemeleri son d\u00f6nemde iyice \u00e7o\u011fald\u0131.<\/p>\n<p><strong>G\u00f6r\u00fcnen k\u00f6y k\u0131lavuz istemez<\/strong>.<\/p>\n<p>Bug\u00fcn \u201c<strong>saray<\/strong>\u201d bek\u00e7ili\u011fi yapan Ahmet Do\u011fan, 1974\u2019te gizli polis \u201c<strong>DS<\/strong>\u201d\u201d ajan\u0131 oldu.<\/p><div id=\"bghab-4032142454\" class=\"bghab-icerik-icine-25-paragraf bghab-entity-placement\"><script async src=\"\/\/pagead2.googlesyndication.com\/pagead\/js\/adsbygoogle.js?client=ca-pub-6203283170189293\" crossorigin=\"anonymous\"><\/script><ins class=\"adsbygoogle\" style=\"display:block; text-align:center;\" data-ad-client=\"ca-pub-6203283170189293\" \ndata-ad-slot=\"7303146466\" \ndata-ad-layout=\"in-article\"\ndata-ad-format=\"fluid\" data-full-width-responsive=\"true\"><\/ins>\n<script> \n(adsbygoogle = window.adsbygoogle || []).push({}); \n<\/script>\n<\/div>\n<p>O, imzay\u0131 at\u0131p \u015fartlar\u0131 kabul etti\u011fi andan ba\u015flayarak, KAR\u015eI CEPHEDE yer ald\u0131. Bize kar\u015f\u0131 pusuland\u0131. Bulgaristan T\u00fcrklerinin kimlik davas\u0131na ate\u015f a\u00e7maya ba\u015flad\u0131. T\u00fcrkl\u00fc\u011f\u00fcm\u00fcz\u00fc yok etmek isteyenler aras\u0131nda yer al\u0131rken, d\u00fc\u015fman paras\u0131yla ya\u015fad\u0131. Okutuldu. E\u011fitildi. Caka satt\u0131. K\u0131z kad\u0131n kovalad\u0131. Bizim \u00f6z\u00fcm\u00fcz\u00fc oydu\u011funu bildi\u011fimiz i\u00e7in devrimci m\u00fccadelemizin ate\u015finde yeti\u015fen ger\u00e7ek bilin\u00e7li, devrimci kadrolardan hi\u00e7biri onu kendisine yakla\u015ft\u0131rmad\u0131. \u00a0Ona yana\u015fmad\u0131lar. Onunla ve \u00e7evresiyle irtibat kurmad\u0131lar.<\/p>\n<p>4 Ocak 1990\u2019da ben ve 32 arkada\u015f\u0131m Varna\u2019da Hak ve \u00d6zg\u00fcrl\u00fck Partisi kurduk, dedi\u011fi zaman kendisi bile Varna\u2019da de\u011fildi, s\u00f6z\u00fc ge\u00e7en 33 ki\u015fiden baz\u0131lar\u0131 hapishanelerde \u00e7\u00fcr\u00fcmeye devam ediyor, di\u011ferleri memleketten kovulmu\u015ftu. Ahmet onlar\u0131n y\u00fcz\u00fcn\u00fc bile g\u00f6rmemi\u015fti.<\/p>\n<p>Y\u0131lan b\u00fcy\u00fck yalan\u0131 o an yumurtlad\u0131 ve bir daha yalan yumurtlamaktan vazge\u00e7emedi. Ger\u00e7ek budur. Belki de g\u00fcn gelir ve 19 May\u0131s 1989\u2019da Ahmet Do\u011fan Bulgar \u0130stihbarat\u0131 Birinci \u015eubesi Be\u015finci Amirli\u011fi\u2019nde kurs g\u00f6r\u00fcrken ne gibi i\u011fren\u00e7 ve sinsi planlara alet edildi\u011fini anlat\u0131r veya hat\u0131ralar\u0131nda yazar.<\/p>\n<p><strong>May\u0131s 1989 Ayaklanmam\u0131z\u0131n ulusal ve uluslar aras\u0131 \u00f6nemi.<\/strong><\/p>\n<p>1989 direni\u015flerimizin bir etnik az\u0131nl\u0131\u011f\u0131n totaliter kom\u00fcnist rejimi gerileterek devirmek i\u00e7in verdi\u011fi y\u00fczde y\u00fcz hakl\u0131 bir ba\u015fkald\u0131r\u0131 olmas\u0131 a\u00e7\u0131s\u0131ndan ta\u015f\u0131d\u0131\u011f\u0131 anlam ola\u011fan\u00fcst\u00fc b\u00fcy\u00fckt\u00fcr. 20-inci y\u00fczy\u0131lda Avrupa k\u0131tas\u0131nda bizimkine benzeyen ba\u015fka bir halk ayaklanmas\u0131 olmam\u0131\u015ft\u0131. Hak ve \u00f6zg\u00fcrl\u00fcklerimiz i\u00e7in ayaklanmam\u0131z, Bulgar halk\u0131n\u0131n da hak ve \u00f6zg\u00fcrl\u00fckleri, demokratikle\u015fme ve \u00f6zg\u00fcrle\u015fme davas\u0131nda bir alt\u0131n \u00f6z oldu, s\u00fcr\u00fckleyici olarak \u00e7al\u0131\u015ft\u0131.<\/p><div id=\"bghab-3294833488\" class=\"bghab-icerik-icine-30-paragraf bghab-entity-placement\"><script async src=\"\/\/pagead2.googlesyndication.com\/pagead\/js\/adsbygoogle.js?client=ca-pub-6203283170189293\" crossorigin=\"anonymous\"><\/script><ins class=\"adsbygoogle\" style=\"display:block; text-align:center;\" data-ad-client=\"ca-pub-6203283170189293\" \ndata-ad-slot=\"7303146466\" \ndata-ad-layout=\"in-article\"\ndata-ad-format=\"fluid\" data-full-width-responsive=\"true\"><\/ins>\n<script> \n(adsbygoogle = window.adsbygoogle || []).push({}); \n<\/script>\n<\/div>\n<p>Berlin Duvar\u0131\u2019n\u0131n y\u0131k\u0131lmas\u0131na Bulgaristan demokratik g\u00fc\u00e7lerinin katk\u0131s\u0131 oldu. Bunun tan\u0131nmak istenmemesi k\u0131skan\u00e7l\u0131kt\u0131r. Bulgaristan\u2019da Todor Jivkov diktat\u00f6rl\u00fc\u011f\u00fcn\u00fc devirme bayra\u011f\u0131n\u0131 dikenler biziz. \u0130lk \u015fehitleri verenlerde biz olduk. 70 bin ki\u015fi birden y\u00fcr\u00fcd\u00fck. Avrupa radyolar\u0131n\u0131, Avrupa diplomasisini kilitledik. Jivkov rejimine fel\u00e7 ya\u015fatt\u0131k. Ba\u015flatmas\u0131na ba\u015flatt\u0131lar amma durdurmak ellerinden \u00e7\u0131km\u0131\u015ft\u0131 halk\u0131n eline ge\u00e7mi\u015fti.<\/p>\n<p>Bizim, 1989 May\u0131s \u0130syan\u0131m\u0131z, Macarlar\u0131n kom\u00fcnist zulme kar\u015f\u0131 1961 Ayaklanmas\u0131ndan, \u00c7eklerin 1974 Ayaklanmas\u0131ndan ate\u015f alan ve Balkanlar\u2019da bir ilk patlama olarak evrensel \u00f6nemli bir olayd\u0131r. O gergin g\u00fcnlerde, belki de hedefe do\u011fru yan yana y\u00fcr\u00fcrken ayn\u0131 nefesi solumaktan g\u00fc\u00e7 alan karde\u015flerimiz bunu b\u00f6yle d\u00fc\u015f\u00fcnmemi\u015f olabilirler. Fakat ger\u00e7ek budur. Havadaki buluda \u015fu serin damlay\u0131 nereden getirdin diye sorulmaz, halk\u0131m\u0131n g\u00f6nl\u00fcnde tutu\u015fan ate\u015fin k\u0131v\u0131lc\u0131m\u0131n\u0131 da soran olmam\u0131\u015ft\u0131r. Bir daha birlikte an\u0131msayal\u0131m, totaliter bask\u0131 ve ter\u00f6r rejiminin k\u00f6y ve kasabada ku\u015f u\u00e7urtmad\u0131\u011f\u0131 g\u00fcnleri, aylar\u0131, y\u0131llar\u0131\u2026<\/p>\n<p>Binlerce tank &#8211; topu s\u0131\u011f\u0131naklardan \u00e7\u0131kar\u0131lm\u0131\u015f halk\u0131m\u0131za sald\u0131rmaya haz\u0131r durumda bekletti\u011fini, hapishanelerin ve tutuk evlerinin kap\u0131 e\u015fi\u011fine kadar dolup ta\u015ft\u0131\u011f\u0131n\u0131, s\u00fcrg\u00fcnlerden kin ve \u00f6fkenin ta\u015ft\u0131\u011f\u0131n\u0131, k\u00f6ylerde hayat\u0131n tamamen alt \u00fcst olmu\u015flu\u011funu, y\u00fcrekler kan i\u00e7inde, bilekler kelep\u00e7eli ve ayaklar\u0131n \u00e7\u0131plak oldu\u011funu, ola\u011fan\u00fcst\u00fcden daha k\u00f6t\u00fc bir ortamda yollara d\u00f6k\u00fclen bir halk\u0131n evlad\u0131 olmak ne b\u00fcy\u00fck bir \u015feref!<\/p>\n<p>Biz \u00f6zg\u00fcrl\u00fck hasretiyle yeti\u015fen ve h\u00fcrriyet bayra\u011f\u0131 dalgaland\u0131ran ku\u015faklar\u0131n devam\u0131y\u0131z!<\/p>\n<p>Ne makamda, ne parada, ne \u015fanda \u015f\u00f6hrette, hi\u00e7bir \u015feyde g\u00f6z\u00fcm\u00fcz yok.<\/p><div id=\"bghab-2689309823\" class=\"bghab-icerik-icine-35-paragraf bghab-entity-placement\"><script async src=\"\/\/pagead2.googlesyndication.com\/pagead\/js\/adsbygoogle.js?client=ca-pub-6203283170189293\" crossorigin=\"anonymous\"><\/script><ins class=\"adsbygoogle\" style=\"display:block; text-align:center;\" data-ad-client=\"ca-pub-6203283170189293\" \ndata-ad-slot=\"7303146466\" \ndata-ad-layout=\"in-article\"\ndata-ad-format=\"fluid\" data-full-width-responsive=\"true\"><\/ins>\n<script> \n(adsbygoogle = window.adsbygoogle || []).push({}); \n<\/script>\n<\/div>\n<p>Bu \u015fanl\u0131 dava yere d\u00fc\u015fse bile yerinde kalmaz.<\/p>\n<p>Kader \u00fcst\u00fc kaderimiz \u015ferefli yolumuza birlikte devam etmektir.<\/p>\n<p><strong>Bir ayaklanma y\u00fcz y\u0131lda haz\u0131rlan\u0131r ve bin sene ya\u015far. <\/strong><\/p>\n<p>Bug\u00fcn neredeyse her \u015feyimize ortak olmak isteyenlere \u015fa\u015f\u0131yorum. Bulsalar zindanda d\u00f6v\u00fclen bizdik. Belene\u2019de domuzlara yem olmaya haz\u0131rd\u0131k. Elektrik sandalyesinde \u00f6l\u00fcm\u00fc yenen bizdik diyecekler. Ayaklanan halk\u0131m\u0131n aynas\u0131nda g\u00f6rmek istiyor hainler kendilerini.<\/p>\n<p>Kavgada b\u00fcy\u00fcyen bir nesiliz! Dost ile d\u00fc\u015fman\u0131 birbirinden ay\u0131rma zaman\u0131 \u00e7oktan ge\u00e7ti. G\u00f6r\u00fcyorsunuz aram\u0131za sokulup bug\u00fcn de bizimle beraber y\u00fcr\u00fcmek istiyorlar. Saflar\u0131m\u0131z\u0131 ar\u0131tmak, yeniden d\u00fczmek ve s\u0131kla\u015ft\u0131rmak zorunday\u0131z. Kavgam\u0131z\u0131n \u015fanl\u0131 dalgas\u0131 hepsinin \u00fcstesinden gelecek ve hainleri duvara dayay\u0131p hesap soracakt\u0131r. 20. y\u00fczy\u0131lda y\u00fckselen ve 21-inci y\u00fczy\u0131lda dalgalanmaya devam eden etnik m\u00fccadele bayra\u011f\u0131 bizimdir.<\/p><div id=\"bghab-1254208388\" class=\"bghab-icerik-icine-40-paragraf bghab-entity-placement\"><script async src=\"\/\/pagead2.googlesyndication.com\/pagead\/js\/adsbygoogle.js?client=ca-pub-6203283170189293\" crossorigin=\"anonymous\"><\/script><ins class=\"adsbygoogle\" style=\"display:block; text-align:center;\" data-ad-client=\"ca-pub-6203283170189293\" \ndata-ad-slot=\"7303146466\" \ndata-ad-layout=\"in-article\"\ndata-ad-format=\"fluid\" data-full-width-responsive=\"true\"><\/ins>\n<script> \n(adsbygoogle = window.adsbygoogle || []).push({}); \n<\/script>\n<\/div>\n<p>Zafer g\u00fcn\u00fc yak\u0131n olan \u015fanl\u0131 insan haklar\u0131 ve adalet davam\u0131zdan, demokratik ve \u00f6zg\u00fcrl\u00fck kavgam\u0131z\u0131n sesi olan m\u00fccadelemizden Ahmet Do\u011fan ve beslemelerine verecek hesab\u0131m\u0131z ve bir tek k\u0131r\u0131nt\u0131m\u0131z yoktur.\u00a0 May\u0131s 1989 Ayaklanmam\u0131zda \u015fehit d\u00fc\u015fen 42 kahraman, yaz\u0131, \u015fark\u0131 ve destanlar\u0131m\u0131zdaki ruhla huzur i\u00e7indeler. Zaferin simgesi birlik ve beraberli\u011fimizdir.<\/p>\n<p>&nbsp;<\/p>\n<div id=\"bghab-1571179730\" class=\"bghab-yazi-altinda bghab-entity-placement\"><div class=\"bghab-adlabel\">Reklamlar<\/div><script async src=\"https:\/\/pagead2.googlesyndication.com\/pagead\/js\/adsbygoogle.js\"><\/script>\r\n<!-- bghaber-yaz\u0131-sonu -->\r\n<ins class=\"adsbygoogle\"\r\n     style=\"display:block\"\r\n     data-ad-client=\"ca-pub-6203283170189293\"\r\n     data-ad-slot=\"4222328180\"\r\n     data-ad-format=\"auto\"\r\n     data-full-width-responsive=\"true\"><\/ins>\r\n<script>\r\n     (adsbygoogle = window.adsbygoogle || []).push({});\r\n<\/script><\/div><br style=\"clear: both; display: block; float: none;\"\/>","protected":false},"excerpt":{"rendered":"<p>Rafet\u00a0ULUT\u00dcRK Tarih: 22 May\u0131s 2017 Konu:\u00a0 1989 May\u0131s Ayaklanmas\u0131n\u0131 halk\u0131m\u0131z ba\u015flatm\u0131\u015f, y\u00f6netmi\u015f ve ger\u00e7ekle\u015ftirmi\u015ftir. Topra\u011fa verdiklerimiz hakk\u0131nda kimsenin s\u00f6yleyecek s\u00f6z\u00fc olamaz. Bizi Tan\u0131mayanlar, Ayaklanmam\u0131z\u0131 Nas\u0131l<\/p>\n","protected":false},"author":2,"featured_media":23145,"comment_status":"closed","ping_status":"closed","sticky":false,"template":"","format":"standard","meta":{"advanced_seo_description":"","jetpack_seo_html_title":"","jetpack_seo_noindex":false,"_jetpack_memberships_contains_paid_content":false,"footnotes":""},"categories":[6],"tags":[],"class_list":["post-23137","post","type-post","status-publish","format-standard","has-post-thumbnail","hentry","category-yorum"],"jetpack_featured_media_url":"https:\/\/i0.wp.com\/www.bghaber.org\/bghaber\/wp-content\/uploads\/2017\/05\/13059917_102err-09044811340515_1672793642_n.jpg?fit=914%2C470&ssl=1","jetpack_sharing_enabled":true,"jetpack_likes_enabled":true,"jetpack-related-posts":[],"jetpack_shortlink":"https:\/\/wp.me\/pc2PfJ-61b","_links":{"self":[{"href":"https:\/\/www.bghaber.org\/bghaber\/wp-json\/wp\/v2\/posts\/23137","targetHints":{"allow":["GET"]}}],"collection":[{"href":"https:\/\/www.bghaber.org\/bghaber\/wp-json\/wp\/v2\/posts"}],"about":[{"href":"https:\/\/www.bghaber.org\/bghaber\/wp-json\/wp\/v2\/types\/post"}],"author":[{"embeddable":true,"href":"https:\/\/www.bghaber.org\/bghaber\/wp-json\/wp\/v2\/users\/2"}],"replies":[{"embeddable":true,"href":"https:\/\/www.bghaber.org\/bghaber\/wp-json\/wp\/v2\/comments?post=23137"}],"version-history":[{"count":0,"href":"https:\/\/www.bghaber.org\/bghaber\/wp-json\/wp\/v2\/posts\/23137\/revisions"}],"wp:featuredmedia":[{"embeddable":true,"href":"https:\/\/www.bghaber.org\/bghaber\/wp-json\/wp\/v2\/media\/23145"}],"wp:attachment":[{"href":"https:\/\/www.bghaber.org\/bghaber\/wp-json\/wp\/v2\/media?parent=23137"}],"wp:term":[{"taxonomy":"category","embeddable":true,"href":"https:\/\/www.bghaber.org\/bghaber\/wp-json\/wp\/v2\/categories?post=23137"},{"taxonomy":"post_tag","embeddable":true,"href":"https:\/\/www.bghaber.org\/bghaber\/wp-json\/wp\/v2\/tags?post=23137"}],"curies":[{"name":"wp","href":"https:\/\/api.w.org\/{rel}","templated":true}]}}