{"id":23113,"date":"2017-05-20T22:56:56","date_gmt":"2017-05-20T19:56:56","guid":{"rendered":"http:\/\/www.bghaber.org\/bghaber\/?p=23113"},"modified":"2017-05-20T22:56:56","modified_gmt":"2017-05-20T19:56:56","slug":"kirklarelide-festival-etkinligi","status":"publish","type":"post","link":"https:\/\/www.bghaber.org\/bghaber\/kirklarelide-festival-etkinligi\/","title":{"rendered":"K\u0131rklareli&#8217;de Festival Etkinli\u011fi"},"content":{"rendered":"<p><img data-recalc-dims=\"1\" loading=\"lazy\" decoding=\"async\" class=\"\" src=\"https:\/\/i0.wp.com\/www.bghaber.org\/bghaber\/wp-content\/uploads\/2017\/05\/kirklareli-de-festival-etkinligi-9632605_o.jpg?resize=640%2C426\" width=\"640\" height=\"426\" \/><\/p>\n<p>27. <a class=\"keyword\" title=\"K\u0131rklareli Haberleri\" href=\"https:\/\/www.haberler.com\/kirklareli\/\">K\u0131rklareli<\/a> Karag\u00f6z K\u00fclt\u00fcr Sanat ve Kakava Festivali kapsam\u0131nda <a class=\"keyword\" title=\"Makedonya Haberleri\" href=\"https:\/\/www.haberler.com\/makedonya\/\">Makedonya<\/a> ve <a class=\"keyword\" title=\"Bulgaristan Haberleri\" href=\"https:\/\/www.haberler.com\/bulgaristan\/\">Bulgaristan<\/a> halk oyunlar\u0131 ekibi g\u00f6steri sundu.<\/p>\n<p>K\u0131rklareli Belediye Ba\u015fkan\u0131 <a class=\"keyword\" title=\"Mehmet Siyam Kesimo\u011flu Haberleri\" href=\"https:\/\/www.haberler.com\/mehmet-siyam-kesimoglu\/\">Mehmet Siyam Kesimo\u011flu<\/a>, \u0130stasyon Caddesinde d\u00fczenlenen etkinlikte yapt\u0131\u011f\u0131 konu\u015fmada, festivale kat\u0131lan yerli ve yabanc\u0131 vatanda\u015flara te\u015fekk\u00fcr etti.<\/p>\n<p>27. <a class=\"keyword\" title=\"K\u0131rklareli Haberleri\" href=\"https:\/\/www.haberler.com\/kirklareli\/\">K\u0131rklareli<\/a> Karag\u00f6z K\u00fclt\u00fcr Sanat ve Kakava Festivalinin co\u015fkuyla kutland\u0131\u011f\u0131n\u0131 ifade eden Kesimo\u011flu, festivale yerli ve yabanc\u0131 turistlerin yo\u011fun ilgi g\u00f6sterdiklerini dile getirdi.<\/p>\n<p>Bu y\u0131l festivalin temas\u0131n\u0131n \u00e7ocuklara y\u00f6nelik oldu\u011funu bildiren Kesimo\u011flu, \u015fu bilgileri aktard\u0131:<\/p>\n<p>&#8220;Festivalimiz dostluk ve karde\u015flik mesajlar\u0131 i\u00e7eriyor. Bahar\u0131n habercisi olarak kabul edilen festivalimiz, bolluk ve bereketi simgeledi\u011fine inan\u0131yoruz. Festivalimize gerek yurt i\u00e7i gerekse yurt d\u0131\u015f\u0131ndan misafirlerimiz yo\u011fun ilgi g\u00f6steriyor. Buda bizi heyecanland\u0131r\u0131yor. Festivalimiz her ge\u00e7en y\u0131l daha tan\u0131n\u0131yor ve ilgi art\u0131yor.&#8221;<\/p><div id=\"bghab-1995880567\" class=\"bghab-icerik-icine bghab-entity-placement\"><script async src=\"\/\/pagead2.googlesyndication.com\/pagead\/js\/adsbygoogle.js?client=ca-pub-6203283170189293\" crossorigin=\"anonymous\"><\/script><ins class=\"adsbygoogle\" style=\"display:block; text-align:center;\" data-ad-client=\"ca-pub-6203283170189293\" \ndata-ad-slot=\"7303146466\" \ndata-ad-layout=\"in-article\"\ndata-ad-format=\"fluid\" data-full-width-responsive=\"true\"><\/ins>\n<script> \n(adsbygoogle = window.adsbygoogle || []).push({}); \n<\/script>\n<\/div>\n<p>Konu\u015fmalar\u0131n ard\u0131ndan <a class=\"keyword\" title=\"Makedonya Haberleri\" href=\"https:\/\/www.haberler.com\/makedonya\/\">Makedonya<\/a> ve <a class=\"keyword\" title=\"Bulgaristan Haberleri\" href=\"https:\/\/www.haberler.com\/bulgaristan\/\">Bulgaristan<\/a> halk oyunlar\u0131 ekipleri g\u00f6sterilerini sundu.<\/p>\n<div id=\"bghab-3928488350\" class=\"bghab-yazi-altinda bghab-entity-placement\"><div class=\"bghab-adlabel\">Reklamlar<\/div><script async src=\"https:\/\/pagead2.googlesyndication.com\/pagead\/js\/adsbygoogle.js\"><\/script>\r\n<!-- bghaber-yaz\u0131-sonu -->\r\n<ins class=\"adsbygoogle\"\r\n     style=\"display:block\"\r\n     data-ad-client=\"ca-pub-6203283170189293\"\r\n     data-ad-slot=\"4222328180\"\r\n     data-ad-format=\"auto\"\r\n     data-full-width-responsive=\"true\"><\/ins>\r\n<script>\r\n     (adsbygoogle = window.adsbygoogle || []).push({});\r\n<\/script><\/div><br style=\"clear: both; display: block; float: none;\"\/>","protected":false},"excerpt":{"rendered":"<p>27. K\u0131rklareli Karag\u00f6z K\u00fclt\u00fcr Sanat ve Kakava Festivali kapsam\u0131nda Makedonya ve Bulgaristan halk oyunlar\u0131 ekibi g\u00f6steri sundu. K\u0131rklareli Belediye Ba\u015fkan\u0131 Mehmet Siyam Kesimo\u011flu, \u0130stasyon Caddesinde<\/p>\n","protected":false},"author":13,"featured_media":23114,"comment_status":"closed","ping_status":"closed","sticky":false,"template":"","format":"standard","meta":{"advanced_seo_description":"","jetpack_seo_html_title":"","jetpack_seo_noindex":false,"_jetpack_memberships_contains_paid_content":false,"footnotes":""},"categories":[9],"tags":[],"class_list":["post-23113","post","type-post","status-publish","format-standard","has-post-thumbnail","hentry","category-ekonomi"],"jetpack_featured_media_url":"https:\/\/i0.wp.com\/www.bghaber.org\/bghaber\/wp-content\/uploads\/2017\/05\/kirklareli-de-festival-etkinligi-9632605_o.jpg?fit=640%2C426&ssl=1","jetpack_sharing_enabled":true,"jetpack_likes_enabled":true,"jetpack-related-posts":[],"jetpack_shortlink":"https:\/\/wp.me\/pc2PfJ-60N","_links":{"self":[{"href":"https:\/\/www.bghaber.org\/bghaber\/wp-json\/wp\/v2\/posts\/23113","targetHints":{"allow":["GET"]}}],"collection":[{"href":"https:\/\/www.bghaber.org\/bghaber\/wp-json\/wp\/v2\/posts"}],"about":[{"href":"https:\/\/www.bghaber.org\/bghaber\/wp-json\/wp\/v2\/types\/post"}],"author":[{"embeddable":true,"href":"https:\/\/www.bghaber.org\/bghaber\/wp-json\/wp\/v2\/users\/13"}],"replies":[{"embeddable":true,"href":"https:\/\/www.bghaber.org\/bghaber\/wp-json\/wp\/v2\/comments?post=23113"}],"version-history":[{"count":0,"href":"https:\/\/www.bghaber.org\/bghaber\/wp-json\/wp\/v2\/posts\/23113\/revisions"}],"wp:featuredmedia":[{"embeddable":true,"href":"https:\/\/www.bghaber.org\/bghaber\/wp-json\/wp\/v2\/media\/23114"}],"wp:attachment":[{"href":"https:\/\/www.bghaber.org\/bghaber\/wp-json\/wp\/v2\/media?parent=23113"}],"wp:term":[{"taxonomy":"category","embeddable":true,"href":"https:\/\/www.bghaber.org\/bghaber\/wp-json\/wp\/v2\/categories?post=23113"},{"taxonomy":"post_tag","embeddable":true,"href":"https:\/\/www.bghaber.org\/bghaber\/wp-json\/wp\/v2\/tags?post=23113"}],"curies":[{"name":"wp","href":"https:\/\/api.w.org\/{rel}","templated":true}]}}