{"id":23110,"date":"2017-05-20T22:54:37","date_gmt":"2017-05-20T19:54:37","guid":{"rendered":"http:\/\/www.bghaber.org\/bghaber\/?p=23110"},"modified":"2017-05-20T22:54:37","modified_gmt":"2017-05-20T19:54:37","slug":"buyuksehire-tarih-baskenti-kardes","status":"publish","type":"post","link":"https:\/\/www.bghaber.org\/bghaber\/buyuksehire-tarih-baskenti-kardes\/","title":{"rendered":"B\u00fcy\u00fck\u015fehir&#8217;e Tarih Ba\u015fkenti Karde\u015f"},"content":{"rendered":"<p><img data-recalc-dims=\"1\" loading=\"lazy\" decoding=\"async\" class=\"alignleft\" src=\"https:\/\/i0.wp.com\/i.milliyet.com.tr\/LocalArticle572x336\/2017\/05\/19\/fft256_mf23275988.Jpeg?resize=322%2C189\" width=\"322\" height=\"189\" \/>Osmanl\u0131\u2019ya 130 y\u0131la yak\u0131n ba\u015fkentlik yapan Bursa ile Bulgaristan \u0130mparatorlu\u011funa iki as\u0131r ba\u015fkentlik yapan Veliko Tarnovo aras\u0131nda karde\u015flik protokol\u00fc imzaland\u0131. B\u00fcy\u00fck\u015fehir Belediye Ba\u015fkan\u0131 Recep Altepe, imzalanan karde\u015flik protokol\u00fcn\u00fcn T\u00fcrkiye ve Bulgaristan aras\u0131ndaki k\u00f6pr\u00fclerin daha da g\u00fc\u00e7lenmesine katk\u0131 sa\u011flayaca\u011f\u0131n\u0131 belirtti. Veliko Tarnovo Belediye Ba\u015fkan\u0131 Daniel Dimitrov Panov da son \u00fc\u00e7 y\u0131ld\u0131r Bursa B\u00fcy\u00fck\u015fehir Belediyesi\u2019nin desteklerini s\u00fcrekli yanlar\u0131nda g\u00f6rd\u00fcklerini belirterek, ba\u015fta \u00e7ocuk parklar\u0131 olmak \u00fczere verdikleri destekler nedeniyle Ba\u015fkan Altepe\u2019ye te\u015fekk\u00fcr etti.<\/p>\n<p><img data-recalc-dims=\"1\" loading=\"lazy\" decoding=\"async\" class=\"alignleft\" src=\"https:\/\/i0.wp.com\/i.milliyet.com.tr\/LocalArticle606x304\/2017\/05\/19\/fft261_mf23275987.Jpeg?resize=382%2C192\" alt=\"B\u00fcy\u00fck\u015fehir'e Tarih Ba\u015fkenti Karde\u015f\" width=\"382\" height=\"192\" \/><br \/>\nBursa\u2019y\u0131 gelece\u011fe ta\u015f\u0131yacak projeleri bir bir hayata ge\u00e7irirken, gerek Anadolu\u2019nun farkl\u0131 kentlerine, gerekse Osmanl\u0131 co\u011frafyas\u0131nda yer alan \u00fclkelere her t\u00fcrl\u00fc sosyal k\u00fclt\u00fcrel ve ekonomik destekler sa\u011flayan Bursa B\u00fcy\u00fck\u015fehir Belediyesi\u2019nin karde\u015flerine Bulgaristan\u2019dan bir yenisi daha eklendi. Bug\u00fcne kadar gelen talepler \u00fczerine Bulgaristan\u2019\u0131n Veliko Tarnovo \u015fehrine ba\u015fta \u00e7ocuk parklar\u0131 d\u00fczenlemesi olmak \u00fczere \u00e7e\u015fitli desteklerde bulunan B\u00fcy\u00fck\u015fehir Belediyesi ile Veliko Tarnovo Belediyesi aras\u0131nda karde\u015flik protokol\u00fc imzaland\u0131. Osmanl\u0131 \u0130mparatorlu\u011fu\u2019na 130 y\u0131la yak\u0131n s\u00fcre ba\u015fkentlik yapan Bursa ile 1185 y\u0131l\u0131nda ikinci Bulgaristan \u0130mparatorlu\u011fu\u2019nun kurulu\u015funun ilan edildi\u011fi ve 1393\u2019te Osmanl\u0131lar gelene kadar da ba\u015fkent olarak kalan Veliko Tarnova aras\u0131ndaki karde\u015flik, tarihi benzerlikler a\u00e7\u0131s\u0131ndan da \u00f6nem ta\u015f\u0131yor.<br \/>\nDobruca Sosyal Tesisleri\u2019nde d\u00fczenlenen protokol imza t\u00f6reninde konu\u015fan B\u00fcy\u00fck\u015fehir Belediye Ba\u015fkan\u0131 Recep Altepe, karde\u015f, dost Bulgaristan Cumhuriyeti ile T\u00fcrkiye Cumhuriyeti aras\u0131nda bir k\u00f6pr\u00fc daha kuruldu\u011funu hat\u0131rlatt\u0131. Her t\u00fcrl\u00fc birikime sahip Bursa\u2019n\u0131n en \u00f6nemli \u00f6zelliklerinden birinin de Balkan \u015fehri kimli\u011fi oldu\u011funu dile getiren Ba\u015fkan Altepe, n\u00fcfusun yar\u0131s\u0131n\u0131n Balkan k\u00f6kenli, y\u00fczde 30\u2019unun ise Bulgaristan ile ba\u011flar\u0131n\u0131n oldu\u011funu vurgulad\u0131. Ayn\u0131 co\u011frafyay\u0131 paylayan, y\u00fczy\u0131llarca ayn\u0131 kaderi ya\u015fayan iki \u00fclke aras\u0131ndaki bu t\u00fcr karde\u015flik ili\u015fkilerini \u00e7ok \u00f6nemsediklerini ifade eden Ba\u015fkan Altepe, \u201cUzun y\u0131llar araya giren bo\u015fluk ve so\u011fuklu\u011fu bu t\u00fcr i\u015fbirlikleri ile ortadan kald\u0131rmal\u0131y\u0131z. Onun i\u00e7in ili\u015fkilerin daha da geli\u015fmesi gerekir. Bizlere d\u00fc\u015fen, sosyal, k\u00fclt\u00fcrel, ekonomik i\u015fbirli\u011fi yapma konusunda elimizden gelen gayreti g\u00f6stermektir. Bursa karde\u015fli\u011fin g\u00fczel sonu\u00e7lar do\u011furaca\u011f\u0131na inan\u0131yorum. \u015eehirlerimiz aras\u0131ndaki bu \u00e7al\u0131\u015fmalar ayn\u0131 zamanda T\u00fcrkiye Bulgaristan aras\u0131ndaki k\u00f6pr\u00fclerin daha da g\u00fc\u00e7lenmesine katk\u0131 sa\u011flayacakt\u0131r\u201d diye konu\u015ftu.<br \/>\nVeliko Tarnovo Belediye Ba\u015fkan\u0131 Daniel Dimitrov Panov da \u00f6zellikle son \u00fc\u00e7 y\u0131ld\u0131r Bursa B\u00fcy\u00fck\u015fehir Belediyesi\u2019nin desteklerini yanlar\u0131nda g\u00f6rd\u00fcklerini belirterek, Meclis\u2019ten \u00e7\u0131kan kararla karde\u015flik ba\u011f\u0131n\u0131 resmiyete d\u00f6kt\u00fcklerini hat\u0131rlatt\u0131. Panov, b\u00f6lgeye kazand\u0131r\u0131lan \u00e7ocuk parklar\u0131 ba\u015fta olmak \u00fczere her t\u00fcrl\u00fc destek nedeniyle Ba\u015fkan Altepe\u2019ye te\u015fekk\u00fcr etti.<br \/>\nVeliko Tarnovo Belediyesi Meclis ba\u015fkan\u0131 Densistov Angelov da Bursa\u2019da bulunmaktan b\u00fcy\u00fck mutluluk duydu\u011funu belirterek, imzalanan protokol\u00fcn iki \u015fehir i\u00e7in de hay\u0131rl\u0131 olmas\u0131n\u0131 diledi.<\/p>\n<p><img data-recalc-dims=\"1\" loading=\"lazy\" decoding=\"async\" class=\"\" src=\"https:\/\/i0.wp.com\/www.bghaber.org\/bghaber\/wp-content\/uploads\/2017\/05\/bursa-vt.jpeg?resize=640%2C376\" width=\"640\" height=\"376\" \/><\/p>\n<div id=\"bghab-1570224343\" class=\"bghab-yazi-altinda bghab-entity-placement\"><div class=\"bghab-adlabel\">Reklamlar<\/div><script async src=\"https:\/\/pagead2.googlesyndication.com\/pagead\/js\/adsbygoogle.js\"><\/script>\r\n<!-- bghaber-yaz\u0131-sonu -->\r\n<ins class=\"adsbygoogle\"\r\n     style=\"display:block\"\r\n     data-ad-client=\"ca-pub-6203283170189293\"\r\n     data-ad-slot=\"4222328180\"\r\n     data-ad-format=\"auto\"\r\n     data-full-width-responsive=\"true\"><\/ins>\r\n<script>\r\n     (adsbygoogle = window.adsbygoogle || []).push({});\r\n<\/script><\/div><br style=\"clear: both; display: block; float: none;\"\/>","protected":false},"excerpt":{"rendered":"<p>Osmanl\u0131\u2019ya 130 y\u0131la yak\u0131n ba\u015fkentlik yapan Bursa ile Bulgaristan \u0130mparatorlu\u011funa iki as\u0131r ba\u015fkentlik yapan Veliko Tarnovo aras\u0131nda karde\u015flik protokol\u00fc imzaland\u0131. B\u00fcy\u00fck\u015fehir Belediye Ba\u015fkan\u0131 Recep Altepe,<\/p>\n","protected":false},"author":13,"featured_media":23111,"comment_status":"closed","ping_status":"closed","sticky":false,"template":"","format":"standard","meta":{"advanced_seo_description":"","jetpack_seo_html_title":"","jetpack_seo_noindex":false,"_jetpack_memberships_contains_paid_content":false,"footnotes":""},"categories":[5],"tags":[],"class_list":["post-23110","post","type-post","status-publish","format-standard","has-post-thumbnail","hentry","category-yasam"],"jetpack_featured_media_url":"https:\/\/i0.wp.com\/www.bghaber.org\/bghaber\/wp-content\/uploads\/2017\/05\/bursa-vt.jpeg?fit=572%2C336&ssl=1","jetpack_sharing_enabled":true,"jetpack_likes_enabled":true,"jetpack-related-posts":[],"jetpack_shortlink":"https:\/\/wp.me\/pc2PfJ-60K","_links":{"self":[{"href":"https:\/\/www.bghaber.org\/bghaber\/wp-json\/wp\/v2\/posts\/23110","targetHints":{"allow":["GET"]}}],"collection":[{"href":"https:\/\/www.bghaber.org\/bghaber\/wp-json\/wp\/v2\/posts"}],"about":[{"href":"https:\/\/www.bghaber.org\/bghaber\/wp-json\/wp\/v2\/types\/post"}],"author":[{"embeddable":true,"href":"https:\/\/www.bghaber.org\/bghaber\/wp-json\/wp\/v2\/users\/13"}],"replies":[{"embeddable":true,"href":"https:\/\/www.bghaber.org\/bghaber\/wp-json\/wp\/v2\/comments?post=23110"}],"version-history":[{"count":0,"href":"https:\/\/www.bghaber.org\/bghaber\/wp-json\/wp\/v2\/posts\/23110\/revisions"}],"wp:featuredmedia":[{"embeddable":true,"href":"https:\/\/www.bghaber.org\/bghaber\/wp-json\/wp\/v2\/media\/23111"}],"wp:attachment":[{"href":"https:\/\/www.bghaber.org\/bghaber\/wp-json\/wp\/v2\/media?parent=23110"}],"wp:term":[{"taxonomy":"category","embeddable":true,"href":"https:\/\/www.bghaber.org\/bghaber\/wp-json\/wp\/v2\/categories?post=23110"},{"taxonomy":"post_tag","embeddable":true,"href":"https:\/\/www.bghaber.org\/bghaber\/wp-json\/wp\/v2\/tags?post=23110"}],"curies":[{"name":"wp","href":"https:\/\/api.w.org\/{rel}","templated":true}]}}