{"id":23108,"date":"2017-05-20T22:23:28","date_gmt":"2017-05-20T19:23:28","guid":{"rendered":"http:\/\/www.bghaber.org\/bghaber\/?p=23108"},"modified":"2017-05-20T22:23:28","modified_gmt":"2017-05-20T19:23:28","slug":"bulgaristanda-asimilasyon-kurbanlari-anildi-2","status":"publish","type":"post","link":"https:\/\/www.bghaber.org\/bghaber\/bulgaristanda-asimilasyon-kurbanlari-anildi-2\/","title":{"rendered":"Bulgaristan&#8217;da Asimilasyon Kurbanlar\u0131 An\u0131ld\u0131"},"content":{"rendered":"<p>Bulgaristan&#8217;\u0131n g\u00fcneydo\u011fusunda, T\u00fcrk ve M\u00fcsl\u00fcmanlar\u0131n yo\u011fun olarak ya\u015fad\u0131\u011f\u0131 Cebel \u015fehrinde eski kom\u00fcnist rejimin kurbanlar\u0131 i\u00e7in anma t\u00f6reni d\u00fczenlendi.<\/p>\n<p>Bulgaristan&#8217;da K\u0131z\u0131l \u00a0<a class=\"keyword-sd\" title=\"Ordu\" href=\"https:\/\/www.sondakika.com\/ordu\/\">Ordu<\/a> destekli darbe ile 1944 y\u0131l\u0131nda iktidara gelen kom\u00fcnistlerin \u00fclkedeki az\u0131nl\u0131klara kar\u015f\u0131 ba\u015flatt\u0131\u011f\u0131 asimilasyon politikas\u0131 sonucu 1989&#8217;da yakla\u015f\u0131k 400 bin ki\u015finin \u00a0<a class=\"keyword-sd\" title=\"T\u00fcrkiye\" href=\"https:\/\/www.sondakika.com\/turkiye\/\">T\u00fcrkiye<\/a>&#8216;ye g\u00f6\u00e7e zorlanmas\u0131 dolay\u0131s\u0131yla her y\u0131l d\u00fczenlenen anma t\u00f6reni, \u00a0<a class=\"keyword-sd\" title=\"Bulgaristan\" href=\"https:\/\/www.sondakika.com\/bulgaristan\/\">Bulgaristan<\/a> ve \u00a0<a class=\"keyword-sd\" title=\"Avrupa Birli\u011fi\" href=\"https:\/\/www.sondakika.com\/avrupa-birligi\/\">Avrupa Birli\u011fi<\/a> (AB) mar\u015flar\u0131n\u0131n okunmas\u0131 ile ba\u015flad\u0131.<\/p>\n<p>Bulgaristan M\u00fcsl\u00fcmanlar\u0131 Ba\u015fm\u00fcft\u00fc Yard\u0131mc\u0131s\u0131 Ahmed Hasan, Cebel&#8217;in merkezinde toplanan kalabal\u0131\u011f\u0131n huzurunda dua okudu.<\/p>\n<p>Hasan, dua sonras\u0131 yapt\u0131\u011f\u0131 konu\u015fmada, &#8220;Bu topraklarda namus ve \u015feref i\u00e7in canlar\u0131n\u0131 teslim eden \u015fehitlerimizi \u00f6zlemle an\u0131yoruz. Nesillerimizin edep, terbiye ve imana ihtiyac\u0131 var. Evlat ve torunlar\u0131m\u0131z, ac\u0131 ve g\u00fczel g\u00fcnler ya\u015fad\u0131\u011f\u0131m\u0131z bu topraklarda kimliklerini kaybeden insanlar de\u011fil, kimlikli, imanl\u0131, \u015fuurlu insanlar olsun.&#8221; mesaj\u0131n\u0131 verdi.<\/p>\n<p>Cebel Belediye Ba\u015fkan\u0131 Bahri \u00d6mer de bir direni\u015f g\u00fcn\u00fc olarak ilan edilen \u00a0<a class=\"keyword-sd\" title=\"19 May\u0131s\" href=\"https:\/\/www.sondakika.com\/19-mayis\/\">19 May\u0131s<\/a>&#8216;\u0131n 1998 y\u0131l\u0131ndan bu yana \u015fehrin bayram\u0131 olarak kutland\u0131\u011f\u0131n\u0131 an\u0131msatarak, &#8220;Do\u011fu \u00a0<a class=\"keyword-sd\" title=\"Avrupa\" href=\"https:\/\/www.sondakika.com\/avrupa\/\">Avrupa<\/a>&#8216;da kom\u00fcnizm kar\u015f\u0131t\u0131 hareketin ba\u015flang\u0131c\u0131 Cebel&#8217;in gururudur&#8221; dedi.<\/p><div id=\"bghab-518288364\" class=\"bghab-icerik-icine bghab-entity-placement\"><script async src=\"\/\/pagead2.googlesyndication.com\/pagead\/js\/adsbygoogle.js?client=ca-pub-6203283170189293\" crossorigin=\"anonymous\"><\/script><ins class=\"adsbygoogle\" style=\"display:block; text-align:center;\" data-ad-client=\"ca-pub-6203283170189293\" \ndata-ad-slot=\"7303146466\" \ndata-ad-layout=\"in-article\"\ndata-ad-format=\"fluid\" data-full-width-responsive=\"true\"><\/ins>\n<script> \n(adsbygoogle = window.adsbygoogle || []).push({}); \n<\/script>\n<\/div>\n<p>Anma g\u00fcn\u00fcn\u00fcn yan\u0131 s\u0131ra Cebel&#8217;in \u00a0<a class=\"keyword-sd\" title=\"19 May\u0131s\" href=\"https:\/\/www.sondakika.com\/19-mayis\/\">19 May\u0131s<\/a>&#8216;ta iki bayram\u0131 kutlad\u0131\u011f\u0131n\u0131 s\u00f6yleyen \u00d6mer, kom\u015fu ve dost \u00a0<a class=\"keyword-sd\" title=\"T\u00fcrkiye\" href=\"https:\/\/www.sondakika.com\/turkiye\/\">T\u00fcrkiye<\/a>&#8216;de \u00a0<a class=\"keyword-sd\" title=\"19 May\u0131s\" href=\"https:\/\/www.sondakika.com\/19-mayis\/\">19 May\u0131s<\/a> \u00a0<a class=\"keyword-sd\" title=\"Atat\u00fcrk\" href=\"https:\/\/www.sondakika.com\/ataturk\/\">Atat\u00fcrk<\/a>&#8216;\u00fc Anma,Gen\u00e7lik ve Spor Bayram\u0131&#8217;n\u0131n da kutland\u0131\u011f\u0131n\u0131 hat\u0131rlatarak &#8221;\u00a0<a class=\"keyword-sd\" title=\"T\u00fcrkiye\" href=\"https:\/\/www.sondakika.com\/turkiye\/\">T\u00fcrkiye<\/a> halk\u0131na buradan sa\u011fl\u0131k ve ba\u015far\u0131lar diliyoruz&#8221; dedi.<\/p>\n<p>T\u00f6rene kat\u0131lan, &#8220;kom\u00fcnist rejimi kar\u015f\u0131t\u0131 oldu\u011fu gerek\u00e7esiyle&#8221; siyasi mahkum olarak 10 y\u0131l hapis yatm\u0131\u015f Petar Boyaciev, 28 y\u0131l \u00f6nceki direni\u015fin Cebel&#8217;de ba\u015flad\u0131\u011f\u0131n\u0131 vurgulad\u0131.<\/p>\n<p>Boyaciev, &#8220;Onlar yar\u0131m y\u00fczy\u0131ll\u0131k bir diktat\u00f6rl\u00fc\u011fe kar\u015f\u0131 silahs\u0131z bir direni\u015fe kalk\u0131\u015ft\u0131lar. Burada 10 g\u00fcnde 7 kurban verildi, ancak insanlar\u0131m\u0131z\u0131n direni\u015fini t\u00fcm d\u00fcnyaya duyurmay\u0131 ba\u015fard\u0131k. Direni\u015f\u00e7ilerimiz, kom\u00fcnist diktat\u00f6r Todor Jivkov&#8217;u dize getirip onu \u00a0<a class=\"keyword-sd\" title=\"T\u00fcrkiye\" href=\"https:\/\/www.sondakika.com\/turkiye\/\">T\u00fcrkiye<\/a> s\u0131n\u0131r\u0131n\u0131 \u00e7\u0131k\u0131\u015fa a\u00e7mas\u0131n\u0131 zorlad\u0131. D\u00fcnya birka\u00e7 saat i\u00e7inde bu zaferimizi \u00f6\u011frenmi\u015f oldu.&#8221; diye konu\u015ftu.<\/p>\n<p>T\u00fcrkiye&#8217;nin Filibe Ba\u015fkonsolosu H\u00fcseyin \u00a0<a class=\"keyword-sd\" title=\"Ergani\" href=\"https:\/\/www.sondakika.com\/ergani\/\">Ergani<\/a> de B\u00fcy\u00fckel\u00e7i \u00a0<a class=\"keyword-sd\" title=\"S\u00fcleyman G\u00f6k\u00e7e\" href=\"https:\/\/www.sondakika.com\/suleyman-gokce\/\">S\u00fcleyman G\u00f6k\u00e7e<\/a>&#8216;nin t\u00f6ren dolay\u0131s\u0131yla yollad\u0131\u011f\u0131 mesaj\u0131 okudu.<\/p>\n<div id=\"bghab-247891108\" class=\"bghab-yazi-altinda bghab-entity-placement\"><div class=\"bghab-adlabel\">Reklamlar<\/div><script async src=\"https:\/\/pagead2.googlesyndication.com\/pagead\/js\/adsbygoogle.js\"><\/script>\r\n<!-- bghaber-yaz\u0131-sonu -->\r\n<ins class=\"adsbygoogle\"\r\n     style=\"display:block\"\r\n     data-ad-client=\"ca-pub-6203283170189293\"\r\n     data-ad-slot=\"4222328180\"\r\n     data-ad-format=\"auto\"\r\n     data-full-width-responsive=\"true\"><\/ins>\r\n<script>\r\n     (adsbygoogle = window.adsbygoogle || []).push({});\r\n<\/script><\/div><br style=\"clear: both; display: block; float: none;\"\/>","protected":false},"excerpt":{"rendered":"<p>Bulgaristan&#8217;\u0131n g\u00fcneydo\u011fusunda, T\u00fcrk ve M\u00fcsl\u00fcmanlar\u0131n yo\u011fun olarak ya\u015fad\u0131\u011f\u0131 Cebel \u015fehrinde eski kom\u00fcnist rejimin kurbanlar\u0131 i\u00e7in anma t\u00f6reni d\u00fczenlendi. Bulgaristan&#8217;da K\u0131z\u0131l \u00a0Ordu destekli darbe ile 1944<\/p>\n","protected":false},"author":13,"featured_media":1742,"comment_status":"closed","ping_status":"closed","sticky":false,"template":"","format":"standard","meta":{"advanced_seo_description":"","jetpack_seo_html_title":"","jetpack_seo_noindex":false,"_jetpack_memberships_contains_paid_content":false,"footnotes":""},"categories":[8],"tags":[],"class_list":["post-23108","post","type-post","status-publish","format-standard","has-post-thumbnail","hentry","category-egitim"],"jetpack_featured_media_url":"https:\/\/i0.wp.com\/www.bghaber.org\/bghaber\/wp-content\/uploads\/2013\/05\/19-mayis-2013-cebel-gunu.jpg?fit=600%2C450&ssl=1","jetpack_sharing_enabled":true,"jetpack_likes_enabled":true,"jetpack-related-posts":[],"jetpack_shortlink":"https:\/\/wp.me\/pc2PfJ-60I","_links":{"self":[{"href":"https:\/\/www.bghaber.org\/bghaber\/wp-json\/wp\/v2\/posts\/23108","targetHints":{"allow":["GET"]}}],"collection":[{"href":"https:\/\/www.bghaber.org\/bghaber\/wp-json\/wp\/v2\/posts"}],"about":[{"href":"https:\/\/www.bghaber.org\/bghaber\/wp-json\/wp\/v2\/types\/post"}],"author":[{"embeddable":true,"href":"https:\/\/www.bghaber.org\/bghaber\/wp-json\/wp\/v2\/users\/13"}],"replies":[{"embeddable":true,"href":"https:\/\/www.bghaber.org\/bghaber\/wp-json\/wp\/v2\/comments?post=23108"}],"version-history":[{"count":0,"href":"https:\/\/www.bghaber.org\/bghaber\/wp-json\/wp\/v2\/posts\/23108\/revisions"}],"wp:featuredmedia":[{"embeddable":true,"href":"https:\/\/www.bghaber.org\/bghaber\/wp-json\/wp\/v2\/media\/1742"}],"wp:attachment":[{"href":"https:\/\/www.bghaber.org\/bghaber\/wp-json\/wp\/v2\/media?parent=23108"}],"wp:term":[{"taxonomy":"category","embeddable":true,"href":"https:\/\/www.bghaber.org\/bghaber\/wp-json\/wp\/v2\/categories?post=23108"},{"taxonomy":"post_tag","embeddable":true,"href":"https:\/\/www.bghaber.org\/bghaber\/wp-json\/wp\/v2\/tags?post=23108"}],"curies":[{"name":"wp","href":"https:\/\/api.w.org\/{rel}","templated":true}]}}