{"id":23102,"date":"2017-05-20T22:19:05","date_gmt":"2017-05-20T19:19:05","guid":{"rendered":"http:\/\/www.bghaber.org\/bghaber\/?p=23102"},"modified":"2017-05-20T22:19:05","modified_gmt":"2017-05-20T19:19:05","slug":"karateci-sampiyonu-turkiye-misafir-etti","status":"publish","type":"post","link":"https:\/\/www.bghaber.org\/bghaber\/karateci-sampiyonu-turkiye-misafir-etti\/","title":{"rendered":"Karateci \u015eampiyonu T\u00fcrkiye Misafir Etti"},"content":{"rendered":"<p>D\u00fcnya Shotokan Fedarasyonu&#8217;nun d\u00fczenledi\u011fi ve \u00a0<a class=\"keyword-sd\" title=\"Bulgaristan\" href=\"https:\/\/www.sondakika.com\/bulgaristan\/\">Bulgaristan<\/a>&#8216; da yap\u0131lan &#8220;8th World Shotokan Karate Championships-Varna&#8221; \u015fampiyonas\u0131nda, d\u00fcnya \u015fampiyonu olan minik karateci Kaan Y\u00fcksel, \u00a0<a class=\"keyword-sd\" title=\"Fo\u00e7a\" href=\"https:\/\/www.sondakika.com\/foca\/\">Fo\u00e7a<\/a> \u00a0<a class=\"keyword-sd\" title=\"Belediye Ba\u015fkan\u0131 G\u00f6khan\" href=\"https:\/\/www.sondakika.com\/belediye-baskani-gokhan\/\">Belediye Ba\u015fkan\u0131 G\u00f6khan<\/a> Demira\u011f&#8217;\u0131 ziyaret etti. Ba\u015fkan Demira\u011f \u015fampiyon sporcuyu \u00f6d\u00fcllendirdi.<\/p>\n<p><img data-recalc-dims=\"1\" loading=\"lazy\" decoding=\"async\" class=\"alignleft\" src=\"https:\/\/i0.wp.com\/foto.sondakika.com\/haber\/2017\/05\/20\/baskan-demirag-karateci-sampiyonu-misafir-ett-9638923_o.jpg?resize=328%2C495&#038;ssl=1\" alt=\"Ba\u015fkan Demira\u011f, Karateci \u015eampiyonu Misafir Etti, System.String[]\" width=\"328\" height=\"495\" \/>Karate Antren\u00f6rleri \u00a0<a class=\"keyword-sd\" title=\"Taner Erol\" href=\"https:\/\/www.sondakika.com\/taner-erol\/\">Taner Erol<\/a> ve Kudret Y\u00fcksel&#8217; in deste\u011fiyle haz\u0131rlanan Kaan Y\u00fcksel,\u00a0ilk yurt d\u0131\u015f\u0131 turnuva deneyimi olmas\u0131na ra\u011fmen\u00a0Wsf D\u00fcnya Shotokan Karate turnuvas\u0131ndan ba\u015far\u0131l\u0131 bir tablo ile d\u00f6nd\u00fc. Kaan Y\u00fcksel \u015fampiyonadan WKF Kumite 6-7 Years Male +30 Kg Alt\u0131n Madalya\u00a0d\u00fcnya \u015fampiyonu Shobu Ippon 6-7 Years Male +30 Kg g\u00fcm\u00fc\u015f madalya\u00a0d\u00fcnya ikincili\u011fi, 6-7 Years Male Ind\u0131v\u0131dual Kata\u00a0bronz madalya\u00a0d\u00fcnya \u00fc\u00e7\u00fcnc\u00fcl\u00fc\u011f\u00fc ald\u0131.<\/p>\n<p>K\u00fc\u00e7\u00fck karatecinin antren\u00f6r\u00fc Kudret Y\u00fcksel de ziyarette, &#8220;Sporcumuz d\u00fcnyan\u0131n d\u00fcnyan\u0131n en \u00fcst \u00e7\u0131talar\u0131ndan biri olan alanda \u015fampiyon oldu. D\u00fcnya \u00e7ap\u0131nda ba\u015far\u0131m\u0131zda bize b\u00fcy\u00fck destek verdiniz. Bu ama\u00e7la yakalad\u0131\u011f\u0131m\u0131z ba\u015far\u0131m\u0131z\u0131 sizinle payla\u015fmak istedik&#8221; diye konu\u015ftu.<\/p>\n<p>Kaan Y\u00fcksel&#8217;in ba\u015far\u0131lar\u0131n\u0131 b\u00fcy\u00fck takdirle kar\u015f\u0131lad\u0131klar\u0131n\u0131 belirten \u00a0<a class=\"keyword-sd\" title=\"Fo\u00e7a\" href=\"https:\/\/www.sondakika.com\/foca\/\">Fo\u00e7a<\/a> \u00a0<a class=\"keyword-sd\" title=\"Belediye Ba\u015fkan\u0131 G\u00f6khan\" href=\"https:\/\/www.sondakika.com\/belediye-baskani-gokhan\/\">Belediye Ba\u015fkan\u0131 G\u00f6khan<\/a> Demira\u011f, minik karateciye ba\u015far\u0131lar diledi. Ba\u015fkan Demira\u011f, &#8216;&#8221;Spor ve sporcuya deste\u011fimiz her zaman devam edecektir. Gelece\u011fimiz \u00e7ocuklar\u0131m\u0131z ve gen\u00e7lerimiz, sporun verdi\u011fi \u00f6zg\u00fcven ve deste\u011fi ile hayata bak\u0131\u015flar\u0131n\u0131 geli\u015ftireceklerdir&#8221; dedi.<\/p>\n<div id=\"bghab-3070469621\" class=\"bghab-yazi-altinda bghab-entity-placement\"><div class=\"bghab-adlabel\">Reklamlar<\/div><script async src=\"https:\/\/pagead2.googlesyndication.com\/pagead\/js\/adsbygoogle.js\"><\/script>\r\n<!-- bghaber-yaz\u0131-sonu -->\r\n<ins class=\"adsbygoogle\"\r\n     style=\"display:block\"\r\n     data-ad-client=\"ca-pub-6203283170189293\"\r\n     data-ad-slot=\"4222328180\"\r\n     data-ad-format=\"auto\"\r\n     data-full-width-responsive=\"true\"><\/ins>\r\n<script>\r\n     (adsbygoogle = window.adsbygoogle || []).push({});\r\n<\/script><\/div><br style=\"clear: both; display: block; float: none;\"\/>","protected":false},"excerpt":{"rendered":"<p>D\u00fcnya Shotokan Fedarasyonu&#8217;nun d\u00fczenledi\u011fi ve \u00a0Bulgaristan&#8216; da yap\u0131lan &#8220;8th World Shotokan Karate Championships-Varna&#8221; \u015fampiyonas\u0131nda, d\u00fcnya \u015fampiyonu olan minik karateci Kaan Y\u00fcksel, \u00a0Fo\u00e7a \u00a0Belediye Ba\u015fkan\u0131 G\u00f6khan<\/p>\n","protected":false},"author":13,"featured_media":23103,"comment_status":"closed","ping_status":"closed","sticky":false,"template":"","format":"standard","meta":{"advanced_seo_description":"","jetpack_seo_html_title":"","jetpack_seo_noindex":false,"_jetpack_memberships_contains_paid_content":false,"footnotes":""},"categories":[10],"tags":[],"class_list":["post-23102","post","type-post","status-publish","format-standard","has-post-thumbnail","hentry","category-kultur-sanat"],"jetpack_featured_media_url":"https:\/\/i0.wp.com\/www.bghaber.org\/bghaber\/wp-content\/uploads\/2017\/05\/baskan-demirag-karateci-sampiyonu-misafir-ett-9638923_o.jpg?fit=636%2C960&ssl=1","jetpack_sharing_enabled":true,"jetpack_likes_enabled":true,"jetpack-related-posts":[],"jetpack_shortlink":"https:\/\/wp.me\/pc2PfJ-60C","_links":{"self":[{"href":"https:\/\/www.bghaber.org\/bghaber\/wp-json\/wp\/v2\/posts\/23102","targetHints":{"allow":["GET"]}}],"collection":[{"href":"https:\/\/www.bghaber.org\/bghaber\/wp-json\/wp\/v2\/posts"}],"about":[{"href":"https:\/\/www.bghaber.org\/bghaber\/wp-json\/wp\/v2\/types\/post"}],"author":[{"embeddable":true,"href":"https:\/\/www.bghaber.org\/bghaber\/wp-json\/wp\/v2\/users\/13"}],"replies":[{"embeddable":true,"href":"https:\/\/www.bghaber.org\/bghaber\/wp-json\/wp\/v2\/comments?post=23102"}],"version-history":[{"count":0,"href":"https:\/\/www.bghaber.org\/bghaber\/wp-json\/wp\/v2\/posts\/23102\/revisions"}],"wp:featuredmedia":[{"embeddable":true,"href":"https:\/\/www.bghaber.org\/bghaber\/wp-json\/wp\/v2\/media\/23103"}],"wp:attachment":[{"href":"https:\/\/www.bghaber.org\/bghaber\/wp-json\/wp\/v2\/media?parent=23102"}],"wp:term":[{"taxonomy":"category","embeddable":true,"href":"https:\/\/www.bghaber.org\/bghaber\/wp-json\/wp\/v2\/categories?post=23102"},{"taxonomy":"post_tag","embeddable":true,"href":"https:\/\/www.bghaber.org\/bghaber\/wp-json\/wp\/v2\/tags?post=23102"}],"curies":[{"name":"wp","href":"https:\/\/api.w.org\/{rel}","templated":true}]}}