{"id":23095,"date":"2017-05-20T21:24:15","date_gmt":"2017-05-20T18:24:15","guid":{"rendered":"http:\/\/www.bghaber.org\/bghaber\/?p=23095"},"modified":"2017-05-20T21:24:15","modified_gmt":"2017-05-20T18:24:15","slug":"kursuye-cikamadilar","status":"publish","type":"post","link":"https:\/\/www.bghaber.org\/bghaber\/kursuye-cikamadilar\/","title":{"rendered":"K\u00fcrs\u00fcye \u00c7\u0131kamad\u0131lar"},"content":{"rendered":"<p>\u0130brahim SOYT\u00dcRK<\/p>\n<p>Tarih: 20 May\u0131s 2017<\/p>\n<p>Konu:\u00a0\u00a0 <strong>Derde bak derde. \u00c7i\u00e7ekte tohum bitmez karde\u015fler! <\/strong><\/p>\n<p><strong>\u00a0\u00a0\u00a0\u00a0\u00a0\u00a0\u00a0\u00a0\u00a0\u00a0\u00a0\u00a0 Cebel anma t\u00f6renlerinden ders \u00e7\u0131karal\u0131m. <\/strong><strong>\u00a0<\/strong><\/p>\n<p>\u00d6l\u00fcme ba\u015f\u0131 dik beraber gidenler, nas\u0131l oldu da, Cebelde birbirine d\u00fc\u015ft\u00fcler!<\/p><div id=\"bghab-917867157\" class=\"bghab-icerik-icine bghab-entity-placement\"><script async src=\"\/\/pagead2.googlesyndication.com\/pagead\/js\/adsbygoogle.js?client=ca-pub-6203283170189293\" crossorigin=\"anonymous\"><\/script><ins class=\"adsbygoogle\" style=\"display:block; text-align:center;\" data-ad-client=\"ca-pub-6203283170189293\" \ndata-ad-slot=\"7303146466\" \ndata-ad-layout=\"in-article\"\ndata-ad-format=\"fluid\" data-full-width-responsive=\"true\"><\/ins>\n<script> \n(adsbygoogle = window.adsbygoogle || []).push({}); \n<\/script>\n<\/div>\n<p>Bin kere yazd\u0131k, anlatt\u0131k, y\u00fczlerine ba\u011f\u0131rd\u0131k. Halk\u0131m\u0131z dost elinden han\u00e7er yemeyi hak etmemi\u015ftir. Bu han\u00e7eri kald\u0131ran, sebebi ne olursa olsun, HA\u0130ND\u0130R.<\/p>\n<p>Bir g\u00fcn mutlaka hesap sorulacakt\u0131r.<\/p>\n<p>Bu y\u0131l Cebelin 19 May\u0131s meydan\u0131nda s\u0131ms\u0131k\u0131 s\u0131k\u0131lm\u0131\u015f ve sa\u011f kol boyunca g\u00f6\u011fe kalkm\u0131\u015f bir yumruk g\u00f6remedim. Bu i\u015fe yaln\u0131z ben de\u011fil, \u015fehitleri anma t\u00f6renini sab\u0131rs\u0131zl\u0131kla bekleyen menek\u015feli ye\u015fil Rodop da\u011flar\u0131 da \u015fa\u015fakald\u0131. Esen r\u00fczg\u00e2rda nas\u0131l olsa zamanla unutulur her \u015fey havas\u0131 vard\u0131. Rodop Da\u011flar\u0131n\u0131 inleten b\u00fcy\u00fck \u0130syan\u2019dan bir destan, bir derleme, bir uzun hikaye \u00e7\u0131kmas\u0131n\u0131 ba\u015far\u0131l\u0131 engelleyen gizli ajanlar miting meydan\u0131ndayd\u0131.<\/p>\n<p>Cebel mitinginde bu defa anma t\u00f6reni de\u011fil adeta cenaze havas\u0131 vard\u0131. Birlik ve beraberli\u011fimizi g\u00f6mmeye gelmi\u015flerdi. Yollar\u0131 kendilerinin sanan parlak ayakkab\u0131l\u0131lar l\u00fcks otomobillerden indiler. Ceplerine para koyduklar\u0131 tayfa arkalar\u0131ndayd\u0131. Cebel T\u00fcrkl\u00fck ve T\u00fcrkl\u00fc\u011fe ihanet edenlerin bulu\u015fma yerini and\u0131r\u0131yordu. Sinekkayd\u0131 t\u0131ra\u015fl\u0131 ta\u015f kafalar horoz d\u00f6v\u00fc\u015f\u00fc seyretmeye gelmi\u015flerdi.<\/p>\n<p>Meydan a\u011fa gibi b\u00f6b\u00fcrlenen L\u00fctfi Mestan ile Mustafa Karaday\u0131 CEBELDE 19 MAYIS 2017 \u015eEH\u0130TLER\u0130M\u0130Z\u0130 ANMA T\u00d6REN\u0130NDE K\u00dcRS\u00dcYE \u00c7IKMADILAR. DAHA DO\u011eRUSU \u00c7IKAMADILAR. Ayn\u0131 k\u00fcmesten iki horoz oldu\u011funu bilenler bu i\u015fe de ald\u0131r\u0131\u015f etmediler.<\/p><div id=\"bghab-766850068\" class=\"bghab-icerik-icine-10-paragraf bghab-entity-placement\"><script async src=\"\/\/pagead2.googlesyndication.com\/pagead\/js\/adsbygoogle.js?client=ca-pub-6203283170189293\" crossorigin=\"anonymous\"><\/script><ins class=\"adsbygoogle\" style=\"display:block; text-align:center;\" data-ad-client=\"ca-pub-6203283170189293\" \ndata-ad-slot=\"7303146466\" \ndata-ad-layout=\"in-article\"\ndata-ad-format=\"fluid\" data-full-width-responsive=\"true\"><\/ins>\n<script> \n(adsbygoogle = window.adsbygoogle || []).push({}); \n<\/script>\n<\/div>\n<p>Bir kar\u0131\u015f suratla, hi\u00e7 konu\u015fmadan, birbirinin y\u00fcz\u00fcne bakmadan, bir \u015farjl\u0131k liderlik pilleri s\u00f6nm\u00fc\u015f, enerjileri bitmi\u015f ortada kald\u0131lar. Patlam\u0131\u015f ampul gibiydiler. Ne \u0131\u015f\u0131k sa\u00e7acak birikim, ne yol g\u00f6sterecek \u00f6ng\u00f6r\u00fc, ne de s\u00f6yleyecek birka\u00e7 s\u00f6zleri vard\u0131. Selam verseler alacak kimse yoktu. \u0130syan kendi evlatlar\u0131n\u0131 yemi\u015f, yerinde sap \u00e7\u00f6p tak\u0131m\u0131 belirmi\u015fti.<\/p>\n<p>Sellerin, \u00e7\u00f6p tenekesinin etraf\u0131ndan toplad\u0131\u011f\u0131 ve doludizgin akarken fessiz p\u00fcsk\u00fcl gibi bat\u0131r\u0131p \u00e7\u0131kar\u0131p ta\u015f\u0131d\u0131\u011f\u0131 at\u0131klar gibi \u201cliderler\u201d co\u015fan insan seli i\u00e7inde kayboldular. Atas\u00f6z\u00fcm\u00fcz \u201c<strong>diken batt\u0131\u011f\u0131 yerden \u00e7\u0131kar<\/strong>\u201d der. B\u00fcy\u00fck \u0130syan Cebelde patlam\u0131\u015ft\u0131. Yeni bir sayfa a\u00e7\u0131lmak \u00fczere, onun da zaman\u0131 burada doldu ve kapand\u0131. T\u00fcrk\u00e7emiz i\u00e7in ayaklanm\u0131\u015ft\u0131k, k\u00fcrs\u00fcdeki Bulgarca \u00f6t\u00fcyordu. Davul zurna \u00e7als\u0131n dinleyelim, sazlar \u00e7als\u0131n mesh edelim desek, \u00e7alan kaba gaydayd\u0131.<\/p>\n<p>Hat\u0131rlayan hat\u0131rlad\u0131. O zaman, o isyan, polis, milis, ajan, m\u00fczevir, \u015fantajc\u0131 ve sahtek\u00e2r, tank top ve daha neler neler, ne varsa hepsini \u00f6n\u00fcne takm\u0131\u015f ve \u00e7\u00f6p \u0131rma\u011f\u0131na kakm\u0131\u015ft\u0131. Bizimki yerel bir depre\u015fme de\u011fildi. Yerel bir direni\u015f de denemez, bizimki Ulusal \u0130syand\u0131. Bulgaristan\u2019\u0131 topyek\u00fbn sarst\u0131. Hareket g\u00fcc\u00fc halkt\u0131. Binlerce tutuklunun arkada kalan k\u00f6zleriydi. \u015eu da\u011flar\u0131 renklendiren bin y\u0131ll\u0131k k\u00fclt\u00fcrel ge\u00e7mi\u015fin ya\u015fam hakk\u0131 i\u00e7in ba\u015fkald\u0131r\u0131\u015f\u0131yd\u0131. 1989\u2019da milli isyan\u0131m\u0131z b\u00fcy\u00fck bir \u00f6fke birikimiyle ans\u0131z\u0131n k\u00fckredi. Gen\u00e7lik at\u0131lganl\u0131\u011f\u0131nda ifade buldu. G\u00f6z\u00fcn\u00fc budaktan sak\u0131nmayanlar\u0131n cesaretinde alevlendi. \u00d6mr\u00fcn\u00fc tamamlam\u0131\u015f bask\u0131 ve ter\u00f6r rejimi halk toplulu\u011fumuzun kudretiyle tarih \u00e7\u00f6pl\u00fc\u011f\u00fcne itiliyordu. Bizim dedelerimiz, ana babalar\u0131m\u0131z, amca ve day\u0131lar\u0131m\u0131z Avrupa k\u0131tas\u0131nda hak ve \u00f6zg\u00fcrl\u00fck u\u011fruna ilk az\u0131nl\u0131k ayaklanmas\u0131n\u0131 hayata ge\u00e7irdiler. \u00d6z\u00fcnden olmayan ama ona dayat\u0131lmak istenen ne varsa denizin deli dalgalarla sahile \u00e7\u0131kard\u0131\u011f\u0131 gibi biz de \u00f6z\u00fcm\u00fcze d\u00f6nmek i\u00e7in isyan etmi\u015ftik. Ne yaz\u0131k ki y\u0131llar i\u00e7inde g\u00f6n\u00fcller yine buland\u0131. 19 May\u0131s 2017 bu bak\u0131ma bir hesapla\u015fma g\u00fcn\u00fc oldu. Kitle iki liderin ikisini de defterden sildi.<\/p>\n<p>Hi\u00e7 kimsenin hak ve \u00f6zg\u00fcrl\u00fck davam\u0131za ihanet etmeye hakk\u0131 yoktur!<\/p>\n<p>Hi\u00e7 kimsenin Bulgaristan T\u00fcrklerinin siyasi onuruna g\u00f6lge d\u00fc\u015f\u00fcrmeye hakk\u0131 yoktur.<\/p><div id=\"bghab-2168257002\" class=\"bghab-icerik-icine-15-paragraf bghab-entity-placement\"><script async src=\"\/\/pagead2.googlesyndication.com\/pagead\/js\/adsbygoogle.js?client=ca-pub-6203283170189293\" crossorigin=\"anonymous\"><\/script><ins class=\"adsbygoogle\" style=\"display:block; text-align:center;\" data-ad-client=\"ca-pub-6203283170189293\" \ndata-ad-slot=\"7303146466\" \ndata-ad-layout=\"in-article\"\ndata-ad-format=\"fluid\" data-full-width-responsive=\"true\"><\/ins>\n<script> \n(adsbygoogle = window.adsbygoogle || []).push({}); \n<\/script>\n<\/div>\n<p>Hi\u00e7 kimsenin halk\u0131m\u0131z\u0131n g\u00f6rd\u00fc\u011f\u00fc zulm\u00fc pazarlamaya hakk\u0131 yoktur!<\/p>\n<p>Hi\u00e7 kimsenin hak ve \u00f6zg\u00fcrl\u00fck u\u011fruna davam\u0131z\u0131 b\u00f6l\u00fcp par\u00e7alamaya hakk\u0131 yoktur!<\/p>\n<p>Hi\u00e7bir kimsenin \u015fehitlerimizin aziz hat\u0131ras\u0131yla alay etmeye hakk\u0131 yoktur!<\/p>\n<p>Hi\u00e7 kimsenin hi\u00e7 birimizin namusunu ve \u015ferefini satmaya hakk\u0131 yoktur!<\/p>\n<p>\u00c7i\u00e7ekte tohum bitmez. Beklenen g\u00fcn gelmi\u015ftir. Bulgaristan T\u00fcrkleri siyasi sahneye yeni bir co\u015fkuyla, yeni bir at\u0131l\u0131mla, yepyeni bir \u015fahlan\u0131\u015fla \u00e7\u0131kacakt\u0131r. Yeni g\u00fcn\u00fcn gereklerine uygun bir siyasi partiyle kavu\u015facakt\u0131r.<\/p><div id=\"bghab-2942568437\" class=\"bghab-icerik-icine-20-paragraf bghab-entity-placement\"><script async src=\"\/\/pagead2.googlesyndication.com\/pagead\/js\/adsbygoogle.js?client=ca-pub-6203283170189293\" crossorigin=\"anonymous\"><\/script><ins class=\"adsbygoogle\" style=\"display:block; text-align:center;\" data-ad-client=\"ca-pub-6203283170189293\" \ndata-ad-slot=\"7303146466\" \ndata-ad-layout=\"in-article\"\ndata-ad-format=\"fluid\" data-full-width-responsive=\"true\"><\/ins>\n<script> \n(adsbygoogle = window.adsbygoogle || []).push({}); \n<\/script>\n<\/div>\n<p>Hepsi ajan s\u00fcr\u00fcs\u00fcnden olan ve sat\u0131lm\u0131\u015f kar\u015f\u0131la\u015fma oynayan Ahmet Do\u011fan, Kas\u0131m Dal, L\u00fctfi Mestan ve Mustafa Karaday\u0131 i\u00e7in oyun bitmi\u015ftir. Seyirciler sahaya iniyor. Kaleciden de oyunculardan da, kaptan da hakemden de hesap sorulacakt\u0131r. Demokrasi bayra\u011f\u0131 dalgaland\u0131rd\u0131\u011f\u0131m\u0131z \u00fclkemizde fa\u015fizm kap\u0131 \u00e7alm\u0131yor, iktidar oldular. T\u00fcrkleri par\u00e7alad\u0131k ve birbirine d\u00fc\u015f\u00fcrd\u00fck diye bayram ediyorlar. Oysa Avrupa\u2019da fa\u015fizm 1945\u2019te yok edilmi\u015fti. \u00a0Bizde fa\u015fist ideoloji gece g\u00fcnd\u00fcz zorla kafam\u0131za sokulmak isteniyor. Memleketimizde gizli ve derin bir fa\u015fist \u00f6rg\u00fctlenme oldu\u011fu konu\u015fuluyor. 1990\u2019dan beri Berlin\u2019de yap\u0131lan Nazi bululma ne n\u00fcmayi\u015flerine \u201c<strong>siyah me\u015fin elbiseli<\/strong>\u201d Bulgar gen\u00e7lerin de kat\u0131ld\u0131\u011f\u0131 a\u00e7\u0131kland\u0131. Ba\u015fbakan Yard\u0131mc\u0131s\u0131 Valeri Simyonov\u2019un meclis k\u00fcrs\u00fcs\u00fcnde sa\u011f kolunu Naziler gibi kald\u0131r\u0131p \u201c<strong>Bulgaristan Her \u015feyin \u00dcst\u00fcnde<\/strong>!\u201d \u00e7\u0131\u011fl\u0131\u011f\u0131 atmas\u0131, unutulur gibi de\u011fildir. Bulgaristan\u2019da b\u00fct\u00fcn gen\u00e7leri sil\u00e2halt\u0131na toplama planlar\u0131 haz\u0131rlan\u0131yor. Bu bizim i\u00e7in zulm\u00fcn f\u0131\u015fk\u0131rmas\u0131 anlam\u0131na gelir ve vatan topra\u011f\u0131 hepimize bir daha dar gelebilir. Bu hafta, dosyac\u0131lar grubu, daha 1946\u2019da Bulgaristan\u2019daki T\u00fcrklerin bire kadar g\u00f6\u00e7e zorlanarak kovulmas\u0131 planlar\u0131n\u0131 a\u00e7\u0131klad\u0131. B\u00f6yle bir ortamda 19 May\u0131s Cebel anma t\u00f6renlerinde kaynat\u0131lan kazan\u0131n daha iyi anlamaya \u00e7al\u0131\u015f\u0131n l\u00fctfen!<\/p>\n<p>Bu bak\u0131ma T\u00fcrkiye Cumhuriyeti y\u00f6netiminin de uyanmas\u0131 ka\u00e7\u0131n\u0131lmaz ve zorunlu olmu\u015ftur. Avrupa k\u0131tas\u0131nda, az\u0131nl\u0131klar\u0131n bulunduklar\u0131 \u00fclkelerde huzur i\u00e7inde ya\u015famalar\u0131; \u00a0T\u00fcrk dil ve k\u00fclt\u00fcr\u00fcn\u00fc savunan bir kanun kabul edilmesi ve farkl\u0131l\u0131\u011f\u0131m\u0131z\u0131 savunma zaman\u0131 gelmi\u015f de ge\u00e7mi\u015ftir. Farkl\u0131l\u0131klar\u0131n b\u00fct\u00fcn\u00fcnden do\u011fan yeni bir uygarl\u0131ktan s\u00f6z eden eski k\u0131ta bunlar\u0131 \u00a0kabul etmelidir. Bu yasalar Bulgaristan\u2019da \u00f6zellikle uygulanmal\u0131, dil, din, geleneklerimizle ya\u015famam\u0131z g\u00fcvence alt\u0131na al\u0131nmal\u0131, \u00f6zg\u00fcn k\u00fclt\u00fcrel haklar\u0131m\u0131z me\u015fru ya\u015fam hakk\u0131 olmal\u0131d\u0131r. Uluslar aras\u0131 diplomas\u0131n\u0131n ve Avrupa demokratik kamuoyunun 1989 May\u0131s \u0130syan\u0131m\u0131zda bizimle oldu\u011fu gibi bug\u00fcn de bizi destekleyece\u011fine inanmak istiyorum. Bu zorunlu durum, \u0130nsan Boyutlar\u0131 Konferans\u0131 AG\u0130T g\u00fcndemine ta\u015f\u0131nmal\u0131, Helsinki \u0130nsan Haklar\u0131 Konferans\u0131 g\u00fcndeminden ise asla inmemelidir.<\/p>\n<p>Cebel meydan\u0131 bir kavga meydan\u0131d\u0131r. Bizimki b\u00fcy\u00fck bir kavgad\u0131r. Kimlik kavgam\u0131z, k\u00fclt\u00fcr haklar\u0131 kavgam\u0131z, okul kavgam\u0131z, anadil kavgam\u0131z vb ayn\u0131 dev kavga a\u011fac\u0131m\u0131zdan dallard\u0131r. \u00a0Horoz g\u00fcre\u015fi seyretmeye gelenleri saflar\u0131m\u0131zdan kabul edemeyiz. 19 May\u0131s\u2019in ikindi saatlerinde o meydandakilerin g\u00f6zlerinde DOST ve H\u00d6H liderlerinin cenazeleri kalk\u0131yordu. Matem t\u00f6renlerinde kiliselerde mum yak\u0131ld\u0131\u011f\u0131n\u0131 bilenler, \u015funlar biraz biraz bizden olmu\u015ftur umuduyla mum yanmas\u0131n\u0131 beklediler. Mum yak\u0131lmad\u0131. Cenaze yeri kavga alan\u0131na d\u00f6nd\u00fc. Halk\u0131n ruhu yeniden do\u011farken etraf ayd\u0131nd\u0131.\u00a0 G\u00f6zler parlakt\u0131. B\u00fck\u00fclmez ve yenilmez irademiz dimdikti. G\u00fcne\u015f yeni bir do\u011fu\u015fu kutluyordu.<\/p>\n<p>19 May\u0131s, \u015fehitleri anma, birlik ve beraberli\u011fi peki\u015ftirme g\u00fcn\u00fcm\u00fczd\u00fcr. Bayramlar\u0131n b\u00fcy\u00fckl\u00fc\u011f\u00fc sallanan bayraklarla, okunan nutuklarla \u00f6l\u00e7\u00fclmez. 1989 May\u0131s\u0131nda bayra\u011f\u0131m\u0131z yoktu. Kimse nutuk da \u00e7ekmedi. Ama h\u0131n\u00e7 patlamas\u0131 ya\u015fand\u0131. Bulgaristan sars\u0131ld\u0131. O g\u00fcn orada Bulgar devleti, Bulgaristan Kom\u00fcnist Partisi ve yerel idare ile T\u00fcrk halk\u0131n\u0131n, Bulgaristan M\u00fcsl\u00fcmanl\u0131\u011f\u0131n\u0131n aras\u0131 \u00f6yle a\u00e7\u0131ld\u0131 ki, 28 y\u0131ldan beri kapanmad\u0131. Devlet ve halk\u0131n b\u00f6l\u00fcnm\u00fc\u015fl\u00fc\u011f\u00fcn\u00fc bizde mayalanamayan demokrasi de kapatamad\u0131. D\u00fc\u015fman \u015fimdi \u00e7areyi bizi birbirimize d\u00fc\u015f\u00fcrmekte buldu. \u201c<strong>Ay\u0131r buyur<\/strong>\u201d takti\u011fi uyguluyor. Kar\u015f\u0131m\u0131za dikilmi\u015f, kendini lider sayanlar da oyuna geliyor. Bu \u00e7uval silk ilmelidir.<\/p>\n<p>L\u00fctfi Mestan sinsili\u011finin hesab\u0131n\u0131 asla veremez.\u00a0 19 May\u0131sta Bulgar bas\u0131n\u0131, radyo ve TV programlar\u0131 sustu. \u201cCebel\u201d s\u00f6z\u00fcn\u00fc aza almay\u0131 yasaklayan h\u00fck\u00fcmet emri var gibiydi. \u015eehitler, totaliter rejim zulm\u00fc, bask\u0131, ter\u00f6r, tutuklamalar, y\u0131k\u0131lan mezar ta\u015flar\u0131,\u00a0 yar\u0131m milyon karde\u015fimizin vatan topra\u011f\u0131m\u0131zdan kovulmas\u0131, \u00e7ekilen \u00e7ileler, Bulgaristan tarihinde ilk muzaffer T\u00fcrk isyan\u0131, t\u00fcm demokratik d\u00fcnyan\u0131n g\u00f6z\u00fcnde ayaklanman\u0131n hakl\u0131 olu\u015fumuzdan \u00e7\u0131t yok. Avrupa\u2019n\u0131n 1990\u2019da demokratikle\u015fmesinde ve \u201c<strong>So\u011fuk Sava\u015f\u0131n<\/strong>\u201d g\u00f6m\u00fclmesinde, diktat\u00f6r T. Jivkov\u2019un devrilmesinde Bulgaristan T\u00fcrklerinin oynad\u0131\u011f\u0131 rolden s\u00f6z bile edilmedi. Bulgaristan\u2019da demokratikle\u015fme kap\u0131s\u0131n\u0131 a\u00e7an kitle eyleminin Cebel\u2019de ba\u015flad\u0131\u011f\u0131 unutturulmak istendi. \u0130\u015f Mastanlar Karaday\u0131lar horoz \u00e7eki\u015fmesine indirgendi.<\/p><div id=\"bghab-1397583204\" class=\"bghab-icerik-icine-25-paragraf bghab-entity-placement\"><script async src=\"\/\/pagead2.googlesyndication.com\/pagead\/js\/adsbygoogle.js?client=ca-pub-6203283170189293\" crossorigin=\"anonymous\"><\/script><ins class=\"adsbygoogle\" style=\"display:block; text-align:center;\" data-ad-client=\"ca-pub-6203283170189293\" \ndata-ad-slot=\"7303146466\" \ndata-ad-layout=\"in-article\"\ndata-ad-format=\"fluid\" data-full-width-responsive=\"true\"><\/ins>\n<script> \n(adsbygoogle = window.adsbygoogle || []).push({}); \n<\/script>\n<\/div>\n<p>Bu defa halk\u0131m\u0131z kararl\u0131d\u0131r. K\u00fcrs\u00fcden ine de bir daha k\u00fcrs\u00fcde yer yok. Eskiden de \u00f6yleydi, ajanl\u0131ktan at\u0131lan bir daha ajan olamaz ve s\u00fcr\u00fcn\u00fcrd\u00fc. BKP\u2019den at\u0131lan da bir daha kom\u00fcnist olamazd\u0131, s\u00fcr\u00fcnd\u00fck\u00e7e s\u00fcr\u00fcn\u00fcrd\u00fc. Biz de b\u00f6yle bir parti kurmal\u0131y\u0131z. Hainlere yer yok! En cesur, en y\u00fcrekli, en bilin\u00e7li, T\u00fcrkl\u00fck u\u011fruna can feda etmeye haz\u0131r kitleye dayanan bir kadro partisi\u2026<\/p>\n<p>L\u00fctfen payla\u015f\u0131n\u0131z.<\/p>\n<div id=\"bghab-4260998192\" class=\"bghab-yazi-altinda bghab-entity-placement\"><div class=\"bghab-adlabel\">Reklamlar<\/div><script async src=\"https:\/\/pagead2.googlesyndication.com\/pagead\/js\/adsbygoogle.js\"><\/script>\r\n<!-- bghaber-yaz\u0131-sonu -->\r\n<ins class=\"adsbygoogle\"\r\n     style=\"display:block\"\r\n     data-ad-client=\"ca-pub-6203283170189293\"\r\n     data-ad-slot=\"4222328180\"\r\n     data-ad-format=\"auto\"\r\n     data-full-width-responsive=\"true\"><\/ins>\r\n<script>\r\n     (adsbygoogle = window.adsbygoogle || []).push({});\r\n<\/script><\/div><br style=\"clear: both; display: block; float: none;\"\/>","protected":false},"excerpt":{"rendered":"<p>\u0130brahim SOYT\u00dcRK Tarih: 20 May\u0131s 2017 Konu:\u00a0\u00a0 Derde bak derde. \u00c7i\u00e7ekte tohum bitmez karde\u015fler! \u00a0\u00a0\u00a0\u00a0\u00a0\u00a0\u00a0\u00a0\u00a0\u00a0\u00a0\u00a0 Cebel anma t\u00f6renlerinden ders \u00e7\u0131karal\u0131m. \u00a0 \u00d6l\u00fcme ba\u015f\u0131 dik beraber<\/p>\n","protected":false},"author":13,"featured_media":15883,"comment_status":"closed","ping_status":"closed","sticky":false,"template":"","format":"standard","meta":{"advanced_seo_description":"","jetpack_seo_html_title":"","jetpack_seo_noindex":false,"_jetpack_memberships_contains_paid_content":false,"footnotes":""},"categories":[6],"tags":[],"class_list":["post-23095","post","type-post","status-publish","format-standard","has-post-thumbnail","hentry","category-yorum"],"jetpack_featured_media_url":"https:\/\/i0.wp.com\/www.bghaber.org\/bghaber\/wp-content\/uploads\/2015\/08\/ibo-soyt.jpg?fit=426%2C492&ssl=1","jetpack_sharing_enabled":true,"jetpack_likes_enabled":true,"jetpack-related-posts":[],"jetpack_shortlink":"https:\/\/wp.me\/pc2PfJ-60v","_links":{"self":[{"href":"https:\/\/www.bghaber.org\/bghaber\/wp-json\/wp\/v2\/posts\/23095","targetHints":{"allow":["GET"]}}],"collection":[{"href":"https:\/\/www.bghaber.org\/bghaber\/wp-json\/wp\/v2\/posts"}],"about":[{"href":"https:\/\/www.bghaber.org\/bghaber\/wp-json\/wp\/v2\/types\/post"}],"author":[{"embeddable":true,"href":"https:\/\/www.bghaber.org\/bghaber\/wp-json\/wp\/v2\/users\/13"}],"replies":[{"embeddable":true,"href":"https:\/\/www.bghaber.org\/bghaber\/wp-json\/wp\/v2\/comments?post=23095"}],"version-history":[{"count":0,"href":"https:\/\/www.bghaber.org\/bghaber\/wp-json\/wp\/v2\/posts\/23095\/revisions"}],"wp:featuredmedia":[{"embeddable":true,"href":"https:\/\/www.bghaber.org\/bghaber\/wp-json\/wp\/v2\/media\/15883"}],"wp:attachment":[{"href":"https:\/\/www.bghaber.org\/bghaber\/wp-json\/wp\/v2\/media?parent=23095"}],"wp:term":[{"taxonomy":"category","embeddable":true,"href":"https:\/\/www.bghaber.org\/bghaber\/wp-json\/wp\/v2\/categories?post=23095"},{"taxonomy":"post_tag","embeddable":true,"href":"https:\/\/www.bghaber.org\/bghaber\/wp-json\/wp\/v2\/tags?post=23095"}],"curies":[{"name":"wp","href":"https:\/\/api.w.org\/{rel}","templated":true}]}}