{"id":23083,"date":"2017-05-19T16:37:06","date_gmt":"2017-05-19T13:37:06","guid":{"rendered":"http:\/\/www.bghaber.org\/bghaber\/?p=23083"},"modified":"2019-07-21T13:09:08","modified_gmt":"2019-07-21T11:09:08","slug":"tdgf-turk-dunyasi-belgesel-2-film-festivali-istanbulda","status":"publish","type":"post","link":"https:\/\/www.bghaber.org\/bghaber\/tdgf-turk-dunyasi-belgesel-2-film-festivali-istanbulda\/","title":{"rendered":"TDGF T\u00fcrk D\u00fcnyas\u0131 Belgesel 2.Film Festivali \u0130stanbul&#8217;da"},"content":{"rendered":"<h2>T\u00fcrk D\u00fcnyas\u0131 Gazeteciler Federasyonun(TDGF) organize etti\u011fi T\u00fcrk D\u00fcnyas\u0131 2. Belgesel Film Festivali ve Yar\u0131\u015fmas\u0131 Bas\u0131n Toplant\u0131s\u0131 \u0130stanbul &#8211; Beyo\u011flu`Grand De Pera Hotel `de yap\u0131ld\u0131.<\/h2>\n<p><img data-recalc-dims=\"1\" loading=\"lazy\" decoding=\"async\" class=\"\" src=\"https:\/\/i0.wp.com\/www.bghaber.org\/bghaber\/wp-content\/uploads\/2017\/05\/film-ist.jpg?resize=640%2C211\" width=\"640\" height=\"211\" \/>T\u00fcrk D\u00fcnyas\u0131 Gazeteciler Federasyonu Genel Ba\u015fkan\u0131 Menderes Demir Ba\u015fkanl\u0131\u011f\u0131nda yap\u0131lan toplant\u0131ya kat\u0131l\u0131mc\u0131lar aras\u0131nda TDGF kurucu ba\u015fkan\u0131 Y\u0131lmaz Karaca, \u00a0ASGD Genel ba\u015fkan\u0131 \u0130brahim Erdo\u011fan,T\u00fcrk D\u00fcnyas\u0131 Belgesel TV Program yap\u0131mc\u0131s\u0131 \u0130smail Kahraman, Kanal 34 Tv Y\u00f6netim kurulu ba\u015fkan\u0131 Adil Ko\u00e7alan, Bulgaristan T\u00fcrkleri K\u00fclt\u00fcr ve Hizmet Derne\u011fi (Bult\u00fcrk) Ba\u015fkan\u0131 Rafet Ulut\u00fcrk, Bayrampa\u015fa Haber Gazetesi Sahibi Yazar Y\u0131lmaz Birinci, Yap\u0131mc\u0131 Mehmet Ali Nalbant, Y\u00f6netmen Murat Uygur, Ara\u015ft\u0131rmac\u0131 Yazar Vadullah Ta\u015f,\u2019\u0131n da aralar\u0131nda bulundu\u011fu bir \u00e7ok T\u00fcrk d\u00fcnyas\u0131 sevdal\u0131s\u0131 STK temsilcileri yer ald\u0131.<br \/>\nFestival ve Yar\u0131\u015fma ile ilgili Y\u00fcr\u00fctme Kurulu Ba\u015fkan\u0131 Menderes DEM\u0130R&#8217;in a\u00e7\u0131klamas\u0131; \u201c T\u00fcrk D\u00fcnyas\u0131 Gazeteciler Federasyonu olarak ilkini 2016 y\u0131l\u0131nda 5 \u00fclke 7 g\u00f6sterim 1 festival \u015feklinde ger\u00e7ekle\u015ftirdi\u011fimiz T\u00fcrk D\u00fcnyas\u0131 Belgesel Film Festivali ve Yar\u0131\u015fmas\u0131n\u0131n ikincisini yap\u0131yoruz.\u00a0Gala ve \u00f6d\u00fcl t\u00f6reninin \u0130stanbul\u2019da olaca\u011f\u0131 7 \u00fclke 18 g\u00f6sterim olarak planlad\u0131\u011f\u0131m\u0131z T\u00fcrk D\u00fcnyas\u0131 2.Belgesel Film Festivali ve Yar\u0131\u015fmas\u0131n\u0131n m\u00fcracaatlar\u0131 17 Nisan 2017 tarihinde federasyonumuz genel merkezimizde ba\u015flad\u0131.<br \/>\n18 A\u011fustos 2017 tarihine kadar m\u00fcracaatlar\u0131 kabul edece\u011fimiz yar\u0131\u015fman\u0131n ge\u00e7ti\u011fimiz y\u0131ldan bu y\u0131l farkl\u0131 olarak yar\u0131\u015fmay\u0131 profesyonel ve \u00f6\u011frenci kategorisi olarak ikiye ay\u0131rd\u0131k. Bu y\u0131lki konusu da ge\u00e7ti\u011fimiz y\u0131lda<br \/>\noldu\u011fu gibi \u201c T\u00fcrk K\u00fclt\u00fcr\u00fc ve T\u00fcrk\u00fcn D\u00fcnyaya Bak\u0131\u015f A\u00e7\u0131s\u0131\u201d olacakt\u0131r. Festivale m\u00fcracaat eden filmlerimizin \u00f6n se\u00e7ici kurulu proje orta\u011f\u0131m\u0131z olan 6 T\u00fcrk Cumhuriyeti \u00dcniversitelerinden Radyo Televizyon B\u00f6l\u00fcm\u00fc konusunun uzman\u0131 olan \u00f6\u011fretim elamanlar\u0131ndan olu\u015facakt\u0131r. Se\u00e7ici kurul m\u00fcracaat eden filmleri on ikiye d\u00fc\u015f\u00fcrecektir. Bu filmler 27-30 Eyl\u00fcl 2017 tarihleri aras\u0131nda yap\u0131lacakt\u0131r. Gala \u00f6d\u00fcl t\u00f6reni \u00f6\u011frenci bulu\u015fmas\u0131 filim at\u00f6lyesi T\u00fcrk D\u00fcnyas\u0131 yap\u0131mc\u0131lar\u0131 \u00e7al\u0131\u015ftay\u0131ndan sonra yine 7 T\u00fcrk Cumhuriyetinde olu\u015fan j\u00fcri \u00fcyelerimiz ilk \u00fc\u00e7 ve di\u011fer \u00f6d\u00fcl alan filmleri belirleyecektir.<br \/>\nBelirlenen bu filmlerin gala ve \u00f6d\u00fcl t\u00f6reni devlet b\u00fcy\u00fcklerimizin, sinemac\u0131, belgeselci, sanat k\u00fclt\u00fcr adam\u0131 ve halk\u0131m\u0131z\u0131n kat\u0131l\u0131m\u0131 ile sahiplerini bulacakt\u0131r.<\/p>\n<p>Bu kapsamda T\u00fcrkiye\u2019de \u0130stanbul, Ni\u011fde \u00d6mer Halisdemir, Marmara ( T\u00fcrkiyat Ara\u015ft\u0131rma Enstit\u00fcs\u00fc) Kuzey K\u0131br\u0131s T\u00fcrkiye Cumhuriyeti Do\u011fu Akdeniz \u00dcniversitesi, Azerbaycan Bak\u00fc \u2013 Devlet \u00dcniversitesi, Kazakistan \u2013 Alfarabi, K\u0131rg\u0131siztan \u2013 K\u0131rg\u0131siztan &#8211; T\u00fcrkmanas \u00dcniversitesi, Bosna Hersek \u00dcniversitelerinin proje ortakl\u0131\u011f\u0131 ile g\u00f6sterimlere sunulacakt\u0131r.<\/p>\n<p><img data-recalc-dims=\"1\" loading=\"lazy\" decoding=\"async\" class=\"\" src=\"https:\/\/i0.wp.com\/www.bghaber.org\/bghaber\/wp-content\/uploads\/2017\/05\/film-2-ist.jpg?resize=640%2C255\" width=\"640\" height=\"255\" \/><\/p>\n<p><img data-recalc-dims=\"1\" decoding=\"async\" src=\"https:\/\/i0.wp.com\/www.bghaber.org\/bghaber\/wp-content\/uploads\/2017\/05\/menderes.jpg?w=640\" \/><\/p>\n<h2>T\u00fcrk D\u00fcnyas\u0131 Gazeteciler Federasyonun(TDGF) Genel Ba\u015fkan\u0131 Menderes DEM\u0130R&#8217;e BULT\u00dcRK Genel Ba\u015fkan\u0131 Rafet Ulut\u00fcrk kitab\u0131n\u0131 takdim ederken.<\/h2>\n<div id=\"bghab-2085378562\" class=\"bghab-yazi-altinda bghab-entity-placement\"><div class=\"bghab-adlabel\">Reklamlar<\/div><script async src=\"https:\/\/pagead2.googlesyndication.com\/pagead\/js\/adsbygoogle.js\"><\/script>\r\n<!-- bghaber-yaz\u0131-sonu -->\r\n<ins class=\"adsbygoogle\"\r\n     style=\"display:block\"\r\n     data-ad-client=\"ca-pub-6203283170189293\"\r\n     data-ad-slot=\"4222328180\"\r\n     data-ad-format=\"auto\"\r\n     data-full-width-responsive=\"true\"><\/ins>\r\n<script>\r\n     (adsbygoogle = window.adsbygoogle || []).push({});\r\n<\/script><\/div><br style=\"clear: both; display: block; float: none;\"\/>","protected":false},"excerpt":{"rendered":"<p>T\u00fcrk D\u00fcnyas\u0131 Gazeteciler Federasyonun(TDGF) organize etti\u011fi T\u00fcrk D\u00fcnyas\u0131 2. Belgesel Film Festivali ve Yar\u0131\u015fmas\u0131 Bas\u0131n Toplant\u0131s\u0131 \u0130stanbul &#8211; Beyo\u011flu`Grand De Pera Hotel `de yap\u0131ld\u0131. T\u00fcrk<\/p>\n","protected":false},"author":13,"featured_media":23085,"comment_status":"closed","ping_status":"closed","sticky":false,"template":"","format":"standard","meta":{"advanced_seo_description":"","jetpack_seo_html_title":"","jetpack_seo_noindex":false,"_jetpack_memberships_contains_paid_content":false,"footnotes":""},"categories":[4],"tags":[2197,562],"class_list":["post-23083","post","type-post","status-publish","format-standard","has-post-thumbnail","hentry","category-siyaset","tag-belgesel","tag-turk-dunyasi"],"jetpack_featured_media_url":"https:\/\/i0.wp.com\/www.bghaber.org\/bghaber\/wp-content\/uploads\/2017\/05\/film-ist.jpg?fit=848%2C280&ssl=1","jetpack_sharing_enabled":true,"jetpack_likes_enabled":true,"jetpack-related-posts":[],"jetpack_shortlink":"https:\/\/wp.me\/pc2PfJ-60j","_links":{"self":[{"href":"https:\/\/www.bghaber.org\/bghaber\/wp-json\/wp\/v2\/posts\/23083","targetHints":{"allow":["GET"]}}],"collection":[{"href":"https:\/\/www.bghaber.org\/bghaber\/wp-json\/wp\/v2\/posts"}],"about":[{"href":"https:\/\/www.bghaber.org\/bghaber\/wp-json\/wp\/v2\/types\/post"}],"author":[{"embeddable":true,"href":"https:\/\/www.bghaber.org\/bghaber\/wp-json\/wp\/v2\/users\/13"}],"replies":[{"embeddable":true,"href":"https:\/\/www.bghaber.org\/bghaber\/wp-json\/wp\/v2\/comments?post=23083"}],"version-history":[{"count":0,"href":"https:\/\/www.bghaber.org\/bghaber\/wp-json\/wp\/v2\/posts\/23083\/revisions"}],"wp:featuredmedia":[{"embeddable":true,"href":"https:\/\/www.bghaber.org\/bghaber\/wp-json\/wp\/v2\/media\/23085"}],"wp:attachment":[{"href":"https:\/\/www.bghaber.org\/bghaber\/wp-json\/wp\/v2\/media?parent=23083"}],"wp:term":[{"taxonomy":"category","embeddable":true,"href":"https:\/\/www.bghaber.org\/bghaber\/wp-json\/wp\/v2\/categories?post=23083"},{"taxonomy":"post_tag","embeddable":true,"href":"https:\/\/www.bghaber.org\/bghaber\/wp-json\/wp\/v2\/tags?post=23083"}],"curies":[{"name":"wp","href":"https:\/\/api.w.org\/{rel}","templated":true}]}}